{"id":11919,"date":"2021-05-26T15:03:00","date_gmt":"2021-05-26T13:03:00","guid":{"rendered":"https:\/\/www.camping-baden.com\/vakantieverhuur-en-kamperen-buiten-het-seizoen\/"},"modified":"2024-11-11T09:28:22","modified_gmt":"2024-11-11T08:28:22","slug":"vakantieverhuur-en-kamperen-buiten-het-seizoen","status":"publish","type":"post","link":"https:\/\/www.camping-baden.com\/nl\/vakantieverhuur-en-kamperen-buiten-het-seizoen\/","title":{"rendered":"Vakantieverhuur en kamperen buiten het seizoen"},"content":{"rendered":"\n<div id=\"ls-heading ls-titre-div-block_a177c23d6066fd878dacb465675422ba\" class=\"ls-titre-div aligncenter h2-like has-text-color has-color-2-color\" >\n    Neem een pauze voor de zomer!<\/div>\n\n<h2 class=\"ls__heading wp-block-heading\">Profiteer in juni van de aantrekkelijke prijzen om er voor de zomer even tussenuit te gaan in de Golf van Morbihan!<\/h2>\n\n<p class=\"ls-paragraph\"><br\/>R<strong>eserveer uw huuraccommodatie, g\u00eete of kampeerplaats voor een week, een weekend of een midweek.<\/strong> Op het landgoed van Man\u00e9 Guernehu\u00e9 kunt u gebruikmaken van de volgende diensten: restaurant, afhaalmaaltijden, kruidenierswinkel, manege, waterpark, schoonheidsbehandelingen, activiteiten, animatie&#8230;<\/p>\n\n<div class=\"wp-block-columns is-layout-flex wp-container-core-columns-is-layout-9d6595d7 wp-block-columns-is-layout-flex\">\n<div class=\"wp-block-column is-layout-flow wp-block-column-is-layout-flow\">\n<figure class=\"wp-block-gallery has-nested-images columns-default is-cropped wp-block-gallery-1 is-layout-flex wp-block-gallery-is-layout-flex\">\n<figure class=\"wp-block-image size-large\"><a href=\"https:\/\/www.camping-baden.com\/wp-content\/uploads\/2021\/05\/Vite-un-Break-avant-la-saison-800px-min.webp\"><img decoding=\"async\" width=\"800\" height=\"533\" data-id=\"1383\" src=\"https:\/\/www.camping-baden.com\/wp-content\/uploads\/2021\/05\/Vite-un-Break-avant-la-saison-800px-min.webp\" alt=\"Snelle pauze voor het seizoen px min\" class=\"wp-image-1383\" srcset=\"https:\/\/www.camping-baden.com\/wp-content\/uploads\/2021\/05\/Vite-un-Break-avant-la-saison-800px-min.webp 800w, https:\/\/www.camping-baden.com\/wp-content\/uploads\/2021\/05\/Vite-un-Break-avant-la-saison-800px-min-300x200.webp 300w, https:\/\/www.camping-baden.com\/wp-content\/uploads\/2021\/05\/Vite-un-Break-avant-la-saison-800px-min-768x512.webp 768w\" sizes=\"(max-width: 800px) 100vw, 800px\" \/><\/a><figcaption class=\"wp-element-caption\">Neem een pauze voor de zomer op Domaine Man\u00e9 Guernehu\u00e9!<\/figcaption><\/figure>\n\n\n\n<figure class=\"wp-block-image size-large\"><a href=\"https:\/\/www.camping-baden.com\/wp-content\/uploads\/2021\/05\/patio-terrasse-800px-1.webp\"><img decoding=\"async\" width=\"800\" height=\"533\" data-id=\"1339\" src=\"https:\/\/www.camping-baden.com\/wp-content\/uploads\/2021\/05\/patio-terrasse-800px-1.webp\" alt=\"terras terras px\" class=\"wp-image-1339\" srcset=\"https:\/\/www.camping-baden.com\/wp-content\/uploads\/2021\/05\/patio-terrasse-800px-1.webp 800w, https:\/\/www.camping-baden.com\/wp-content\/uploads\/2021\/05\/patio-terrasse-800px-1-300x200.webp 300w, https:\/\/www.camping-baden.com\/wp-content\/uploads\/2021\/05\/patio-terrasse-800px-1-768x512.webp 768w\" sizes=\"(max-width: 800px) 100vw, 800px\" \/><\/a><figcaption class=\"wp-element-caption\">De Patio 4 bloemen cottage en zijn terras<\/figcaption><\/figure>\n\n\n\n<figure class=\"wp-block-image size-large\"><a href=\"https:\/\/www.camping-baden.com\/wp-content\/uploads\/2021\/05\/villa-de-la-plage-exterieur-piscine-800px-min.webp\"><img decoding=\"async\" width=\"800\" height=\"569\" data-id=\"1375\" src=\"https:\/\/www.camping-baden.com\/wp-content\/uploads\/2021\/05\/villa-de-la-plage-exterieur-piscine-800px-min.webp\" alt=\"villa de la plage buitenzwembad px min\" class=\"wp-image-1375\" srcset=\"https:\/\/www.camping-baden.com\/wp-content\/uploads\/2021\/05\/villa-de-la-plage-exterieur-piscine-800px-min.webp 800w, https:\/\/www.camping-baden.com\/wp-content\/uploads\/2021\/05\/villa-de-la-plage-exterieur-piscine-800px-min-300x213.webp 300w, https:\/\/www.camping-baden.com\/wp-content\/uploads\/2021\/05\/villa-de-la-plage-exterieur-piscine-800px-min-768x546.webp 768w\" sizes=\"(max-width: 800px) 100vw, 800px\" \/><\/a><figcaption class=\"wp-element-caption\">Villa de la Plage met zwembad<\/figcaption><\/figure>\n\n\n\n<figure class=\"wp-block-image size-large\"><a href=\"https:\/\/www.camping-baden.com\/wp-content\/uploads\/2021\/05\/Gites-de-meridadec-800px.webp\"><img decoding=\"async\" width=\"800\" height=\"533\" data-id=\"1323\" src=\"https:\/\/www.camping-baden.com\/wp-content\/uploads\/2021\/05\/Gites-de-meridadec-800px.webp\" alt=\"Gites de meridadec px\" class=\"wp-image-1323\" srcset=\"https:\/\/www.camping-baden.com\/wp-content\/uploads\/2021\/05\/Gites-de-meridadec-800px.webp 800w, https:\/\/www.camping-baden.com\/wp-content\/uploads\/2021\/05\/Gites-de-meridadec-800px-300x200.webp 300w, https:\/\/www.camping-baden.com\/wp-content\/uploads\/2021\/05\/Gites-de-meridadec-800px-768x512.webp 768w\" sizes=\"(max-width: 800px) 100vw, 800px\" \/><\/a><figcaption class=\"wp-element-caption\">Authentieke g\u00eetes M\u00e9riadec<\/figcaption><\/figure>\n\n\n\n<figure class=\"wp-block-image size-large\"><a href=\"https:\/\/www.camping-baden.com\/wp-content\/uploads\/2021\/05\/emplacement-camping-car-4-800px.webp\"><img decoding=\"async\" width=\"800\" height=\"539\" data-id=\"1311\" src=\"https:\/\/www.camping-baden.com\/wp-content\/uploads\/2021\/05\/emplacement-camping-car-4-800px.webp\" alt=\"camping auto px\" class=\"wp-image-1311\" srcset=\"https:\/\/www.camping-baden.com\/wp-content\/uploads\/2021\/05\/emplacement-camping-car-4-800px.webp 800w, https:\/\/www.camping-baden.com\/wp-content\/uploads\/2021\/05\/emplacement-camping-car-4-800px-300x202.webp 300w, https:\/\/www.camping-baden.com\/wp-content\/uploads\/2021\/05\/emplacement-camping-car-4-800px-768x517.webp 768w\" sizes=\"(max-width: 800px) 100vw, 800px\" \/><\/a><figcaption class=\"wp-element-caption\">Standplaats voor grote campers<\/figcaption><\/figure>\n\n\n\n<figure class=\"wp-block-image size-large\"><a href=\"https:\/\/www.camping-baden.com\/wp-content\/uploads\/2021\/05\/emplacement-caravane-800px.webp\"><img decoding=\"async\" width=\"800\" height=\"539\" data-id=\"1315\" src=\"https:\/\/www.camping-baden.com\/wp-content\/uploads\/2021\/05\/emplacement-caravane-800px.webp\" alt=\"locatie caravane px\" class=\"wp-image-1315\" srcset=\"https:\/\/www.camping-baden.com\/wp-content\/uploads\/2021\/05\/emplacement-caravane-800px.webp 800w, https:\/\/www.camping-baden.com\/wp-content\/uploads\/2021\/05\/emplacement-caravane-800px-300x202.webp 300w, https:\/\/www.camping-baden.com\/wp-content\/uploads\/2021\/05\/emplacement-caravane-800px-768x517.webp 768w\" sizes=\"(max-width: 800px) 100vw, 800px\" \/><\/a><figcaption class=\"wp-element-caption\">Plaatsen voor caravans<\/figcaption><\/figure>\n\n\n\n<figure class=\"wp-block-image size-large\"><a href=\"https:\/\/www.camping-baden.com\/wp-content\/uploads\/2021\/05\/2020-mai-19-emplacements-sanitaires-prives-800px-min.webp\"><img decoding=\"async\" width=\"800\" height=\"533\" data-id=\"1299\" src=\"https:\/\/www.camping-baden.com\/wp-content\/uploads\/2021\/05\/2020-mai-19-emplacements-sanitaires-prives-800px-min.webp\" alt=\"mei sanitaire priv&#xE9;plaatsen px min\" class=\"wp-image-1299\" srcset=\"https:\/\/www.camping-baden.com\/wp-content\/uploads\/2021\/05\/2020-mai-19-emplacements-sanitaires-prives-800px-min.webp 800w, https:\/\/www.camping-baden.com\/wp-content\/uploads\/2021\/05\/2020-mai-19-emplacements-sanitaires-prives-800px-min-300x200.webp 300w, https:\/\/www.camping-baden.com\/wp-content\/uploads\/2021\/05\/2020-mai-19-emplacements-sanitaires-prives-800px-min-768x512.webp 768w\" sizes=\"(max-width: 800px) 100vw, 800px\" \/><\/a><figcaption class=\"wp-element-caption\">Nieuwe priv\u00e9toiletten<\/figcaption><\/figure>\n\n\n\n<figure class=\"wp-block-image size-large\"><a href=\"https:\/\/www.camping-baden.com\/wp-content\/uploads\/2021\/05\/natation-piscine-800px.webp\"><img decoding=\"async\" width=\"800\" height=\"533\" data-id=\"1335\" src=\"https:\/\/www.camping-baden.com\/wp-content\/uploads\/2021\/05\/natation-piscine-800px.webp\" alt=\"zwembad px\" class=\"wp-image-1335\" srcset=\"https:\/\/www.camping-baden.com\/wp-content\/uploads\/2021\/05\/natation-piscine-800px.webp 800w, https:\/\/www.camping-baden.com\/wp-content\/uploads\/2021\/05\/natation-piscine-800px-300x200.webp 300w, https:\/\/www.camping-baden.com\/wp-content\/uploads\/2021\/05\/natation-piscine-800px-768x512.webp 768w\" sizes=\"(max-width: 800px) 100vw, 800px\" \/><\/a><figcaption class=\"wp-element-caption\">Zwemmen in het zwembad<\/figcaption><\/figure>\n\n\n\n<figure class=\"wp-block-image size-large\"><a href=\"https:\/\/www.camping-baden.com\/wp-content\/uploads\/2021\/05\/stretching-800px-min.webp\"><img decoding=\"async\" width=\"800\" height=\"533\" data-id=\"1363\" src=\"https:\/\/www.camping-baden.com\/wp-content\/uploads\/2021\/05\/stretching-800px-min.webp\" alt=\"uitrekken px min\" class=\"wp-image-1363\" srcset=\"https:\/\/www.camping-baden.com\/wp-content\/uploads\/2021\/05\/stretching-800px-min.webp 800w, https:\/\/www.camping-baden.com\/wp-content\/uploads\/2021\/05\/stretching-800px-min-300x200.webp 300w, https:\/\/www.camping-baden.com\/wp-content\/uploads\/2021\/05\/stretching-800px-min-768x512.webp 768w\" sizes=\"(max-width: 800px) 100vw, 800px\" \/><\/a><figcaption class=\"wp-element-caption\">Rekken<\/figcaption><\/figure>\n\n\n\n<figure class=\"wp-block-image size-large\"><a href=\"https:\/\/www.camping-baden.com\/wp-content\/uploads\/2021\/05\/sports-activites-petanque-800px.webp\"><img decoding=\"async\" width=\"800\" height=\"539\" data-id=\"1359\" src=\"https:\/\/www.camping-baden.com\/wp-content\/uploads\/2021\/05\/sports-activites-petanque-800px.webp\" alt=\"sportactiviteiten petanque px\" class=\"wp-image-1359\" srcset=\"https:\/\/www.camping-baden.com\/wp-content\/uploads\/2021\/05\/sports-activites-petanque-800px.webp 800w, https:\/\/www.camping-baden.com\/wp-content\/uploads\/2021\/05\/sports-activites-petanque-800px-300x202.webp 300w, https:\/\/www.camping-baden.com\/wp-content\/uploads\/2021\/05\/sports-activites-petanque-800px-768x517.webp 768w\" sizes=\"(max-width: 800px) 100vw, 800px\" \/><\/a><figcaption class=\"wp-element-caption\">Jeu de boules baan<\/figcaption><\/figure>\n\n\n\n<figure class=\"wp-block-image size-large\"><img decoding=\"async\" width=\"800\" height=\"533\" data-id=\"1307\" src=\"https:\/\/www.camping-baden.com\/wp-content\/uploads\/2021\/05\/club-enfants-jeux-mane-guernehue-800px.webp\" alt=\"club enfants jeux mane guernehue px\" class=\"wp-image-1307\" srcset=\"https:\/\/www.camping-baden.com\/wp-content\/uploads\/2021\/05\/club-enfants-jeux-mane-guernehue-800px.webp 800w, https:\/\/www.camping-baden.com\/wp-content\/uploads\/2021\/05\/club-enfants-jeux-mane-guernehue-800px-300x200.webp 300w, https:\/\/www.camping-baden.com\/wp-content\/uploads\/2021\/05\/club-enfants-jeux-mane-guernehue-800px-768x512.webp 768w\" sizes=\"(max-width: 800px) 100vw, 800px\" \/><figcaption class=\"wp-element-caption\">Kinderclub<\/figcaption><\/figure>\n\n\n\n<figure class=\"wp-block-image size-large\"><a href=\"https:\/\/www.camping-baden.com\/wp-content\/uploads\/2021\/05\/restaurant-mane-guernehue-pizza-galette-800px-533px.webp\"><img decoding=\"async\" width=\"800\" height=\"533\" data-id=\"1351\" src=\"https:\/\/www.camping-baden.com\/wp-content\/uploads\/2021\/05\/restaurant-mane-guernehue-pizza-galette-800px-533px.webp\" alt=\"restaurant mane guernehue pizza galette px px\" class=\"wp-image-1351\" srcset=\"https:\/\/www.camping-baden.com\/wp-content\/uploads\/2021\/05\/restaurant-mane-guernehue-pizza-galette-800px-533px.webp 800w, https:\/\/www.camping-baden.com\/wp-content\/uploads\/2021\/05\/restaurant-mane-guernehue-pizza-galette-800px-533px-300x200.webp 300w, https:\/\/www.camping-baden.com\/wp-content\/uploads\/2021\/05\/restaurant-mane-guernehue-pizza-galette-800px-533px-768x512.webp 768w\" sizes=\"(max-width: 800px) 100vw, 800px\" \/><\/a><figcaption class=\"wp-element-caption\">Restaurantterras met uitzicht op het zwembad<\/figcaption><\/figure>\n\n\n\n<figure class=\"wp-block-image size-large\"><a href=\"https:\/\/www.camping-baden.com\/wp-content\/uploads\/2021\/05\/pizzas-800px.webp\"><img decoding=\"async\" width=\"800\" height=\"533\" data-id=\"1343\" src=\"https:\/\/www.camping-baden.com\/wp-content\/uploads\/2021\/05\/pizzas-800px.webp\" alt=\"pizza's px\" class=\"wp-image-1343\" srcset=\"https:\/\/www.camping-baden.com\/wp-content\/uploads\/2021\/05\/pizzas-800px.webp 800w, https:\/\/www.camping-baden.com\/wp-content\/uploads\/2021\/05\/pizzas-800px-300x200.webp 300w, https:\/\/www.camping-baden.com\/wp-content\/uploads\/2021\/05\/pizzas-800px-768x512.webp 768w\" sizes=\"(max-width: 800px) 100vw, 800px\" \/><\/a><figcaption class=\"wp-element-caption\">Pizza in het restaurant en afhaalmaaltijden in de snackbar<\/figcaption><\/figure>\n\n\n\n<figure class=\"wp-block-image size-large\"><a href=\"https:\/\/www.camping-baden.com\/wp-content\/uploads\/2021\/05\/epicerie-camping-mane-guernehue-800px-min.webp\"><img decoding=\"async\" width=\"800\" height=\"533\" data-id=\"1319\" src=\"https:\/\/www.camping-baden.com\/wp-content\/uploads\/2021\/05\/epicerie-camping-mane-guernehue-800px-min.webp\" alt=\"kruidenier camping mane guernehue px min\" class=\"wp-image-1319\" srcset=\"https:\/\/www.camping-baden.com\/wp-content\/uploads\/2021\/05\/epicerie-camping-mane-guernehue-800px-min.webp 800w, https:\/\/www.camping-baden.com\/wp-content\/uploads\/2021\/05\/epicerie-camping-mane-guernehue-800px-min-300x200.webp 300w, https:\/\/www.camping-baden.com\/wp-content\/uploads\/2021\/05\/epicerie-camping-mane-guernehue-800px-min-768x512.webp 768w\" sizes=\"(max-width: 800px) 100vw, 800px\" \/><\/a><figcaption class=\"wp-element-caption\">Boodschappen op de camping<\/figcaption><\/figure>\n\n\n\n<figure class=\"wp-block-image size-large\"><a href=\"https:\/\/www.camping-baden.com\/wp-content\/uploads\/2021\/05\/spa-modelage-800px-min.webp\"><img decoding=\"async\" width=\"800\" height=\"806\" data-id=\"1355\" src=\"https:\/\/www.camping-baden.com\/wp-content\/uploads\/2021\/05\/spa-modelage-800px-min.webp\" alt=\"spa modellering px min\" class=\"wp-image-1355\" srcset=\"https:\/\/www.camping-baden.com\/wp-content\/uploads\/2021\/05\/spa-modelage-800px-min.webp 800w, https:\/\/www.camping-baden.com\/wp-content\/uploads\/2021\/05\/spa-modelage-800px-min-298x300.webp 298w, https:\/\/www.camping-baden.com\/wp-content\/uploads\/2021\/05\/spa-modelage-800px-min-150x150.webp 150w, https:\/\/www.camping-baden.com\/wp-content\/uploads\/2021\/05\/spa-modelage-800px-min-768x774.webp 768w\" sizes=\"(max-width: 800px) 100vw, 800px\" \/><\/a><figcaption class=\"wp-element-caption\">Modellen of schoonheidsbehandelingen \u00a9 Phytomer<\/figcaption><\/figure>\n\n\n\n<figure class=\"wp-block-image size-large\"><a href=\"https:\/\/www.camping-baden.com\/wp-content\/uploads\/2021\/05\/2020-mai-19-CE-balade-cheval-800px.webp\"><img decoding=\"async\" width=\"800\" height=\"533\" data-id=\"1295\" src=\"https:\/\/www.camping-baden.com\/wp-content\/uploads\/2021\/05\/2020-mai-19-CE-balade-cheval-800px.webp\" alt=\"mei CE paardrijden px\" class=\"wp-image-1295\" srcset=\"https:\/\/www.camping-baden.com\/wp-content\/uploads\/2021\/05\/2020-mai-19-CE-balade-cheval-800px.webp 800w, https:\/\/www.camping-baden.com\/wp-content\/uploads\/2021\/05\/2020-mai-19-CE-balade-cheval-800px-300x200.webp 300w, https:\/\/www.camping-baden.com\/wp-content\/uploads\/2021\/05\/2020-mai-19-CE-balade-cheval-800px-768x512.webp 768w\" sizes=\"(max-width: 800px) 100vw, 800px\" \/><\/a><figcaption class=\"wp-element-caption\">Paardrijden<\/figcaption><\/figure>\n\n\n\n<figure class=\"wp-block-image size-large\"><a href=\"https:\/\/www.camping-baden.com\/wp-content\/uploads\/2021\/05\/golfe-du-morbihan-800px.webp\"><img decoding=\"async\" width=\"800\" height=\"539\" data-id=\"1327\" src=\"https:\/\/www.camping-baden.com\/wp-content\/uploads\/2021\/05\/golfe-du-morbihan-800px.webp\" alt=\"golfe du morbihan px\" class=\"wp-image-1327\" srcset=\"https:\/\/www.camping-baden.com\/wp-content\/uploads\/2021\/05\/golfe-du-morbihan-800px.webp 800w, https:\/\/www.camping-baden.com\/wp-content\/uploads\/2021\/05\/golfe-du-morbihan-800px-300x202.webp 300w, https:\/\/www.camping-baden.com\/wp-content\/uploads\/2021\/05\/golfe-du-morbihan-800px-768x517.webp 768w\" sizes=\"(max-width: 800px) 100vw, 800px\" \/><\/a><figcaption class=\"wp-element-caption\">De Golf van Morbihan<\/figcaption><\/figure>\n\n\n\n<figure class=\"wp-block-image size-large\"><a href=\"https:\/\/www.camping-baden.com\/wp-content\/uploads\/2021\/05\/visite-golfe-du-morbihan-maison-rose-arradon-800px-min.webp\"><img decoding=\"async\" width=\"800\" height=\"533\" data-id=\"1379\" src=\"https:\/\/www.camping-baden.com\/wp-content\/uploads\/2021\/05\/visite-golfe-du-morbihan-maison-rose-arradon-800px-min.webp\" alt=\"bezoek golfe du morbihan maison rose arradon px min\" class=\"wp-image-1379\" srcset=\"https:\/\/www.camping-baden.com\/wp-content\/uploads\/2021\/05\/visite-golfe-du-morbihan-maison-rose-arradon-800px-min.webp 800w, https:\/\/www.camping-baden.com\/wp-content\/uploads\/2021\/05\/visite-golfe-du-morbihan-maison-rose-arradon-800px-min-300x200.webp 300w, https:\/\/www.camping-baden.com\/wp-content\/uploads\/2021\/05\/visite-golfe-du-morbihan-maison-rose-arradon-800px-min-768x512.webp 768w\" sizes=\"(max-width: 800px) 100vw, 800px\" \/><\/a><figcaption class=\"wp-element-caption\">Een wandeling in Arradon, het Roze Huis<\/figcaption><\/figure>\n\n\n\n<figure class=\"wp-block-image size-large\"><a href=\"https:\/\/www.camping-baden.com\/wp-content\/uploads\/2021\/05\/balade-sentiers-cotiers-golfe-du-morbihan-800px-min.webp\"><img decoding=\"async\" width=\"800\" height=\"533\" data-id=\"1303\" src=\"https:\/\/www.camping-baden.com\/wp-content\/uploads\/2021\/05\/balade-sentiers-cotiers-golfe-du-morbihan-800px-min.webp\" alt=\"kustpad wandeling golfe du morbihan px min\" class=\"wp-image-1303\" srcset=\"https:\/\/www.camping-baden.com\/wp-content\/uploads\/2021\/05\/balade-sentiers-cotiers-golfe-du-morbihan-800px-min.webp 800w, https:\/\/www.camping-baden.com\/wp-content\/uploads\/2021\/05\/balade-sentiers-cotiers-golfe-du-morbihan-800px-min-300x200.webp 300w, https:\/\/www.camping-baden.com\/wp-content\/uploads\/2021\/05\/balade-sentiers-cotiers-golfe-du-morbihan-800px-min-768x512.webp 768w\" sizes=\"(max-width: 800px) 100vw, 800px\" \/><\/a><figcaption class=\"wp-element-caption\">Een wandeling langs de kustpaden<\/figcaption><\/figure>\n\n\n\n<figure class=\"wp-block-image size-large\"><a href=\"https:\/\/www.camping-baden.com\/wp-content\/uploads\/2021\/05\/golfe-plage-800px.webp\"><img decoding=\"async\" width=\"800\" height=\"533\" data-id=\"1331\" src=\"https:\/\/www.camping-baden.com\/wp-content\/uploads\/2021\/05\/golfe-plage-800px.webp\" alt=\"golf strand px\" class=\"wp-image-1331\" srcset=\"https:\/\/www.camping-baden.com\/wp-content\/uploads\/2021\/05\/golfe-plage-800px.webp 800w, https:\/\/www.camping-baden.com\/wp-content\/uploads\/2021\/05\/golfe-plage-800px-300x200.webp 300w, https:\/\/www.camping-baden.com\/wp-content\/uploads\/2021\/05\/golfe-plage-800px-768x512.webp 768w\" sizes=\"(max-width: 800px) 100vw, 800px\" \/><\/a><figcaption class=\"wp-element-caption\">Het strand van de Golf van Morbihan<\/figcaption><\/figure>\n\n\n\n<figure class=\"wp-block-image size-large\"><a href=\"https:\/\/www.camping-baden.com\/wp-content\/uploads\/2021\/05\/velo_BOURCIER-Simon-800px.webp\"><img decoding=\"async\" width=\"800\" height=\"533\" data-id=\"1371\" src=\"https:\/\/www.camping-baden.com\/wp-content\/uploads\/2021\/05\/velo_BOURCIER-Simon-800px.webp\" alt=\"velo BOURCIER Simon px\" class=\"wp-image-1371\" srcset=\"https:\/\/www.camping-baden.com\/wp-content\/uploads\/2021\/05\/velo_BOURCIER-Simon-800px.webp 800w, https:\/\/www.camping-baden.com\/wp-content\/uploads\/2021\/05\/velo_BOURCIER-Simon-800px-300x200.webp 300w, https:\/\/www.camping-baden.com\/wp-content\/uploads\/2021\/05\/velo_BOURCIER-Simon-800px-768x512.webp 768w\" sizes=\"(max-width: 800px) 100vw, 800px\" \/><\/a><figcaption class=\"wp-element-caption\">Ontdek de regio op de fiets \u00a9 Simon Bourcier<\/figcaption><\/figure>\n\n\n\n<figure class=\"wp-block-image size-large\"><a href=\"https:\/\/www.camping-baden.com\/wp-content\/uploads\/2021\/05\/randonnee-golfe-du-morbihan-800px.webp\"><img decoding=\"async\" width=\"800\" height=\"533\" data-id=\"1347\" src=\"https:\/\/www.camping-baden.com\/wp-content\/uploads\/2021\/05\/randonnee-golfe-du-morbihan-800px.webp\" alt=\"golf van morbihan wandeling px\" class=\"wp-image-1347\" srcset=\"https:\/\/www.camping-baden.com\/wp-content\/uploads\/2021\/05\/randonnee-golfe-du-morbihan-800px.webp 800w, https:\/\/www.camping-baden.com\/wp-content\/uploads\/2021\/05\/randonnee-golfe-du-morbihan-800px-300x200.webp 300w, https:\/\/www.camping-baden.com\/wp-content\/uploads\/2021\/05\/randonnee-golfe-du-morbihan-800px-768x512.webp 768w\" sizes=\"(max-width: 800px) 100vw, 800px\" \/><\/a><figcaption class=\"wp-element-caption\">Wandelen op de GR34<\/figcaption><\/figure>\n\n\n\n<figure class=\"wp-block-image size-large\"><a href=\"https:\/\/www.camping-baden.com\/wp-content\/uploads\/2021\/05\/vannes-2-YLG-800px.webp\"><img decoding=\"async\" width=\"800\" height=\"533\" data-id=\"1367\" src=\"https:\/\/www.camping-baden.com\/wp-content\/uploads\/2021\/05\/vannes-2-YLG-800px.webp\" alt=\"YLG px kleppen\" class=\"wp-image-1367\" srcset=\"https:\/\/www.camping-baden.com\/wp-content\/uploads\/2021\/05\/vannes-2-YLG-800px.webp 800w, https:\/\/www.camping-baden.com\/wp-content\/uploads\/2021\/05\/vannes-2-YLG-800px-300x200.webp 300w, https:\/\/www.camping-baden.com\/wp-content\/uploads\/2021\/05\/vannes-2-YLG-800px-768x512.webp 768w\" sizes=\"(max-width: 800px) 100vw, 800px\" \/><\/a><figcaption class=\"wp-element-caption\">Vannes en zijn kleurrijke vakwerkhuizen \u00a9 Yannick Le Gal<\/figcaption><\/figure>\n<\/figure>\n<\/div>\n\n\n\n<div class=\"wp-block-column is-layout-flow wp-block-column-is-layout-flow\">\n<p class=\"ls-paragraph\"><strong>Selecteer uw accommodatie of kampeerplaats:<\/strong><\/p>\n\n\n\n<ul class=\"ls-list ls-list-undefined wp-block-list\">\n<li><a href=\"https:\/\/www.camping-baden.com\/nl\/stacaravan-huren-baden\/\"><strong>Uw eigen comfortabele cottage :<\/strong><\/a><br\/>Op Domaine Man\u00e9 Guernehu\u00e9 vindt u zeker een stacaravan naar ieders smaak en budget! Kort verblijf mogelijk vanaf \u20ac 47 per nacht.   <\/li>\n\n\n\n<li><a href=\"https:\/\/www.camping-baden.com\/nl\/vakantiehuisjes-huren-baden\/\"><strong>Het strandhuis met priv\u00e9zwembad :<\/strong><br\/><\/a>Precies waar u van droomde? Een ontspannende vakantie op 150 m van het strand in een huis met priv\u00e9zwembad en grote omheinde tuin, in Baden in het hart van de Golfe du Morbihan, op 3 km van de camping. La Maison de la Plage biedt 10 slaapplaatsen inclusief 2 kinderen en is beschikbaar voor 1 of 2 weken van 29 mei tot 12 juni, voor een prijs van \u20ac798 per week.    <\/li>\n\n\n\n<li><a href=\"https:\/\/www.camping-baden.com\/nl\/vakantiehuisjes-huren-baden\/\"><strong>Gites de M\u00e9riadec<\/strong><\/a><br\/><br\/>Bewoners van de gites hebben toegang tot de diensten van het landgoed Man\u00e9 Guernehu\u00e9 en het waterpark. Wekelijkse huur vanaf \u20ac413 per week. <\/li>\n\n\n\n<li><a href=\"https:\/\/www.camping-baden.com\/nl\/staanplaatsen-baden\/\"><strong>Kampeerplaats voor camper, caravan of tent<\/strong><\/a><\/li>\n<\/ul>\n<\/div>\n<\/div>\n\n<p class=\"ls-paragraph\"><strong>Het voorseizoen is ideaal voor sightseeing en wandelingen langs de kustpaden.<\/strong><\/p>\n\n<ul class=\"ls-list ls-list-undefined wp-block-list\">\n<li>Wandel langs de kustpaden en ontdek de wonderen van de Golf van Morbihan.  <a href=\"https:\/\/www.camping-baden.com\/nl\/toerisme-golf-van-morbihan\/\">Lees meer&#8230;<\/a><\/li>\n\n\n\n<li>Profiteer van de uitstapjes die vanaf de camping worden georganiseerd om onze prachtige streek te ontdekken!<\/li>\n\n\n\n<li>Wandelen, fietsen, strand, watersporten&#8230;<\/li>\n<\/ul>\n\n<p class=\"ls-paragraph\"><strong>De diensten van de camping vergemakkelijken uw verblijf<\/strong><\/p>\n\n<ul class=\"ls-list ls-list-undefined wp-block-list\">\n<li>Het restaurant biedt maaltijden om mee te nemen of om in te eten: restaurantmenu, pizza&#8217;s, galettes, desserts&#8230; <a href=\"https:\/\/www.camping-baden.com\/nl\/restaurant-en-bar-in-baden\/\">bekijk het meeneemmenu<\/a><\/li>\n\n\n\n<li>Schoonheidsbehandelingen: geniet van een moment van ontspanning met een schoonheidsbehandeling of massage! <a href=\"https:\/\/www.camping-baden.com\/nl\/camping-met-spa-baden\/\">meer informatie&#8230;<\/a><\/li>\n\n\n\n<li>Boodschappen<\/li>\n<\/ul>\n\n<p class=\"ls-paragraph\"><strong>Geniet van het waterpark en de aangeboden activiteiten<\/strong><\/p>\n\n<ul class=\"ls-list ls-list-undefined wp-block-list\">\n<li>Duik in het waterpark en leef je uit in het aquapark!<\/li>\n\n\n\n<li>Spelen in de kinderclub<\/li>\n\n\n\n<li>Sportactiviteiten, toernooien, fitness, stretching, jeu de boules&#8230;<\/li>\n\n\n\n<li>Amusement, spelletjes&#8230;<\/li>\n\n\n\n<li>Paardrijden en ritten op de manege<\/li>\n<\/ul>\n\n<p class=\"ls-paragraph\"><strong>Boek nu voor Domaine Man\u00e9 Guernehu\u00e9!<\/strong><\/p>\n","protected":false},"excerpt":{"rendered":"<p>Profiteer in juni van de aantrekkelijke prijzen om er voor de zomer even tussenuit te gaan in de Golf van Morbihan! Reserveer uw huuraccommodatie, g\u00eete of kampeerplaats voor een week, een weekend of een midweek. Op het landgoed van Man\u00e9 Guernehu\u00e9 kunt u gebruikmaken van de volgende diensten: restaurant, afhaalmaaltijden, kruidenierswinkel, manege, waterpark, schoonheidsbehandelingen, activiteiten, [&hellip;]<\/p>\n","protected":false},"author":1,"featured_media":1390,"comment_status":"closed","ping_status":"closed","sticky":false,"template":"","format":"standard","meta":{"_acf_changed":false,"footnotes":""},"categories":[204],"tags":[],"sujet":[],"class_list":["post-11919","post","type-post","status-publish","format-standard","has-post-thumbnail","hentry","category-nieuws"],"acf":[],"yoast_head":"<!-- This site is optimized with the Yoast SEO plugin v25.3 - https:\/\/yoast.com\/wordpress\/plugins\/seo\/ -->\n<title>Vakantieverhuur en kamperen buiten het seizoen<\/title>\n<meta name=\"robots\" content=\"index, follow, max-snippet:-1, max-image-preview:large, max-video-preview:-1\" \/>\n<link rel=\"canonical\" href=\"https:\/\/www.camping-baden.com\/nl\/vakantieverhuur-en-kamperen-buiten-het-seizoen\/\" \/>\n<meta property=\"og:locale\" content=\"nl_NL\" \/>\n<meta property=\"og:type\" content=\"article\" \/>\n<meta property=\"og:title\" content=\"Vakantieverhuur en kamperen buiten het seizoen\" \/>\n<meta property=\"og:description\" content=\"Profiteer in juni van de aantrekkelijke prijzen om er voor de zomer even tussenuit te gaan in de Golf van Morbihan! Reserveer uw huuraccommodatie, g\u00eete of kampeerplaats voor een week, een weekend of een midweek. Op het landgoed van Man\u00e9 Guernehu\u00e9 kunt u gebruikmaken van de volgende diensten: restaurant, afhaalmaaltijden, kruidenierswinkel, manege, waterpark, schoonheidsbehandelingen, activiteiten, [&hellip;]\" \/>\n<meta property=\"og:url\" content=\"https:\/\/www.camping-baden.com\/nl\/vakantieverhuur-en-kamperen-buiten-het-seizoen\/\" \/>\n<meta property=\"og:site_name\" content=\"Man\u00e9 Guernehu\u00e9\" \/>\n<meta property=\"article:published_time\" content=\"2021-05-26T13:03:00+00:00\" \/>\n<meta property=\"article:modified_time\" content=\"2024-11-11T08:28:22+00:00\" \/>\n<meta property=\"og:image\" content=\"https:\/\/www.camping-baden.com\/wp-content\/uploads\/2021\/05\/centre-equestre-mane-guernehue-balade-chevaux-1600px-bd-1600x410-1.webp\" \/>\n\t<meta property=\"og:image:width\" content=\"2000\" \/>\n\t<meta property=\"og:image:height\" content=\"513\" \/>\n\t<meta property=\"og:image:type\" content=\"image\/webp\" \/>\n<meta name=\"author\" content=\"@dmin64\" \/>\n<meta name=\"twitter:card\" content=\"summary_large_image\" \/>\n<meta name=\"twitter:label1\" content=\"Geschreven door\" \/>\n\t<meta name=\"twitter:data1\" content=\"@dmin64\" \/>\n\t<meta name=\"twitter:label2\" content=\"Geschatte leestijd\" \/>\n\t<meta name=\"twitter:data2\" content=\"2 minuten\" \/>\n<script type=\"application\/ld+json\" class=\"yoast-schema-graph\">{\"@context\":\"https:\/\/schema.org\",\"@graph\":[{\"@type\":\"Article\",\"@id\":\"https:\/\/www.camping-baden.com\/nl\/vakantieverhuur-en-kamperen-buiten-het-seizoen\/#article\",\"isPartOf\":{\"@id\":\"https:\/\/www.camping-baden.com\/nl\/vakantieverhuur-en-kamperen-buiten-het-seizoen\/\"},\"author\":{\"name\":\"@dmin64\",\"@id\":\"https:\/\/www.camping-baden.com\/nl\/#\/schema\/person\/c6e510fdea074e9025407c05c7b117ed\"},\"headline\":\"Vakantieverhuur en kamperen buiten het seizoen\",\"datePublished\":\"2021-05-26T13:03:00+00:00\",\"dateModified\":\"2024-11-11T08:28:22+00:00\",\"mainEntityOfPage\":{\"@id\":\"https:\/\/www.camping-baden.com\/nl\/vakantieverhuur-en-kamperen-buiten-het-seizoen\/\"},\"wordCount\":441,\"publisher\":{\"@id\":\"https:\/\/www.camping-baden.com\/nl\/#organization\"},\"image\":{\"@id\":\"https:\/\/www.camping-baden.com\/nl\/vakantieverhuur-en-kamperen-buiten-het-seizoen\/#primaryimage\"},\"thumbnailUrl\":\"https:\/\/www.camping-baden.com\/wp-content\/uploads\/2021\/05\/centre-equestre-mane-guernehue-balade-chevaux-1600px-bd-1600x410-1.webp\",\"articleSection\":[\"Nieuws\"],\"inLanguage\":\"nl-NL\"},{\"@type\":\"WebPage\",\"@id\":\"https:\/\/www.camping-baden.com\/nl\/vakantieverhuur-en-kamperen-buiten-het-seizoen\/\",\"url\":\"https:\/\/www.camping-baden.com\/nl\/vakantieverhuur-en-kamperen-buiten-het-seizoen\/\",\"name\":\"Vakantieverhuur en kamperen buiten het seizoen\",\"isPartOf\":{\"@id\":\"https:\/\/www.camping-baden.com\/nl\/#website\"},\"primaryImageOfPage\":{\"@id\":\"https:\/\/www.camping-baden.com\/nl\/vakantieverhuur-en-kamperen-buiten-het-seizoen\/#primaryimage\"},\"image\":{\"@id\":\"https:\/\/www.camping-baden.com\/nl\/vakantieverhuur-en-kamperen-buiten-het-seizoen\/#primaryimage\"},\"thumbnailUrl\":\"https:\/\/www.camping-baden.com\/wp-content\/uploads\/2021\/05\/centre-equestre-mane-guernehue-balade-chevaux-1600px-bd-1600x410-1.webp\",\"datePublished\":\"2021-05-26T13:03:00+00:00\",\"dateModified\":\"2024-11-11T08:28:22+00:00\",\"breadcrumb\":{\"@id\":\"https:\/\/www.camping-baden.com\/nl\/vakantieverhuur-en-kamperen-buiten-het-seizoen\/#breadcrumb\"},\"inLanguage\":\"nl-NL\",\"potentialAction\":[{\"@type\":\"ReadAction\",\"target\":[\"https:\/\/www.camping-baden.com\/nl\/vakantieverhuur-en-kamperen-buiten-het-seizoen\/\"]}]},{\"@type\":\"ImageObject\",\"inLanguage\":\"nl-NL\",\"@id\":\"https:\/\/www.camping-baden.com\/nl\/vakantieverhuur-en-kamperen-buiten-het-seizoen\/#primaryimage\",\"url\":\"https:\/\/www.camping-baden.com\/wp-content\/uploads\/2021\/05\/centre-equestre-mane-guernehue-balade-chevaux-1600px-bd-1600x410-1.webp\",\"contentUrl\":\"https:\/\/www.camping-baden.com\/wp-content\/uploads\/2021\/05\/centre-equestre-mane-guernehue-balade-chevaux-1600px-bd-1600x410-1.webp\",\"width\":2000,\"height\":513,\"caption\":\"manege mane guernehue paardrijden px bd x\"},{\"@type\":\"BreadcrumbList\",\"@id\":\"https:\/\/www.camping-baden.com\/nl\/vakantieverhuur-en-kamperen-buiten-het-seizoen\/#breadcrumb\",\"itemListElement\":[{\"@type\":\"ListItem\",\"position\":1,\"name\":\"Camping Golfe du Morbihan\",\"item\":\"https:\/\/www.camping-baden.com\/nl\/\"},{\"@type\":\"ListItem\",\"position\":2,\"name\":\"Nieuws\",\"item\":\"https:\/\/www.camping-baden.com\/nl\/nieuws\/\"},{\"@type\":\"ListItem\",\"position\":3,\"name\":\"Vakantieverhuur en kamperen buiten het seizoen\"}]},{\"@type\":\"WebSite\",\"@id\":\"https:\/\/www.camping-baden.com\/nl\/#website\",\"url\":\"https:\/\/www.camping-baden.com\/nl\/\",\"name\":\"Man\u00e9 Guernehu\u00e9\",\"description\":\"\",\"publisher\":{\"@id\":\"https:\/\/www.camping-baden.com\/nl\/#organization\"},\"potentialAction\":[{\"@type\":\"SearchAction\",\"target\":{\"@type\":\"EntryPoint\",\"urlTemplate\":\"https:\/\/www.camping-baden.com\/nl\/?s={search_term_string}\"},\"query-input\":{\"@type\":\"PropertyValueSpecification\",\"valueRequired\":true,\"valueName\":\"search_term_string\"}}],\"inLanguage\":\"nl-NL\"},{\"@type\":\"Organization\",\"@id\":\"https:\/\/www.camping-baden.com\/nl\/#organization\",\"name\":\"Man\u00e9 Guernehu\u00e9\",\"url\":\"https:\/\/www.camping-baden.com\/nl\/\",\"logo\":{\"@type\":\"ImageObject\",\"inLanguage\":\"nl-NL\",\"@id\":\"https:\/\/www.camping-baden.com\/nl\/#\/schema\/logo\/image\/\",\"url\":\"https:\/\/www.camping-baden.com\/wp-content\/uploads\/2024\/08\/logo-camping-mane-guernehue.png\",\"contentUrl\":\"https:\/\/www.camping-baden.com\/wp-content\/uploads\/2024\/08\/logo-camping-mane-guernehue.png\",\"width\":1000,\"height\":450,\"caption\":\"Man\u00e9 Guernehu\u00e9\"},\"image\":{\"@id\":\"https:\/\/www.camping-baden.com\/nl\/#\/schema\/logo\/image\/\"}},{\"@type\":\"Person\",\"@id\":\"https:\/\/www.camping-baden.com\/nl\/#\/schema\/person\/c6e510fdea074e9025407c05c7b117ed\",\"name\":\"@dmin64\",\"image\":{\"@type\":\"ImageObject\",\"inLanguage\":\"nl-NL\",\"@id\":\"https:\/\/www.camping-baden.com\/nl\/#\/schema\/person\/image\/\",\"url\":\"https:\/\/secure.gravatar.com\/avatar\/c139ef583a0e65260f6808f5628e6eca9fa8608b06e80bc14d5c39d32af667ca?s=96&d=mm&r=g\",\"contentUrl\":\"https:\/\/secure.gravatar.com\/avatar\/c139ef583a0e65260f6808f5628e6eca9fa8608b06e80bc14d5c39d32af667ca?s=96&d=mm&r=g\",\"caption\":\"@dmin64\"},\"sameAs\":[\"https:\/\/www.camping-baden.com\"]}]}<\/script>\n<!-- \/ Yoast SEO plugin. -->","yoast_head_json":{"title":"Vakantieverhuur en kamperen buiten het seizoen","robots":{"index":"index","follow":"follow","max-snippet":"max-snippet:-1","max-image-preview":"max-image-preview:large","max-video-preview":"max-video-preview:-1"},"canonical":"https:\/\/www.camping-baden.com\/nl\/vakantieverhuur-en-kamperen-buiten-het-seizoen\/","og_locale":"nl_NL","og_type":"article","og_title":"Vakantieverhuur en kamperen buiten het seizoen","og_description":"Profiteer in juni van de aantrekkelijke prijzen om er voor de zomer even tussenuit te gaan in de Golf van Morbihan! Reserveer uw huuraccommodatie, g\u00eete of kampeerplaats voor een week, een weekend of een midweek. Op het landgoed van Man\u00e9 Guernehu\u00e9 kunt u gebruikmaken van de volgende diensten: restaurant, afhaalmaaltijden, kruidenierswinkel, manege, waterpark, schoonheidsbehandelingen, activiteiten, [&hellip;]","og_url":"https:\/\/www.camping-baden.com\/nl\/vakantieverhuur-en-kamperen-buiten-het-seizoen\/","og_site_name":"Man\u00e9 Guernehu\u00e9","article_published_time":"2021-05-26T13:03:00+00:00","article_modified_time":"2024-11-11T08:28:22+00:00","og_image":[{"width":2000,"height":513,"url":"https:\/\/www.camping-baden.com\/wp-content\/uploads\/2021\/05\/centre-equestre-mane-guernehue-balade-chevaux-1600px-bd-1600x410-1.webp","type":"image\/webp"}],"author":"@dmin64","twitter_card":"summary_large_image","twitter_misc":{"Geschreven door":"@dmin64","Geschatte leestijd":"2 minuten"},"schema":{"@context":"https:\/\/schema.org","@graph":[{"@type":"Article","@id":"https:\/\/www.camping-baden.com\/nl\/vakantieverhuur-en-kamperen-buiten-het-seizoen\/#article","isPartOf":{"@id":"https:\/\/www.camping-baden.com\/nl\/vakantieverhuur-en-kamperen-buiten-het-seizoen\/"},"author":{"name":"@dmin64","@id":"https:\/\/www.camping-baden.com\/nl\/#\/schema\/person\/c6e510fdea074e9025407c05c7b117ed"},"headline":"Vakantieverhuur en kamperen buiten het seizoen","datePublished":"2021-05-26T13:03:00+00:00","dateModified":"2024-11-11T08:28:22+00:00","mainEntityOfPage":{"@id":"https:\/\/www.camping-baden.com\/nl\/vakantieverhuur-en-kamperen-buiten-het-seizoen\/"},"wordCount":441,"publisher":{"@id":"https:\/\/www.camping-baden.com\/nl\/#organization"},"image":{"@id":"https:\/\/www.camping-baden.com\/nl\/vakantieverhuur-en-kamperen-buiten-het-seizoen\/#primaryimage"},"thumbnailUrl":"https:\/\/www.camping-baden.com\/wp-content\/uploads\/2021\/05\/centre-equestre-mane-guernehue-balade-chevaux-1600px-bd-1600x410-1.webp","articleSection":["Nieuws"],"inLanguage":"nl-NL"},{"@type":"WebPage","@id":"https:\/\/www.camping-baden.com\/nl\/vakantieverhuur-en-kamperen-buiten-het-seizoen\/","url":"https:\/\/www.camping-baden.com\/nl\/vakantieverhuur-en-kamperen-buiten-het-seizoen\/","name":"Vakantieverhuur en kamperen buiten het seizoen","isPartOf":{"@id":"https:\/\/www.camping-baden.com\/nl\/#website"},"primaryImageOfPage":{"@id":"https:\/\/www.camping-baden.com\/nl\/vakantieverhuur-en-kamperen-buiten-het-seizoen\/#primaryimage"},"image":{"@id":"https:\/\/www.camping-baden.com\/nl\/vakantieverhuur-en-kamperen-buiten-het-seizoen\/#primaryimage"},"thumbnailUrl":"https:\/\/www.camping-baden.com\/wp-content\/uploads\/2021\/05\/centre-equestre-mane-guernehue-balade-chevaux-1600px-bd-1600x410-1.webp","datePublished":"2021-05-26T13:03:00+00:00","dateModified":"2024-11-11T08:28:22+00:00","breadcrumb":{"@id":"https:\/\/www.camping-baden.com\/nl\/vakantieverhuur-en-kamperen-buiten-het-seizoen\/#breadcrumb"},"inLanguage":"nl-NL","potentialAction":[{"@type":"ReadAction","target":["https:\/\/www.camping-baden.com\/nl\/vakantieverhuur-en-kamperen-buiten-het-seizoen\/"]}]},{"@type":"ImageObject","inLanguage":"nl-NL","@id":"https:\/\/www.camping-baden.com\/nl\/vakantieverhuur-en-kamperen-buiten-het-seizoen\/#primaryimage","url":"https:\/\/www.camping-baden.com\/wp-content\/uploads\/2021\/05\/centre-equestre-mane-guernehue-balade-chevaux-1600px-bd-1600x410-1.webp","contentUrl":"https:\/\/www.camping-baden.com\/wp-content\/uploads\/2021\/05\/centre-equestre-mane-guernehue-balade-chevaux-1600px-bd-1600x410-1.webp","width":2000,"height":513,"caption":"manege mane guernehue paardrijden px bd x"},{"@type":"BreadcrumbList","@id":"https:\/\/www.camping-baden.com\/nl\/vakantieverhuur-en-kamperen-buiten-het-seizoen\/#breadcrumb","itemListElement":[{"@type":"ListItem","position":1,"name":"Camping Golfe du Morbihan","item":"https:\/\/www.camping-baden.com\/nl\/"},{"@type":"ListItem","position":2,"name":"Nieuws","item":"https:\/\/www.camping-baden.com\/nl\/nieuws\/"},{"@type":"ListItem","position":3,"name":"Vakantieverhuur en kamperen buiten het seizoen"}]},{"@type":"WebSite","@id":"https:\/\/www.camping-baden.com\/nl\/#website","url":"https:\/\/www.camping-baden.com\/nl\/","name":"Man\u00e9 Guernehu\u00e9","description":"","publisher":{"@id":"https:\/\/www.camping-baden.com\/nl\/#organization"},"potentialAction":[{"@type":"SearchAction","target":{"@type":"EntryPoint","urlTemplate":"https:\/\/www.camping-baden.com\/nl\/?s={search_term_string}"},"query-input":{"@type":"PropertyValueSpecification","valueRequired":true,"valueName":"search_term_string"}}],"inLanguage":"nl-NL"},{"@type":"Organization","@id":"https:\/\/www.camping-baden.com\/nl\/#organization","name":"Man\u00e9 Guernehu\u00e9","url":"https:\/\/www.camping-baden.com\/nl\/","logo":{"@type":"ImageObject","inLanguage":"nl-NL","@id":"https:\/\/www.camping-baden.com\/nl\/#\/schema\/logo\/image\/","url":"https:\/\/www.camping-baden.com\/wp-content\/uploads\/2024\/08\/logo-camping-mane-guernehue.png","contentUrl":"https:\/\/www.camping-baden.com\/wp-content\/uploads\/2024\/08\/logo-camping-mane-guernehue.png","width":1000,"height":450,"caption":"Man\u00e9 Guernehu\u00e9"},"image":{"@id":"https:\/\/www.camping-baden.com\/nl\/#\/schema\/logo\/image\/"}},{"@type":"Person","@id":"https:\/\/www.camping-baden.com\/nl\/#\/schema\/person\/c6e510fdea074e9025407c05c7b117ed","name":"@dmin64","image":{"@type":"ImageObject","inLanguage":"nl-NL","@id":"https:\/\/www.camping-baden.com\/nl\/#\/schema\/person\/image\/","url":"https:\/\/secure.gravatar.com\/avatar\/c139ef583a0e65260f6808f5628e6eca9fa8608b06e80bc14d5c39d32af667ca?s=96&d=mm&r=g","contentUrl":"https:\/\/secure.gravatar.com\/avatar\/c139ef583a0e65260f6808f5628e6eca9fa8608b06e80bc14d5c39d32af667ca?s=96&d=mm&r=g","caption":"@dmin64"},"sameAs":["https:\/\/www.camping-baden.com"]}]}},"_links":{"self":[{"href":"https:\/\/www.camping-baden.com\/nl\/wp-json\/wp\/v2\/posts\/11919","targetHints":{"allow":["GET"]}}],"collection":[{"href":"https:\/\/www.camping-baden.com\/nl\/wp-json\/wp\/v2\/posts"}],"about":[{"href":"https:\/\/www.camping-baden.com\/nl\/wp-json\/wp\/v2\/types\/post"}],"author":[{"embeddable":true,"href":"https:\/\/www.camping-baden.com\/nl\/wp-json\/wp\/v2\/users\/1"}],"replies":[{"embeddable":true,"href":"https:\/\/www.camping-baden.com\/nl\/wp-json\/wp\/v2\/comments?post=11919"}],"version-history":[{"count":1,"href":"https:\/\/www.camping-baden.com\/nl\/wp-json\/wp\/v2\/posts\/11919\/revisions"}],"predecessor-version":[{"id":11920,"href":"https:\/\/www.camping-baden.com\/nl\/wp-json\/wp\/v2\/posts\/11919\/revisions\/11920"}],"wp:featuredmedia":[{"embeddable":true,"href":"https:\/\/www.camping-baden.com\/nl\/wp-json\/wp\/v2\/media\/1390"}],"wp:attachment":[{"href":"https:\/\/www.camping-baden.com\/nl\/wp-json\/wp\/v2\/media?parent=11919"}],"wp:term":[{"taxonomy":"category","embeddable":true,"href":"https:\/\/www.camping-baden.com\/nl\/wp-json\/wp\/v2\/categories?post=11919"},{"taxonomy":"post_tag","embeddable":true,"href":"https:\/\/www.camping-baden.com\/nl\/wp-json\/wp\/v2\/tags?post=11919"},{"taxonomy":"sujet","embeddable":true,"href":"https:\/\/www.camping-baden.com\/nl\/wp-json\/wp\/v2\/sujet?post=11919"}],"curies":[{"name":"wp","href":"https:\/\/api.w.org\/{rel}","templated":true}]}}