{"id":11893,"date":"2020-06-22T15:13:00","date_gmt":"2020-06-22T13:13:00","guid":{"rendered":"https:\/\/www.camping-baden.com\/blijf-cultuur-en-erfgoed-breton\/"},"modified":"2024-11-11T09:28:26","modified_gmt":"2024-11-11T08:28:26","slug":"blijf-cultuur-en-erfgoed-breton","status":"publish","type":"post","link":"https:\/\/www.camping-baden.com\/nl\/blijf-cultuur-en-erfgoed-breton\/","title":{"rendered":"Verblijf Bretonse cultuur en erfgoed"},"content":{"rendered":"\n<div id=\"ls-heading ls-titre-div-block_343c58543441d8922d8228db7e4e30ce\" class=\"ls-titre-div aligncenter h2-like has-text-color has-color-2-color\" >\n    Trek er deze zomer op uit voor een groene vakantie in de Golf van Morbihan en dompel je onder in de Bretonse cultuur.<\/div>\n\n<div class=\"wp-block-columns is-layout-flex wp-container-core-columns-is-layout-9d6595d7 wp-block-columns-is-layout-flex\">\n<div class=\"wp-block-column is-layout-flow wp-block-column-is-layout-flow\">\n<figure class=\"wp-block-gallery has-nested-images columns-default is-cropped wp-block-gallery-1 is-layout-flex wp-block-gallery-is-layout-flex\">\n<figure class=\"wp-block-image size-large\"><a href=\"https:\/\/www.camping-baden.com\/wp-content\/uploads\/2020\/06\/sejour-patrimoine-culture-bretonne-800px.webp\"><img decoding=\"async\" width=\"800\" height=\"533\" data-id=\"1425\" src=\"https:\/\/www.camping-baden.com\/wp-content\/uploads\/2020\/06\/sejour-patrimoine-culture-bretonne-800px.webp\" alt=\"Bretonse cultuur erfgoed vakantie px\" class=\"wp-image-1425\" srcset=\"https:\/\/www.camping-baden.com\/wp-content\/uploads\/2020\/06\/sejour-patrimoine-culture-bretonne-800px.webp 800w, https:\/\/www.camping-baden.com\/wp-content\/uploads\/2020\/06\/sejour-patrimoine-culture-bretonne-800px-300x200.webp 300w, https:\/\/www.camping-baden.com\/wp-content\/uploads\/2020\/06\/sejour-patrimoine-culture-bretonne-800px-768x512.webp 768w\" sizes=\"(max-width: 800px) 100vw, 800px\" \/><\/a><figcaption class=\"wp-element-caption\">Bretonse cultuur en erfgoed<\/figcaption><\/figure>\n\n\n\n<figure class=\"wp-block-image size-large\"><a href=\"https:\/\/www.camping-baden.com\/wp-content\/uploads\/2020\/06\/megalithes_BERTHIER-Emmanuel-800px.webp\"><img decoding=\"async\" width=\"800\" height=\"533\" data-id=\"1413\" src=\"https:\/\/www.camping-baden.com\/wp-content\/uploads\/2020\/06\/megalithes_BERTHIER-Emmanuel-800px.webp\" alt=\"megalieten BERTHIER Emmanuel px\" class=\"wp-image-1413\" srcset=\"https:\/\/www.camping-baden.com\/wp-content\/uploads\/2020\/06\/megalithes_BERTHIER-Emmanuel-800px.webp 800w, https:\/\/www.camping-baden.com\/wp-content\/uploads\/2020\/06\/megalithes_BERTHIER-Emmanuel-800px-300x200.webp 300w, https:\/\/www.camping-baden.com\/wp-content\/uploads\/2020\/06\/megalithes_BERTHIER-Emmanuel-800px-768x512.webp 768w\" sizes=\"(max-width: 800px) 100vw, 800px\" \/><\/a><figcaption class=\"wp-element-caption\">Bezoek aan de megalieten \u00a9 Emmanuel Berthier<\/figcaption><\/figure>\n\n\n\n<figure class=\"wp-block-image size-large\"><a href=\"https:\/\/www.camping-baden.com\/wp-content\/uploads\/2020\/06\/corbeau-des-mers_GLADU-Ronan-800px.webp\"><img decoding=\"async\" width=\"800\" height=\"533\" data-id=\"1405\" src=\"https:\/\/www.camping-baden.com\/wp-content\/uploads\/2020\/06\/corbeau-des-mers_GLADU-Ronan-800px.webp\" alt=\"zee raaf GLADU Ronan px\" class=\"wp-image-1405\" srcset=\"https:\/\/www.camping-baden.com\/wp-content\/uploads\/2020\/06\/corbeau-des-mers_GLADU-Ronan-800px.webp 800w, https:\/\/www.camping-baden.com\/wp-content\/uploads\/2020\/06\/corbeau-des-mers_GLADU-Ronan-800px-300x200.webp 300w, https:\/\/www.camping-baden.com\/wp-content\/uploads\/2020\/06\/corbeau-des-mers_GLADU-Ronan-800px-768x512.webp 768w\" sizes=\"(max-width: 800px) 100vw, 800px\" \/><\/a><figcaption class=\"wp-element-caption\">De Raaf van de Zee \u00a9 Ronan Gladu<\/figcaption><\/figure>\n\n\n\n<figure class=\"wp-block-image size-large\"><a href=\"https:\/\/www.camping-baden.com\/wp-content\/uploads\/2020\/06\/velo_BOURCIER-Simon-800px.webp\"><img decoding=\"async\" width=\"800\" height=\"533\" data-id=\"1429\" src=\"https:\/\/www.camping-baden.com\/wp-content\/uploads\/2020\/06\/velo_BOURCIER-Simon-800px.webp\" alt=\"velo BOURCIER Simon px\" class=\"wp-image-1429\" srcset=\"https:\/\/www.camping-baden.com\/wp-content\/uploads\/2020\/06\/velo_BOURCIER-Simon-800px.webp 800w, https:\/\/www.camping-baden.com\/wp-content\/uploads\/2020\/06\/velo_BOURCIER-Simon-800px-300x200.webp 300w, https:\/\/www.camping-baden.com\/wp-content\/uploads\/2020\/06\/velo_BOURCIER-Simon-800px-768x512.webp 768w\" sizes=\"(max-width: 800px) 100vw, 800px\" \/><\/a><figcaption class=\"wp-element-caption\">Ontdek de regio op de fiets \u00a9 Simon Bourcier<\/figcaption><\/figure>\n\n\n\n<figure class=\"wp-block-image size-large\"><a href=\"https:\/\/www.camping-baden.com\/wp-content\/uploads\/2020\/06\/randonnee-golfe-du-morbihan-800px.webp\"><img decoding=\"async\" width=\"800\" height=\"533\" data-id=\"1421\" src=\"https:\/\/www.camping-baden.com\/wp-content\/uploads\/2020\/06\/randonnee-golfe-du-morbihan-800px.webp\" alt=\"golf van morbihan wandeling px\" class=\"wp-image-1421\" srcset=\"https:\/\/www.camping-baden.com\/wp-content\/uploads\/2020\/06\/randonnee-golfe-du-morbihan-800px.webp 800w, https:\/\/www.camping-baden.com\/wp-content\/uploads\/2020\/06\/randonnee-golfe-du-morbihan-800px-300x200.webp 300w, https:\/\/www.camping-baden.com\/wp-content\/uploads\/2020\/06\/randonnee-golfe-du-morbihan-800px-768x512.webp 768w\" sizes=\"(max-width: 800px) 100vw, 800px\" \/><\/a><figcaption class=\"wp-element-caption\">Wandelen op de GR34<\/figcaption><\/figure>\n\n\n\n<figure class=\"wp-block-image size-large\"><a href=\"https:\/\/www.camping-baden.com\/wp-content\/uploads\/2020\/06\/rando-golfe-du-morbihan-800px.webp\"><img decoding=\"async\" width=\"800\" height=\"533\" data-id=\"1417\" src=\"https:\/\/www.camping-baden.com\/wp-content\/uploads\/2020\/06\/rando-golfe-du-morbihan-800px.webp\" alt=\"golfe du morbihan tour px\" class=\"wp-image-1417\" srcset=\"https:\/\/www.camping-baden.com\/wp-content\/uploads\/2020\/06\/rando-golfe-du-morbihan-800px.webp 800w, https:\/\/www.camping-baden.com\/wp-content\/uploads\/2020\/06\/rando-golfe-du-morbihan-800px-300x200.webp 300w, https:\/\/www.camping-baden.com\/wp-content\/uploads\/2020\/06\/rando-golfe-du-morbihan-800px-768x512.webp 768w\" sizes=\"(max-width: 800px) 100vw, 800px\" \/><\/a><figcaption class=\"wp-element-caption\">Wandelen over de kustpaden van de Golf<\/figcaption><\/figure>\n\n\n\n<figure class=\"wp-block-image size-large\"><a href=\"https:\/\/www.camping-baden.com\/wp-content\/uploads\/2020\/06\/golfe-du-morbihan-800px.webp\"><img decoding=\"async\" width=\"800\" height=\"539\" data-id=\"1409\" src=\"https:\/\/www.camping-baden.com\/wp-content\/uploads\/2020\/06\/golfe-du-morbihan-800px.webp\" alt=\"golfe du morbihan px\" class=\"wp-image-1409\" srcset=\"https:\/\/www.camping-baden.com\/wp-content\/uploads\/2020\/06\/golfe-du-morbihan-800px.webp 800w, https:\/\/www.camping-baden.com\/wp-content\/uploads\/2020\/06\/golfe-du-morbihan-800px-300x202.webp 300w, https:\/\/www.camping-baden.com\/wp-content\/uploads\/2020\/06\/golfe-du-morbihan-800px-768x517.webp 768w\" sizes=\"(max-width: 800px) 100vw, 800px\" \/><\/a><figcaption class=\"wp-element-caption\">De Golf van Morbihan<\/figcaption><\/figure>\n<\/figure>\n\n\n\n<div class=\"wp-block-columns is-layout-flex wp-container-core-columns-is-layout-9d6595d7 wp-block-columns-is-layout-flex\">\n<div class=\"wp-block-column p-5 has-color-4-background-color has-background is-layout-flow wp-block-column-is-layout-flow\">\n<h2 class=\"ls__heading wp-block-heading\">VVV-kantoren en partners<\/h2>\n\n\n\n<p class=\"ls-paragraph\"><br\/>V<strong>annes<\/strong>: Quai Eric Tabarly, Vannes Tel: 02 97 47 24 34<a href=\"https:\/\/www.golfedumorbihan.bzh\/\" target=\"_blank\" rel=\"noreferrer noopener\">Link naar de website van het toeristenbureau van Vannes<\/a><\/p>\n\n\n\n<p class=\"ls-paragraph\"><br\/>A<strong>uray<\/strong>: 20 rue du Lait, Auray Tel: 02 97 24 09 75<a href=\"https:\/\/www.baiedequiberon.bzh\/auray\" target=\"_blank\" rel=\"noreferrer noopener\">Link naar de website van het Office du Tourisme van Auray<\/a><\/p>\n\n\n\n<p class=\"ls-paragraph\"><a href=\"https:\/\/morbihan.com\/\" target=\"_blank\" rel=\"noreferrer noopener\">Comit\u00e9 voor toerisme van het departement Morbihan<\/a><\/p>\n\n\n\n<p class=\"ls-paragraph\"><a href=\"https:\/\/www.tourismebretagne.com\/\" target=\"_blank\" rel=\"noreferrer noopener\">Offici\u00eble website voor toerisme in Bretagne<\/a><\/p>\n\n\n\n<p class=\"ls-paragraph\"><a href=\"https:\/\/www.passeurdesiles.com\/\" target=\"_blank\" rel=\"noreferrer noopener\">Overtochten naar Locmariaquer en Port Navalo met Passeur des \u00eeles www.passeurdesiles.com<\/a><\/p>\n\n\n\n<p class=\"ls-paragraph\"><a href=\"https:\/\/www.izenah-croisieres.com\/\" target=\"_blank\" rel=\"noreferrer noopener\">Rondvaart door de Golf met Izenah Croisi\u00e8res<\/a><\/p>\n<\/div>\n<\/div>\n<\/div>\n\n\n\n<div class=\"wp-block-column is-layout-flow wp-block-column-is-layout-flow\">\n<h2 class=\"ls__heading wp-block-heading\">NIEUW, GRATIS: culturele en erfgoedactiviteiten op de camping<\/h2>\n\n\n\n<ul class=\"ls-list ls-list-undefined wp-block-list\">\n<li><br\/>O<strong>ri\u00ebntatieloop in Man\u00e9 Guernehu\u00e9<\/strong> Terwijl je je vermaakt en wandelt, ontdek je de geschiedenis van Man\u00e9 Guernehu\u00e9 en de plaatselijke flora en fauna. Kaarten verkrijgbaar bij de receptie. <\/li>\n\n\n\n<li><br\/>B<strong>egeleide wandelingen vanaf de camping<\/strong> Een toeristische gids vertelt je alles over de geschiedenis van de Golf van Morbihan, het erfgoed en de natuurlijke omgeving.<\/li>\n<\/ul>\n\n\n\n<h2 class=\"ls__heading wp-block-heading\">Ontdek de Golfe du Morbihan in Zuid-Bretagne<\/h2>\n\n\n\n<p class=\"ls-paragraph\">Dankzij onze ligging in het hart van het Parc Naturel R\u00e9gional du Golfe du Morbihan zijn er tal van toeristische uitstapjes, excursies en cruises mogelijk&#8230; Een prachtige streek om te ontdekken tijdens je verblijf op camping Man\u00e9 Guernehu\u00e9.  <a href=\"https:\/\/www.camping-baden.com\/nl\/toerisme-golf-van-morbihan\/\">Lees meer<\/a><\/p>\n\n\n\n<p class=\"ls-paragraph\"><strong>Wandelen of fietsen<\/strong>:<\/p>\n\n\n\n<ul class=\"ls-list ls-list-undefined wp-block-list\">\n<li>Huur een fiets op de camping en maak met je fiets een tocht over de Golfeilanden.<\/li>\n\n\n\n<li>Wandelen en hiken: volg de GR34 en de kustpaden.<\/li>\n<\/ul>\n\n\n\n<h2 class=\"ls__heading wp-block-heading\">Verblijf in een van onze comfortabele cottages, gites of campings:<\/h2>\n\n\n\n<ul class=\"ls-list ls-list-undefined wp-block-list\">\n<li><a href=\"https:\/\/www.camping-baden.com\/nl\/accommodaties\/chalet-ty-bihan-6-p-3-ch-2-sdb\/\">In de Premium-wijk Ty Bihan<\/a><\/li>\n\n\n\n<li><a href=\"https:\/\/www.camping-baden.com\/nl\/stacaravan-huren-baden\/\" target=\"_blank\" rel=\"noreferrer noopener\">Kies uw accommodatie, cottage, gite, kampeerplaats&#8230;<\/a><\/li>\n<\/ul>\n\n\n\n<a href=\"https:\/\/www.camping-baden.com\/nl\/stacaravan-huren-baden\/\" id=\"ls-button-block_a669658892f2d860908a663e7952e3bc\" target=\"_blank\" rel=\"\" class=\"ls-button\" >\n    <span>Boek uw verblijf online<\/span><i class=\"mane-fleche\"><\/i>\n<\/a><\/div>\n<\/div>\n","protected":false},"excerpt":{"rendered":"<p>VVV-kantoren en partners Vannes: Quai Eric Tabarly, Vannes Tel: 02 97 47 24 34Link naar de website van het toeristenbureau van Vannes Auray: 20 rue du Lait, Auray Tel: 02 97 24 09 75Link naar de website van het Office du Tourisme van Auray Comit\u00e9 voor toerisme van het departement Morbihan Offici\u00eble website voor toerisme [&hellip;]<\/p>\n","protected":false},"author":1,"featured_media":2180,"comment_status":"closed","ping_status":"closed","sticky":false,"template":"","format":"standard","meta":{"_acf_changed":false,"footnotes":""},"categories":[204],"tags":[],"sujet":[],"class_list":["post-11893","post","type-post","status-publish","format-standard","has-post-thumbnail","hentry","category-nieuws"],"acf":[],"yoast_head":"<!-- This site is optimized with the Yoast SEO plugin v25.3 - https:\/\/yoast.com\/wordpress\/plugins\/seo\/ -->\n<title>Verblijf Bretonse cultuur en erfgoed<\/title>\n<meta name=\"robots\" content=\"index, follow, max-snippet:-1, max-image-preview:large, max-video-preview:-1\" \/>\n<link rel=\"canonical\" href=\"https:\/\/www.camping-baden.com\/nl\/blijf-cultuur-en-erfgoed-breton\/\" \/>\n<meta property=\"og:locale\" content=\"nl_NL\" \/>\n<meta property=\"og:type\" content=\"article\" \/>\n<meta property=\"og:title\" content=\"Verblijf Bretonse cultuur en erfgoed\" \/>\n<meta property=\"og:description\" content=\"VVV-kantoren en partners Vannes: Quai Eric Tabarly, Vannes Tel: 02 97 47 24 34Link naar de website van het toeristenbureau van Vannes Auray: 20 rue du Lait, Auray Tel: 02 97 24 09 75Link naar de website van het Office du Tourisme van Auray Comit\u00e9 voor toerisme van het departement Morbihan Offici\u00eble website voor toerisme [&hellip;]\" \/>\n<meta property=\"og:url\" content=\"https:\/\/www.camping-baden.com\/nl\/blijf-cultuur-en-erfgoed-breton\/\" \/>\n<meta property=\"og:site_name\" content=\"Man\u00e9 Guernehu\u00e9\" \/>\n<meta property=\"article:published_time\" content=\"2020-06-22T13:13:00+00:00\" \/>\n<meta property=\"article:modified_time\" content=\"2024-11-11T08:28:26+00:00\" \/>\n<meta property=\"og:image\" content=\"https:\/\/www.camping-baden.com\/wp-content\/uploads\/2020\/06\/sejour-culture-patrimoine-breton_LE-GAL-Yannick.webp\" \/>\n\t<meta property=\"og:image:width\" content=\"2000\" \/>\n\t<meta property=\"og:image:height\" content=\"1316\" \/>\n\t<meta property=\"og:image:type\" content=\"image\/webp\" \/>\n<meta name=\"author\" content=\"@dmin64\" \/>\n<meta name=\"twitter:card\" content=\"summary_large_image\" \/>\n<meta name=\"twitter:label1\" content=\"Geschreven door\" \/>\n\t<meta name=\"twitter:data1\" content=\"@dmin64\" \/>\n\t<meta name=\"twitter:label2\" content=\"Geschatte leestijd\" \/>\n\t<meta name=\"twitter:data2\" content=\"1 minuut\" \/>\n<script type=\"application\/ld+json\" class=\"yoast-schema-graph\">{\"@context\":\"https:\/\/schema.org\",\"@graph\":[{\"@type\":\"Article\",\"@id\":\"https:\/\/www.camping-baden.com\/nl\/blijf-cultuur-en-erfgoed-breton\/#article\",\"isPartOf\":{\"@id\":\"https:\/\/www.camping-baden.com\/nl\/blijf-cultuur-en-erfgoed-breton\/\"},\"author\":{\"name\":\"@dmin64\",\"@id\":\"https:\/\/www.camping-baden.com\/nl\/#\/schema\/person\/c6e510fdea074e9025407c05c7b117ed\"},\"headline\":\"Verblijf Bretonse cultuur en erfgoed\",\"datePublished\":\"2020-06-22T13:13:00+00:00\",\"dateModified\":\"2024-11-11T08:28:26+00:00\",\"mainEntityOfPage\":{\"@id\":\"https:\/\/www.camping-baden.com\/nl\/blijf-cultuur-en-erfgoed-breton\/\"},\"wordCount\":274,\"publisher\":{\"@id\":\"https:\/\/www.camping-baden.com\/nl\/#organization\"},\"image\":{\"@id\":\"https:\/\/www.camping-baden.com\/nl\/blijf-cultuur-en-erfgoed-breton\/#primaryimage\"},\"thumbnailUrl\":\"https:\/\/www.camping-baden.com\/wp-content\/uploads\/2020\/06\/sejour-culture-patrimoine-breton_LE-GAL-Yannick.webp\",\"articleSection\":[\"Nieuws\"],\"inLanguage\":\"nl-NL\"},{\"@type\":\"WebPage\",\"@id\":\"https:\/\/www.camping-baden.com\/nl\/blijf-cultuur-en-erfgoed-breton\/\",\"url\":\"https:\/\/www.camping-baden.com\/nl\/blijf-cultuur-en-erfgoed-breton\/\",\"name\":\"Verblijf Bretonse cultuur en erfgoed\",\"isPartOf\":{\"@id\":\"https:\/\/www.camping-baden.com\/nl\/#website\"},\"primaryImageOfPage\":{\"@id\":\"https:\/\/www.camping-baden.com\/nl\/blijf-cultuur-en-erfgoed-breton\/#primaryimage\"},\"image\":{\"@id\":\"https:\/\/www.camping-baden.com\/nl\/blijf-cultuur-en-erfgoed-breton\/#primaryimage\"},\"thumbnailUrl\":\"https:\/\/www.camping-baden.com\/wp-content\/uploads\/2020\/06\/sejour-culture-patrimoine-breton_LE-GAL-Yannick.webp\",\"datePublished\":\"2020-06-22T13:13:00+00:00\",\"dateModified\":\"2024-11-11T08:28:26+00:00\",\"breadcrumb\":{\"@id\":\"https:\/\/www.camping-baden.com\/nl\/blijf-cultuur-en-erfgoed-breton\/#breadcrumb\"},\"inLanguage\":\"nl-NL\",\"potentialAction\":[{\"@type\":\"ReadAction\",\"target\":[\"https:\/\/www.camping-baden.com\/nl\/blijf-cultuur-en-erfgoed-breton\/\"]}]},{\"@type\":\"ImageObject\",\"inLanguage\":\"nl-NL\",\"@id\":\"https:\/\/www.camping-baden.com\/nl\/blijf-cultuur-en-erfgoed-breton\/#primaryimage\",\"url\":\"https:\/\/www.camping-baden.com\/wp-content\/uploads\/2020\/06\/sejour-culture-patrimoine-breton_LE-GAL-Yannick.webp\",\"contentUrl\":\"https:\/\/www.camping-baden.com\/wp-content\/uploads\/2020\/06\/sejour-culture-patrimoine-breton_LE-GAL-Yannick.webp\",\"width\":2000,\"height\":1316,\"caption\":\"Bretonse cultuurvakantie erfgoed LE GAL Yannick\"},{\"@type\":\"BreadcrumbList\",\"@id\":\"https:\/\/www.camping-baden.com\/nl\/blijf-cultuur-en-erfgoed-breton\/#breadcrumb\",\"itemListElement\":[{\"@type\":\"ListItem\",\"position\":1,\"name\":\"Camping Golfe du Morbihan\",\"item\":\"https:\/\/www.camping-baden.com\/nl\/\"},{\"@type\":\"ListItem\",\"position\":2,\"name\":\"Nieuws\",\"item\":\"https:\/\/www.camping-baden.com\/nl\/nieuws\/\"},{\"@type\":\"ListItem\",\"position\":3,\"name\":\"Verblijf Bretonse cultuur en erfgoed\"}]},{\"@type\":\"WebSite\",\"@id\":\"https:\/\/www.camping-baden.com\/nl\/#website\",\"url\":\"https:\/\/www.camping-baden.com\/nl\/\",\"name\":\"Man\u00e9 Guernehu\u00e9\",\"description\":\"\",\"publisher\":{\"@id\":\"https:\/\/www.camping-baden.com\/nl\/#organization\"},\"potentialAction\":[{\"@type\":\"SearchAction\",\"target\":{\"@type\":\"EntryPoint\",\"urlTemplate\":\"https:\/\/www.camping-baden.com\/nl\/?s={search_term_string}\"},\"query-input\":{\"@type\":\"PropertyValueSpecification\",\"valueRequired\":true,\"valueName\":\"search_term_string\"}}],\"inLanguage\":\"nl-NL\"},{\"@type\":\"Organization\",\"@id\":\"https:\/\/www.camping-baden.com\/nl\/#organization\",\"name\":\"Man\u00e9 Guernehu\u00e9\",\"url\":\"https:\/\/www.camping-baden.com\/nl\/\",\"logo\":{\"@type\":\"ImageObject\",\"inLanguage\":\"nl-NL\",\"@id\":\"https:\/\/www.camping-baden.com\/nl\/#\/schema\/logo\/image\/\",\"url\":\"https:\/\/www.camping-baden.com\/wp-content\/uploads\/2024\/08\/logo-camping-mane-guernehue.png\",\"contentUrl\":\"https:\/\/www.camping-baden.com\/wp-content\/uploads\/2024\/08\/logo-camping-mane-guernehue.png\",\"width\":1000,\"height\":450,\"caption\":\"Man\u00e9 Guernehu\u00e9\"},\"image\":{\"@id\":\"https:\/\/www.camping-baden.com\/nl\/#\/schema\/logo\/image\/\"}},{\"@type\":\"Person\",\"@id\":\"https:\/\/www.camping-baden.com\/nl\/#\/schema\/person\/c6e510fdea074e9025407c05c7b117ed\",\"name\":\"@dmin64\",\"image\":{\"@type\":\"ImageObject\",\"inLanguage\":\"nl-NL\",\"@id\":\"https:\/\/www.camping-baden.com\/nl\/#\/schema\/person\/image\/\",\"url\":\"https:\/\/secure.gravatar.com\/avatar\/c139ef583a0e65260f6808f5628e6eca9fa8608b06e80bc14d5c39d32af667ca?s=96&d=mm&r=g\",\"contentUrl\":\"https:\/\/secure.gravatar.com\/avatar\/c139ef583a0e65260f6808f5628e6eca9fa8608b06e80bc14d5c39d32af667ca?s=96&d=mm&r=g\",\"caption\":\"@dmin64\"},\"sameAs\":[\"https:\/\/www.camping-baden.com\"]}]}<\/script>\n<!-- \/ Yoast SEO plugin. -->","yoast_head_json":{"title":"Verblijf Bretonse cultuur en erfgoed","robots":{"index":"index","follow":"follow","max-snippet":"max-snippet:-1","max-image-preview":"max-image-preview:large","max-video-preview":"max-video-preview:-1"},"canonical":"https:\/\/www.camping-baden.com\/nl\/blijf-cultuur-en-erfgoed-breton\/","og_locale":"nl_NL","og_type":"article","og_title":"Verblijf Bretonse cultuur en erfgoed","og_description":"VVV-kantoren en partners Vannes: Quai Eric Tabarly, Vannes Tel: 02 97 47 24 34Link naar de website van het toeristenbureau van Vannes Auray: 20 rue du Lait, Auray Tel: 02 97 24 09 75Link naar de website van het Office du Tourisme van Auray Comit\u00e9 voor toerisme van het departement Morbihan Offici\u00eble website voor toerisme [&hellip;]","og_url":"https:\/\/www.camping-baden.com\/nl\/blijf-cultuur-en-erfgoed-breton\/","og_site_name":"Man\u00e9 Guernehu\u00e9","article_published_time":"2020-06-22T13:13:00+00:00","article_modified_time":"2024-11-11T08:28:26+00:00","og_image":[{"width":2000,"height":1316,"url":"https:\/\/www.camping-baden.com\/wp-content\/uploads\/2020\/06\/sejour-culture-patrimoine-breton_LE-GAL-Yannick.webp","type":"image\/webp"}],"author":"@dmin64","twitter_card":"summary_large_image","twitter_misc":{"Geschreven door":"@dmin64","Geschatte leestijd":"1 minuut"},"schema":{"@context":"https:\/\/schema.org","@graph":[{"@type":"Article","@id":"https:\/\/www.camping-baden.com\/nl\/blijf-cultuur-en-erfgoed-breton\/#article","isPartOf":{"@id":"https:\/\/www.camping-baden.com\/nl\/blijf-cultuur-en-erfgoed-breton\/"},"author":{"name":"@dmin64","@id":"https:\/\/www.camping-baden.com\/nl\/#\/schema\/person\/c6e510fdea074e9025407c05c7b117ed"},"headline":"Verblijf Bretonse cultuur en erfgoed","datePublished":"2020-06-22T13:13:00+00:00","dateModified":"2024-11-11T08:28:26+00:00","mainEntityOfPage":{"@id":"https:\/\/www.camping-baden.com\/nl\/blijf-cultuur-en-erfgoed-breton\/"},"wordCount":274,"publisher":{"@id":"https:\/\/www.camping-baden.com\/nl\/#organization"},"image":{"@id":"https:\/\/www.camping-baden.com\/nl\/blijf-cultuur-en-erfgoed-breton\/#primaryimage"},"thumbnailUrl":"https:\/\/www.camping-baden.com\/wp-content\/uploads\/2020\/06\/sejour-culture-patrimoine-breton_LE-GAL-Yannick.webp","articleSection":["Nieuws"],"inLanguage":"nl-NL"},{"@type":"WebPage","@id":"https:\/\/www.camping-baden.com\/nl\/blijf-cultuur-en-erfgoed-breton\/","url":"https:\/\/www.camping-baden.com\/nl\/blijf-cultuur-en-erfgoed-breton\/","name":"Verblijf Bretonse cultuur en erfgoed","isPartOf":{"@id":"https:\/\/www.camping-baden.com\/nl\/#website"},"primaryImageOfPage":{"@id":"https:\/\/www.camping-baden.com\/nl\/blijf-cultuur-en-erfgoed-breton\/#primaryimage"},"image":{"@id":"https:\/\/www.camping-baden.com\/nl\/blijf-cultuur-en-erfgoed-breton\/#primaryimage"},"thumbnailUrl":"https:\/\/www.camping-baden.com\/wp-content\/uploads\/2020\/06\/sejour-culture-patrimoine-breton_LE-GAL-Yannick.webp","datePublished":"2020-06-22T13:13:00+00:00","dateModified":"2024-11-11T08:28:26+00:00","breadcrumb":{"@id":"https:\/\/www.camping-baden.com\/nl\/blijf-cultuur-en-erfgoed-breton\/#breadcrumb"},"inLanguage":"nl-NL","potentialAction":[{"@type":"ReadAction","target":["https:\/\/www.camping-baden.com\/nl\/blijf-cultuur-en-erfgoed-breton\/"]}]},{"@type":"ImageObject","inLanguage":"nl-NL","@id":"https:\/\/www.camping-baden.com\/nl\/blijf-cultuur-en-erfgoed-breton\/#primaryimage","url":"https:\/\/www.camping-baden.com\/wp-content\/uploads\/2020\/06\/sejour-culture-patrimoine-breton_LE-GAL-Yannick.webp","contentUrl":"https:\/\/www.camping-baden.com\/wp-content\/uploads\/2020\/06\/sejour-culture-patrimoine-breton_LE-GAL-Yannick.webp","width":2000,"height":1316,"caption":"Bretonse cultuurvakantie erfgoed LE GAL Yannick"},{"@type":"BreadcrumbList","@id":"https:\/\/www.camping-baden.com\/nl\/blijf-cultuur-en-erfgoed-breton\/#breadcrumb","itemListElement":[{"@type":"ListItem","position":1,"name":"Camping Golfe du Morbihan","item":"https:\/\/www.camping-baden.com\/nl\/"},{"@type":"ListItem","position":2,"name":"Nieuws","item":"https:\/\/www.camping-baden.com\/nl\/nieuws\/"},{"@type":"ListItem","position":3,"name":"Verblijf Bretonse cultuur en erfgoed"}]},{"@type":"WebSite","@id":"https:\/\/www.camping-baden.com\/nl\/#website","url":"https:\/\/www.camping-baden.com\/nl\/","name":"Man\u00e9 Guernehu\u00e9","description":"","publisher":{"@id":"https:\/\/www.camping-baden.com\/nl\/#organization"},"potentialAction":[{"@type":"SearchAction","target":{"@type":"EntryPoint","urlTemplate":"https:\/\/www.camping-baden.com\/nl\/?s={search_term_string}"},"query-input":{"@type":"PropertyValueSpecification","valueRequired":true,"valueName":"search_term_string"}}],"inLanguage":"nl-NL"},{"@type":"Organization","@id":"https:\/\/www.camping-baden.com\/nl\/#organization","name":"Man\u00e9 Guernehu\u00e9","url":"https:\/\/www.camping-baden.com\/nl\/","logo":{"@type":"ImageObject","inLanguage":"nl-NL","@id":"https:\/\/www.camping-baden.com\/nl\/#\/schema\/logo\/image\/","url":"https:\/\/www.camping-baden.com\/wp-content\/uploads\/2024\/08\/logo-camping-mane-guernehue.png","contentUrl":"https:\/\/www.camping-baden.com\/wp-content\/uploads\/2024\/08\/logo-camping-mane-guernehue.png","width":1000,"height":450,"caption":"Man\u00e9 Guernehu\u00e9"},"image":{"@id":"https:\/\/www.camping-baden.com\/nl\/#\/schema\/logo\/image\/"}},{"@type":"Person","@id":"https:\/\/www.camping-baden.com\/nl\/#\/schema\/person\/c6e510fdea074e9025407c05c7b117ed","name":"@dmin64","image":{"@type":"ImageObject","inLanguage":"nl-NL","@id":"https:\/\/www.camping-baden.com\/nl\/#\/schema\/person\/image\/","url":"https:\/\/secure.gravatar.com\/avatar\/c139ef583a0e65260f6808f5628e6eca9fa8608b06e80bc14d5c39d32af667ca?s=96&d=mm&r=g","contentUrl":"https:\/\/secure.gravatar.com\/avatar\/c139ef583a0e65260f6808f5628e6eca9fa8608b06e80bc14d5c39d32af667ca?s=96&d=mm&r=g","caption":"@dmin64"},"sameAs":["https:\/\/www.camping-baden.com"]}]}},"_links":{"self":[{"href":"https:\/\/www.camping-baden.com\/nl\/wp-json\/wp\/v2\/posts\/11893","targetHints":{"allow":["GET"]}}],"collection":[{"href":"https:\/\/www.camping-baden.com\/nl\/wp-json\/wp\/v2\/posts"}],"about":[{"href":"https:\/\/www.camping-baden.com\/nl\/wp-json\/wp\/v2\/types\/post"}],"author":[{"embeddable":true,"href":"https:\/\/www.camping-baden.com\/nl\/wp-json\/wp\/v2\/users\/1"}],"replies":[{"embeddable":true,"href":"https:\/\/www.camping-baden.com\/nl\/wp-json\/wp\/v2\/comments?post=11893"}],"version-history":[{"count":1,"href":"https:\/\/www.camping-baden.com\/nl\/wp-json\/wp\/v2\/posts\/11893\/revisions"}],"predecessor-version":[{"id":11894,"href":"https:\/\/www.camping-baden.com\/nl\/wp-json\/wp\/v2\/posts\/11893\/revisions\/11894"}],"wp:featuredmedia":[{"embeddable":true,"href":"https:\/\/www.camping-baden.com\/nl\/wp-json\/wp\/v2\/media\/2180"}],"wp:attachment":[{"href":"https:\/\/www.camping-baden.com\/nl\/wp-json\/wp\/v2\/media?parent=11893"}],"wp:term":[{"taxonomy":"category","embeddable":true,"href":"https:\/\/www.camping-baden.com\/nl\/wp-json\/wp\/v2\/categories?post=11893"},{"taxonomy":"post_tag","embeddable":true,"href":"https:\/\/www.camping-baden.com\/nl\/wp-json\/wp\/v2\/tags?post=11893"},{"taxonomy":"sujet","embeddable":true,"href":"https:\/\/www.camping-baden.com\/nl\/wp-json\/wp\/v2\/sujet?post=11893"}],"curies":[{"name":"wp","href":"https:\/\/api.w.org\/{rel}","templated":true}]}}