{"id":11833,"date":"2024-03-02T16:00:00","date_gmt":"2024-03-02T15:00:00","guid":{"rendered":"https:\/\/www.camping-baden.com\/paardrijvakantie-in-gite-herfstvakantie\/"},"modified":"2025-02-03T11:28:43","modified_gmt":"2025-02-03T10:28:43","slug":"paardrijvakantie-in-gite-herfstvakantie","status":"publish","type":"post","link":"https:\/\/www.camping-baden.com\/nl\/paardrijvakantie-in-gite-herfstvakantie\/","title":{"rendered":"Paardrijvakantie tijdens de vakantie"},"content":{"rendered":"\n<div id=\"ls-heading ls-titre-div-block_974bf2e886c26225de4785cd0a883adc\" class=\"ls-titre-div aligncenter h2-like\" >\n    Profiteer van je vakantie in een g\u00eete of op een camping om te gaan paardrijden!<\/div>\n\n<div class=\"wp-block-columns is-layout-flex wp-container-core-columns-is-layout-9d6595d7 wp-block-columns-is-layout-flex\">\n<div class=\"wp-block-column is-vertically-aligned-center is-layout-flow wp-block-column-is-layout-flow\">\n<h2 class=\"ls__heading wp-block-heading\">Het hele jaar geopend: Verblijf in een g\u00eete aan de kust van de Golf van Morbihan<\/h2>\n\n\n\n<p class=\"ls-paragraph\"><strong>De authentieke g\u00eetes van M\u00e9ridac<\/strong> zijn ondergebracht in gerenoveerde stenen boerderijen. 6 g\u00eetes voor 2 tot 8 personen zijn het hele jaar door beschikbaar in het authentieke Bretonse dorp M\u00e9riadec, op <strong>300m van de manege<\/strong>. <\/p>\n\n\n\n<p class=\"ls-paragraph\"><strong>Vrijstaande villa&#8217;s met een grote tuin:<\/strong><\/p>\n\n\n\n<p class=\"ls-paragraph\"><strong>Villa er Scoudec<\/strong>, met zijn ruime woonkamer, nieuwe keuken, 6 slaapkamers, 3 badkamers, groot aangelegd terrein en veranda, biedt 14 slaapplaatsen.<\/p>\n\n\n\n<p class=\"ls-paragraph\"><strong>Villa de la Plage 8\/10 P in Larmor Baden<\/strong>, op 3 km afstand, ligt op 150 meter van het strand.<\/p>\n\n\n\n<p class=\"ls-paragraph\"><strong>Les Hauts de Toulvern<\/strong> verwelkomt je voor een natuurlijke vakantie in ecologische g\u00eetes midden in de natuur, op 300m van de manege.<\/p>\n\n\n\n<p class=\"ls-paragraph\"><strong>Vanaf 11 april 2025: verblijf op camping Man\u00e9 Guernehu\u00e9, op 300 m van de manege, in een stacaravan of op een camping.<\/strong><\/p>\n\n\n\n<p class=\"ls-paragraph\">Bewoners van de g\u00eetes en de camping profiteren ook van voorkeurstarieven voor paardrijlessen.<\/p>\n<\/div>\n\n\n\n<div class=\"wp-block-column is-vertically-aligned-center is-layout-flow wp-block-column-is-layout-flow\"><div class=\"wp-block-image\">\n<figure class=\"alignright size-full is-resized\"><img decoding=\"async\" width=\"2278\" height=\"600\" src=\"https:\/\/www.camping-baden.com\/wp-content\/uploads\/2024\/03\/logos-ffe-cheval-poney-1-300x79-1.webp\" alt=\"ffe logo's paard pony x\" class=\"wp-image-3106\" style=\"width:300px\" srcset=\"https:\/\/www.camping-baden.com\/wp-content\/uploads\/2024\/03\/logos-ffe-cheval-poney-1-300x79-1.webp 2278w, https:\/\/www.camping-baden.com\/wp-content\/uploads\/2024\/03\/logos-ffe-cheval-poney-1-300x79-1-300x79.webp 300w, https:\/\/www.camping-baden.com\/wp-content\/uploads\/2024\/03\/logos-ffe-cheval-poney-1-300x79-1-1024x270.webp 1024w, https:\/\/www.camping-baden.com\/wp-content\/uploads\/2024\/03\/logos-ffe-cheval-poney-1-300x79-1-768x202.webp 768w, https:\/\/www.camping-baden.com\/wp-content\/uploads\/2024\/03\/logos-ffe-cheval-poney-1-300x79-1-1536x405.webp 1536w, https:\/\/www.camping-baden.com\/wp-content\/uploads\/2024\/03\/logos-ffe-cheval-poney-1-300x79-1-2048x539.webp 2048w\" sizes=\"(max-width: 2278px) 100vw, 2278px\" \/><\/figure>\n<\/div>\n\n\n<figure class=\"wp-block-gallery aligncenter has-nested-images columns-default is-cropped wp-block-gallery-1 is-layout-flex wp-block-gallery-is-layout-flex\">\n<figure class=\"wp-block-image size-large\"><a href=\"https:\/\/www.camping-baden.com\/wp-content\/uploads\/2024\/03\/enfant-centre-equestre-ete-2019-800px.webp\"><img decoding=\"async\" width=\"901\" height=\"600\" data-id=\"3097\" src=\"https:\/\/www.camping-baden.com\/wp-content\/uploads\/2024\/03\/enfant-centre-equestre-ete-2019-800px.webp\" alt=\"kinderrijschool zomer px\" class=\"wp-image-3097\" srcset=\"https:\/\/www.camping-baden.com\/wp-content\/uploads\/2024\/03\/enfant-centre-equestre-ete-2019-800px.webp 901w, https:\/\/www.camping-baden.com\/wp-content\/uploads\/2024\/03\/enfant-centre-equestre-ete-2019-800px-300x200.webp 300w, https:\/\/www.camping-baden.com\/wp-content\/uploads\/2024\/03\/enfant-centre-equestre-ete-2019-800px-768x511.webp 768w\" sizes=\"(max-width: 901px) 100vw, 901px\" \/><\/a><figcaption class=\"wp-element-caption\">Voor liefhebbers van paardrijden<\/figcaption><\/figure>\n\n\n\n<figure class=\"wp-block-image size-large\"><a href=\"https:\/\/www.camping-baden.com\/wp-content\/uploads\/2023\/09\/gites-de-meriadec-ecurie-pressoir-grange-800px-min.webp\"><img decoding=\"async\" width=\"891\" height=\"600\" data-id=\"3052\" src=\"https:\/\/www.camping-baden.com\/wp-content\/uploads\/2023\/09\/gites-de-meriadec-ecurie-pressoir-grange-800px-min.webp\" alt=\"gites de meriadec ecurie pressoir grange px min\" class=\"wp-image-3052\" srcset=\"https:\/\/www.camping-baden.com\/wp-content\/uploads\/2023\/09\/gites-de-meriadec-ecurie-pressoir-grange-800px-min.webp 891w, https:\/\/www.camping-baden.com\/wp-content\/uploads\/2023\/09\/gites-de-meriadec-ecurie-pressoir-grange-800px-min-300x202.webp 300w, https:\/\/www.camping-baden.com\/wp-content\/uploads\/2023\/09\/gites-de-meriadec-ecurie-pressoir-grange-800px-min-768x517.webp 768w\" sizes=\"(max-width: 891px) 100vw, 891px\" \/><\/a><figcaption class=\"wp-element-caption\">Gites de M\u00e9riadec<\/figcaption><\/figure>\n\n\n\n<figure class=\"wp-block-image size-large\"><a href=\"https:\/\/www.camping-baden.com\/wp-content\/uploads\/2024\/03\/cours-equitation3-ete-2019-800px.webp\"><img decoding=\"async\" width=\"901\" height=\"600\" data-id=\"3101\" src=\"https:\/\/www.camping-baden.com\/wp-content\/uploads\/2024\/03\/cours-equitation3-ete-2019-800px.webp\" alt=\"zomer rijlessen px\" class=\"wp-image-3101\" srcset=\"https:\/\/www.camping-baden.com\/wp-content\/uploads\/2024\/03\/cours-equitation3-ete-2019-800px.webp 901w, https:\/\/www.camping-baden.com\/wp-content\/uploads\/2024\/03\/cours-equitation3-ete-2019-800px-300x200.webp 300w, https:\/\/www.camping-baden.com\/wp-content\/uploads\/2024\/03\/cours-equitation3-ete-2019-800px-768x511.webp 768w\" sizes=\"(max-width: 901px) 100vw, 901px\" \/><\/a><figcaption class=\"wp-element-caption\">Rijlessen en cursussen bij Man\u00e9 Guernehu\u00e9<\/figcaption><\/figure>\n\n\n\n<figure class=\"wp-block-image size-large\"><a href=\"https:\/\/www.camping-baden.com\/wp-content\/uploads\/2021\/05\/villa-de-la-plage-exterieur-piscine-800px-min.webp\"><img decoding=\"async\" width=\"800\" height=\"569\" data-id=\"1375\" src=\"https:\/\/www.camping-baden.com\/wp-content\/uploads\/2021\/05\/villa-de-la-plage-exterieur-piscine-800px-min.webp\" alt=\"villa de la plage buitenzwembad px min\" class=\"wp-image-1375\" srcset=\"https:\/\/www.camping-baden.com\/wp-content\/uploads\/2021\/05\/villa-de-la-plage-exterieur-piscine-800px-min.webp 800w, https:\/\/www.camping-baden.com\/wp-content\/uploads\/2021\/05\/villa-de-la-plage-exterieur-piscine-800px-min-300x213.webp 300w, https:\/\/www.camping-baden.com\/wp-content\/uploads\/2021\/05\/villa-de-la-plage-exterieur-piscine-800px-min-768x546.webp 768w\" sizes=\"(max-width: 800px) 100vw, 800px\" \/><\/a><figcaption class=\"wp-element-caption\">Villa de la Plage met zwembad<\/figcaption><\/figure>\n\n\n\n<figure class=\"wp-block-image size-large\"><a href=\"https:\/\/www.camping-baden.com\/wp-content\/uploads\/2021\/05\/Gites-de-meridadec-800px.webp\"><img decoding=\"async\" width=\"800\" height=\"533\" data-id=\"1323\" src=\"https:\/\/www.camping-baden.com\/wp-content\/uploads\/2021\/05\/Gites-de-meridadec-800px.webp\" alt=\"Gites de meridadec px\" class=\"wp-image-1323\" srcset=\"https:\/\/www.camping-baden.com\/wp-content\/uploads\/2021\/05\/Gites-de-meridadec-800px.webp 800w, https:\/\/www.camping-baden.com\/wp-content\/uploads\/2021\/05\/Gites-de-meridadec-800px-300x200.webp 300w, https:\/\/www.camping-baden.com\/wp-content\/uploads\/2021\/05\/Gites-de-meridadec-800px-768x512.webp 768w\" sizes=\"(max-width: 800px) 100vw, 800px\" \/><\/a><figcaption class=\"wp-element-caption\">Authentieke g\u00eetes M\u00e9riadec<\/figcaption><\/figure>\n\n\n\n<figure class=\"wp-block-image size-large\"><a href=\"https:\/\/www.camping-baden.com\/wp-content\/uploads\/2021\/03\/promenade-a-poney-baden-centre-equestre-800px.webp\"><img decoding=\"async\" width=\"800\" height=\"533\" data-id=\"2313\" src=\"https:\/\/www.camping-baden.com\/wp-content\/uploads\/2021\/03\/promenade-a-poney-baden-centre-equestre-800px.webp\" alt=\"ponyrijden baden manege px\" class=\"wp-image-2313\" srcset=\"https:\/\/www.camping-baden.com\/wp-content\/uploads\/2021\/03\/promenade-a-poney-baden-centre-equestre-800px.webp 800w, https:\/\/www.camping-baden.com\/wp-content\/uploads\/2021\/03\/promenade-a-poney-baden-centre-equestre-800px-300x200.webp 300w, https:\/\/www.camping-baden.com\/wp-content\/uploads\/2021\/03\/promenade-a-poney-baden-centre-equestre-800px-768x512.webp 768w\" sizes=\"(max-width: 800px) 100vw, 800px\" \/><\/a><figcaption class=\"wp-element-caption\">Ponyrijden op camping Baden<\/figcaption><\/figure>\n\n\n\n<figure class=\"wp-block-image size-large\"><a href=\"https:\/\/www.camping-baden.com\/wp-content\/uploads\/2024\/01\/centre-equestre-mane-couvert-800px.webp\"><img decoding=\"async\" width=\"800\" height=\"533\" data-id=\"2839\" src=\"https:\/\/www.camping-baden.com\/wp-content\/uploads\/2024\/01\/centre-equestre-mane-couvert-800px.webp\" alt=\"manege manen bedekt px\" class=\"wp-image-2839\" srcset=\"https:\/\/www.camping-baden.com\/wp-content\/uploads\/2024\/01\/centre-equestre-mane-couvert-800px.webp 800w, https:\/\/www.camping-baden.com\/wp-content\/uploads\/2024\/01\/centre-equestre-mane-couvert-800px-300x200.webp 300w, https:\/\/www.camping-baden.com\/wp-content\/uploads\/2024\/01\/centre-equestre-mane-couvert-800px-768x512.webp 768w\" sizes=\"(max-width: 800px) 100vw, 800px\" \/><\/a><figcaption class=\"wp-element-caption\">Overdekte manege<\/figcaption><\/figure>\n\n\n\n<figure class=\"wp-block-image size-large\"><a href=\"https:\/\/www.camping-baden.com\/wp-content\/uploads\/2021\/03\/balade-centre-equestre-mane-guernehue-etang-800px.webp\"><img decoding=\"async\" width=\"800\" height=\"533\" data-id=\"2349\" src=\"https:\/\/www.camping-baden.com\/wp-content\/uploads\/2021\/03\/balade-centre-equestre-mane-guernehue-etang-800px.webp\" alt=\"mane guernehue etang manege rit px\" class=\"wp-image-2349\" srcset=\"https:\/\/www.camping-baden.com\/wp-content\/uploads\/2021\/03\/balade-centre-equestre-mane-guernehue-etang-800px.webp 800w, https:\/\/www.camping-baden.com\/wp-content\/uploads\/2021\/03\/balade-centre-equestre-mane-guernehue-etang-800px-300x200.webp 300w, https:\/\/www.camping-baden.com\/wp-content\/uploads\/2021\/03\/balade-centre-equestre-mane-guernehue-etang-800px-768x512.webp 768w\" sizes=\"(max-width: 800px) 100vw, 800px\" \/><\/a><figcaption class=\"wp-element-caption\">Paardrijden bij de vijver van Man\u00e9 Guernehu\u00e9<\/figcaption><\/figure>\n\n\n\n<figure class=\"wp-block-image size-large\"><a href=\"https:\/\/www.camping-baden.com\/wp-content\/uploads\/2021\/03\/centre-equestre-saut.webp\"><img decoding=\"async\" width=\"800\" height=\"539\" data-id=\"2333\" src=\"https:\/\/www.camping-baden.com\/wp-content\/uploads\/2021\/03\/centre-equestre-saut.webp\" alt=\"jumping manege\" class=\"wp-image-2333\" srcset=\"https:\/\/www.camping-baden.com\/wp-content\/uploads\/2021\/03\/centre-equestre-saut.webp 800w, https:\/\/www.camping-baden.com\/wp-content\/uploads\/2021\/03\/centre-equestre-saut-300x202.webp 300w, https:\/\/www.camping-baden.com\/wp-content\/uploads\/2021\/03\/centre-equestre-saut-768x517.webp 768w\" sizes=\"(max-width: 800px) 100vw, 800px\" \/><\/a><figcaption class=\"wp-element-caption\">Springen in het Hippisch Centrum<\/figcaption><\/figure>\n<\/figure>\n<\/div>\n<\/div>\n\n<div class=\"wp-block-columns is-layout-flex wp-container-core-columns-is-layout-9d6595d7 wp-block-columns-is-layout-flex\">\n<div class=\"wp-block-column is-layout-flow wp-block-column-is-layout-flow\">\n<h2 class=\"ls__heading wp-block-heading\">Rijlessen tijdens de Allerheiligen-, februari-, lente-, Hemelvaart- of zomervakantie<\/h2>\n\n\n\n<p class=\"ls-paragraph\"><strong>Tijdens de februarivakantie, paasvakantie, zomervakantie en Allerheiligen biedt de instructeur paardrijlessen, ponyritten en begeleide tochten aan.<\/strong><\/p>\n\n\n\n<p class=\"ls-paragraph\"><strong>Een gezellige 5-daagse cursus in de buitenlucht, waar je plezier hebt en tegelijkertijd vooruitgang boekt!<\/strong><\/p>\n\n\n\n<h2 class=\"ls__heading wp-block-heading\">Cursus paardrijden februari vakantie<\/h2>\n\n\n\n<ul class=\"ls-list ls-list-undefined wp-block-list\">\n<li>10 tot 14 februari (5 dagen)<\/li>\n\n\n\n<li>17 tot 21 februari (5 dagen)<\/li>\n<\/ul>\n\n\n\n<h2 class=\"ls__heading wp-block-heading\">Rijcursus Voorjaarsvakantie<\/h2>\n\n\n\n<ul class=\"ls-list ls-list-undefined wp-block-list\">\n<li>7 tot 11 april (5 dagen)<\/li>\n\n\n\n<li>14 tot 18 april (5 dagen)<\/li>\n\n\n\n<li>28 april tot 25 april (5 dagen)<\/li>\n\n\n\n<li>28 april tot 2 mei (4 dagen behalve 1 mei)<\/li>\n<\/ul>\n\n\n\n<h2 class=\"ls__heading wp-block-heading\">Paardrijlessen elke week deze zomer (5 dagen)<\/h2>\n\n\n\n<ul class=\"ls-list ls-list-undefined wp-block-list\">\n<li>30 juni tot 4 juli<\/li>\n\n\n\n<li>7 tot 11 juli<\/li>\n\n\n\n<li>14 tot 18 juli<\/li>\n\n\n\n<li>21 tot 25 juli<\/li>\n\n\n\n<li>28 juli tot 1 augustus<\/li>\n\n\n\n<li>4 tot 8 augustus<\/li>\n\n\n\n<li>11 tot 15 augustus<\/li>\n\n\n\n<li>18 tot 22 augustus<\/li>\n\n\n\n<li>25 tot 29 augustus<\/li>\n<\/ul>\n<\/div>\n\n\n\n<div class=\"wp-block-column is-layout-flow wp-block-column-is-layout-flow\">\n<blockquote class=\"wp-block-quote has-color-6-background-color has-background is-layout-flow wp-block-quote-is-layout-flow\">\n<p class=\"ls-paragraph\"><strong>Lees meer over paardrijvakanties :<br\/><\/strong><a href=\"https:\/\/www.les-gites-de-meriadec.com\/\" target=\"_blank\" rel=\"noreferrer noopener\">Les g\u00eetes de M\u00e9riadec<\/a><br\/><a href=\"https:\/\/www.leshautsdetoulvern.com\/\" target=\"_blank\" rel=\"noreferrer noopener\">Hauts de Toulvern<\/a><br\/><a href=\"https:\/\/www.centre-equestre-baden.com\/\" target=\"_blank\" rel=\"noreferrer noopener\">Website ruitersportcentrum<\/a><br\/><a href=\"https:\/\/camping-baden.ouiresa.fr\/#\/?type=202\" target=\"_blank\" rel=\"noreferrer noopener\">Reserveer uw ruiteractiviteiten online<\/a><\/p>\n<\/blockquote>\n\n\n\n<p class=\"ls-paragraph\"><strong>TARIEVEN :<\/strong><\/p>\n\n\n\n<p class=\"ls-paragraph\"><strong>Alleen in de februarivakantie<\/strong>: vriendschappelijke cursus van 3 uur. Activiteiten rond het paard, spelletjes, verzorging, rijden in de wei, 1 uur te paard behalve voor ervaren ruiters.   <br\/>190\u20ac voor een 5-daagse cursus voor gasten van een gite of camping, 210\u20ac voor andere ruiters<\/p>\n\n\n\n<p class=\"ls-paragraph\"><strong>5-daagse paardrijcursus 1u te paard of pony (1u te paard + 15-20min voorbereiding voor en na)<\/strong><br\/>of 4-daagse cursus 1u15 te paard of pony (1u15 te paard + 15-20 min voorbereiding voor en na)<strong>:<\/strong> <br\/>140\u20ac voor een 5-daagse cursus voor gasten van een gite of camping, 160\u20ac voor andere ruiters<\/p>\n\n\n\n<p class=\"ls-paragraph\"><strong>Incidentele groepslessen:<\/strong> op aanvraag<br\/><strong>Ritten onder begeleiding<\/strong> <strong>van de instructeur<\/strong> : 1 uur 28\u20ac<br\/><strong>Ponyritten onder begeleiding van ouders voor jongere kinderen<\/strong> : 12\u20ac per 1\/2 uur.<\/p>\n\n\n\n<p class=\"ls-paragraph\"><strong>Boek je paardrijcursus tegelijkertijd met je vakantie: voeg &#8220;paardrijcursus&#8221; toe aan &#8220;Sport en vrije tijd&#8221;.<\/strong><\/p>\n<\/div>\n<\/div>\n","protected":false},"excerpt":{"rendered":"<p>Het hele jaar geopend: Verblijf in een g\u00eete aan de kust van de Golf van Morbihan De authentieke g\u00eetes van M\u00e9ridac zijn ondergebracht in gerenoveerde stenen boerderijen. 6 g\u00eetes voor 2 tot 8 personen zijn het hele jaar door beschikbaar in het authentieke Bretonse dorp M\u00e9riadec, op 300m van de manege. Vrijstaande villa&#8217;s met een [&hellip;]<\/p>\n","protected":false},"author":1,"featured_media":2359,"comment_status":"closed","ping_status":"closed","sticky":false,"template":"","format":"standard","meta":{"_acf_changed":false,"footnotes":""},"categories":[204],"tags":[],"sujet":[],"class_list":["post-11833","post","type-post","status-publish","format-standard","has-post-thumbnail","hentry","category-nieuws"],"acf":[],"yoast_head":"<!-- This site is optimized with the Yoast SEO plugin v25.3 - https:\/\/yoast.com\/wordpress\/plugins\/seo\/ -->\n<title>Paardrijvakantie tijdens de vakantie<\/title>\n<meta name=\"robots\" content=\"index, follow, max-snippet:-1, max-image-preview:large, max-video-preview:-1\" \/>\n<link rel=\"canonical\" href=\"https:\/\/www.camping-baden.com\/nl\/paardrijvakantie-in-gite-herfstvakantie\/\" \/>\n<meta property=\"og:locale\" content=\"nl_NL\" \/>\n<meta property=\"og:type\" content=\"article\" \/>\n<meta property=\"og:title\" content=\"Paardrijvakantie tijdens de vakantie\" \/>\n<meta property=\"og:description\" content=\"Het hele jaar geopend: Verblijf in een g\u00eete aan de kust van de Golf van Morbihan De authentieke g\u00eetes van M\u00e9ridac zijn ondergebracht in gerenoveerde stenen boerderijen. 6 g\u00eetes voor 2 tot 8 personen zijn het hele jaar door beschikbaar in het authentieke Bretonse dorp M\u00e9riadec, op 300m van de manege. Vrijstaande villa&#8217;s met een [&hellip;]\" \/>\n<meta property=\"og:url\" content=\"https:\/\/www.camping-baden.com\/nl\/paardrijvakantie-in-gite-herfstvakantie\/\" \/>\n<meta property=\"og:site_name\" content=\"Man\u00e9 Guernehu\u00e9\" \/>\n<meta property=\"article:published_time\" content=\"2024-03-02T15:00:00+00:00\" \/>\n<meta property=\"article:modified_time\" content=\"2025-02-03T10:28:43+00:00\" \/>\n<meta property=\"og:image\" content=\"https:\/\/www.camping-baden.com\/wp-content\/uploads\/2021\/03\/balade-centre-equestre-morbihan.webp\" \/>\n\t<meta property=\"og:image:width\" content=\"2000\" \/>\n\t<meta property=\"og:image:height\" content=\"1333\" \/>\n\t<meta property=\"og:image:type\" content=\"image\/webp\" \/>\n<meta name=\"author\" content=\"@dmin64\" \/>\n<meta name=\"twitter:card\" content=\"summary_large_image\" \/>\n<meta name=\"twitter:label1\" content=\"Geschreven door\" \/>\n\t<meta name=\"twitter:data1\" content=\"@dmin64\" \/>\n\t<meta name=\"twitter:label2\" content=\"Geschatte leestijd\" \/>\n\t<meta name=\"twitter:data2\" content=\"2 minuten\" \/>\n<script type=\"application\/ld+json\" class=\"yoast-schema-graph\">{\"@context\":\"https:\/\/schema.org\",\"@graph\":[{\"@type\":\"Article\",\"@id\":\"https:\/\/www.camping-baden.com\/nl\/paardrijvakantie-in-gite-herfstvakantie\/#article\",\"isPartOf\":{\"@id\":\"https:\/\/www.camping-baden.com\/nl\/paardrijvakantie-in-gite-herfstvakantie\/\"},\"author\":{\"name\":\"@dmin64\",\"@id\":\"https:\/\/www.camping-baden.com\/nl\/#\/schema\/person\/c6e510fdea074e9025407c05c7b117ed\"},\"headline\":\"Paardrijvakantie tijdens de vakantie\",\"datePublished\":\"2024-03-02T15:00:00+00:00\",\"dateModified\":\"2025-02-03T10:28:43+00:00\",\"mainEntityOfPage\":{\"@id\":\"https:\/\/www.camping-baden.com\/nl\/paardrijvakantie-in-gite-herfstvakantie\/\"},\"wordCount\":434,\"publisher\":{\"@id\":\"https:\/\/www.camping-baden.com\/nl\/#organization\"},\"image\":{\"@id\":\"https:\/\/www.camping-baden.com\/nl\/paardrijvakantie-in-gite-herfstvakantie\/#primaryimage\"},\"thumbnailUrl\":\"https:\/\/www.camping-baden.com\/wp-content\/uploads\/2021\/03\/balade-centre-equestre-morbihan.webp\",\"articleSection\":[\"Nieuws\"],\"inLanguage\":\"nl-NL\"},{\"@type\":\"WebPage\",\"@id\":\"https:\/\/www.camping-baden.com\/nl\/paardrijvakantie-in-gite-herfstvakantie\/\",\"url\":\"https:\/\/www.camping-baden.com\/nl\/paardrijvakantie-in-gite-herfstvakantie\/\",\"name\":\"Paardrijvakantie tijdens de vakantie\",\"isPartOf\":{\"@id\":\"https:\/\/www.camping-baden.com\/nl\/#website\"},\"primaryImageOfPage\":{\"@id\":\"https:\/\/www.camping-baden.com\/nl\/paardrijvakantie-in-gite-herfstvakantie\/#primaryimage\"},\"image\":{\"@id\":\"https:\/\/www.camping-baden.com\/nl\/paardrijvakantie-in-gite-herfstvakantie\/#primaryimage\"},\"thumbnailUrl\":\"https:\/\/www.camping-baden.com\/wp-content\/uploads\/2021\/03\/balade-centre-equestre-morbihan.webp\",\"datePublished\":\"2024-03-02T15:00:00+00:00\",\"dateModified\":\"2025-02-03T10:28:43+00:00\",\"breadcrumb\":{\"@id\":\"https:\/\/www.camping-baden.com\/nl\/paardrijvakantie-in-gite-herfstvakantie\/#breadcrumb\"},\"inLanguage\":\"nl-NL\",\"potentialAction\":[{\"@type\":\"ReadAction\",\"target\":[\"https:\/\/www.camping-baden.com\/nl\/paardrijvakantie-in-gite-herfstvakantie\/\"]}]},{\"@type\":\"ImageObject\",\"inLanguage\":\"nl-NL\",\"@id\":\"https:\/\/www.camping-baden.com\/nl\/paardrijvakantie-in-gite-herfstvakantie\/#primaryimage\",\"url\":\"https:\/\/www.camping-baden.com\/wp-content\/uploads\/2021\/03\/balade-centre-equestre-morbihan.webp\",\"contentUrl\":\"https:\/\/www.camping-baden.com\/wp-content\/uploads\/2021\/03\/balade-centre-equestre-morbihan.webp\",\"width\":2000,\"height\":1333,\"caption\":\"paardrijcentrum morbihan\"},{\"@type\":\"BreadcrumbList\",\"@id\":\"https:\/\/www.camping-baden.com\/nl\/paardrijvakantie-in-gite-herfstvakantie\/#breadcrumb\",\"itemListElement\":[{\"@type\":\"ListItem\",\"position\":1,\"name\":\"Camping Golfe du Morbihan\",\"item\":\"https:\/\/www.camping-baden.com\/nl\/\"},{\"@type\":\"ListItem\",\"position\":2,\"name\":\"Nieuws\",\"item\":\"https:\/\/www.camping-baden.com\/nl\/nieuws\/\"},{\"@type\":\"ListItem\",\"position\":3,\"name\":\"Paardrijvakantie tijdens de vakantie\"}]},{\"@type\":\"WebSite\",\"@id\":\"https:\/\/www.camping-baden.com\/nl\/#website\",\"url\":\"https:\/\/www.camping-baden.com\/nl\/\",\"name\":\"Man\u00e9 Guernehu\u00e9\",\"description\":\"\",\"publisher\":{\"@id\":\"https:\/\/www.camping-baden.com\/nl\/#organization\"},\"potentialAction\":[{\"@type\":\"SearchAction\",\"target\":{\"@type\":\"EntryPoint\",\"urlTemplate\":\"https:\/\/www.camping-baden.com\/nl\/?s={search_term_string}\"},\"query-input\":{\"@type\":\"PropertyValueSpecification\",\"valueRequired\":true,\"valueName\":\"search_term_string\"}}],\"inLanguage\":\"nl-NL\"},{\"@type\":\"Organization\",\"@id\":\"https:\/\/www.camping-baden.com\/nl\/#organization\",\"name\":\"Man\u00e9 Guernehu\u00e9\",\"url\":\"https:\/\/www.camping-baden.com\/nl\/\",\"logo\":{\"@type\":\"ImageObject\",\"inLanguage\":\"nl-NL\",\"@id\":\"https:\/\/www.camping-baden.com\/nl\/#\/schema\/logo\/image\/\",\"url\":\"https:\/\/www.camping-baden.com\/wp-content\/uploads\/2024\/08\/logo-camping-mane-guernehue.png\",\"contentUrl\":\"https:\/\/www.camping-baden.com\/wp-content\/uploads\/2024\/08\/logo-camping-mane-guernehue.png\",\"width\":1000,\"height\":450,\"caption\":\"Man\u00e9 Guernehu\u00e9\"},\"image\":{\"@id\":\"https:\/\/www.camping-baden.com\/nl\/#\/schema\/logo\/image\/\"}},{\"@type\":\"Person\",\"@id\":\"https:\/\/www.camping-baden.com\/nl\/#\/schema\/person\/c6e510fdea074e9025407c05c7b117ed\",\"name\":\"@dmin64\",\"image\":{\"@type\":\"ImageObject\",\"inLanguage\":\"nl-NL\",\"@id\":\"https:\/\/www.camping-baden.com\/nl\/#\/schema\/person\/image\/\",\"url\":\"https:\/\/secure.gravatar.com\/avatar\/c139ef583a0e65260f6808f5628e6eca9fa8608b06e80bc14d5c39d32af667ca?s=96&d=mm&r=g\",\"contentUrl\":\"https:\/\/secure.gravatar.com\/avatar\/c139ef583a0e65260f6808f5628e6eca9fa8608b06e80bc14d5c39d32af667ca?s=96&d=mm&r=g\",\"caption\":\"@dmin64\"},\"sameAs\":[\"https:\/\/www.camping-baden.com\"]}]}<\/script>\n<!-- \/ Yoast SEO plugin. -->","yoast_head_json":{"title":"Paardrijvakantie tijdens de vakantie","robots":{"index":"index","follow":"follow","max-snippet":"max-snippet:-1","max-image-preview":"max-image-preview:large","max-video-preview":"max-video-preview:-1"},"canonical":"https:\/\/www.camping-baden.com\/nl\/paardrijvakantie-in-gite-herfstvakantie\/","og_locale":"nl_NL","og_type":"article","og_title":"Paardrijvakantie tijdens de vakantie","og_description":"Het hele jaar geopend: Verblijf in een g\u00eete aan de kust van de Golf van Morbihan De authentieke g\u00eetes van M\u00e9ridac zijn ondergebracht in gerenoveerde stenen boerderijen. 6 g\u00eetes voor 2 tot 8 personen zijn het hele jaar door beschikbaar in het authentieke Bretonse dorp M\u00e9riadec, op 300m van de manege. Vrijstaande villa&#8217;s met een [&hellip;]","og_url":"https:\/\/www.camping-baden.com\/nl\/paardrijvakantie-in-gite-herfstvakantie\/","og_site_name":"Man\u00e9 Guernehu\u00e9","article_published_time":"2024-03-02T15:00:00+00:00","article_modified_time":"2025-02-03T10:28:43+00:00","og_image":[{"width":2000,"height":1333,"url":"https:\/\/www.camping-baden.com\/wp-content\/uploads\/2021\/03\/balade-centre-equestre-morbihan.webp","type":"image\/webp"}],"author":"@dmin64","twitter_card":"summary_large_image","twitter_misc":{"Geschreven door":"@dmin64","Geschatte leestijd":"2 minuten"},"schema":{"@context":"https:\/\/schema.org","@graph":[{"@type":"Article","@id":"https:\/\/www.camping-baden.com\/nl\/paardrijvakantie-in-gite-herfstvakantie\/#article","isPartOf":{"@id":"https:\/\/www.camping-baden.com\/nl\/paardrijvakantie-in-gite-herfstvakantie\/"},"author":{"name":"@dmin64","@id":"https:\/\/www.camping-baden.com\/nl\/#\/schema\/person\/c6e510fdea074e9025407c05c7b117ed"},"headline":"Paardrijvakantie tijdens de vakantie","datePublished":"2024-03-02T15:00:00+00:00","dateModified":"2025-02-03T10:28:43+00:00","mainEntityOfPage":{"@id":"https:\/\/www.camping-baden.com\/nl\/paardrijvakantie-in-gite-herfstvakantie\/"},"wordCount":434,"publisher":{"@id":"https:\/\/www.camping-baden.com\/nl\/#organization"},"image":{"@id":"https:\/\/www.camping-baden.com\/nl\/paardrijvakantie-in-gite-herfstvakantie\/#primaryimage"},"thumbnailUrl":"https:\/\/www.camping-baden.com\/wp-content\/uploads\/2021\/03\/balade-centre-equestre-morbihan.webp","articleSection":["Nieuws"],"inLanguage":"nl-NL"},{"@type":"WebPage","@id":"https:\/\/www.camping-baden.com\/nl\/paardrijvakantie-in-gite-herfstvakantie\/","url":"https:\/\/www.camping-baden.com\/nl\/paardrijvakantie-in-gite-herfstvakantie\/","name":"Paardrijvakantie tijdens de vakantie","isPartOf":{"@id":"https:\/\/www.camping-baden.com\/nl\/#website"},"primaryImageOfPage":{"@id":"https:\/\/www.camping-baden.com\/nl\/paardrijvakantie-in-gite-herfstvakantie\/#primaryimage"},"image":{"@id":"https:\/\/www.camping-baden.com\/nl\/paardrijvakantie-in-gite-herfstvakantie\/#primaryimage"},"thumbnailUrl":"https:\/\/www.camping-baden.com\/wp-content\/uploads\/2021\/03\/balade-centre-equestre-morbihan.webp","datePublished":"2024-03-02T15:00:00+00:00","dateModified":"2025-02-03T10:28:43+00:00","breadcrumb":{"@id":"https:\/\/www.camping-baden.com\/nl\/paardrijvakantie-in-gite-herfstvakantie\/#breadcrumb"},"inLanguage":"nl-NL","potentialAction":[{"@type":"ReadAction","target":["https:\/\/www.camping-baden.com\/nl\/paardrijvakantie-in-gite-herfstvakantie\/"]}]},{"@type":"ImageObject","inLanguage":"nl-NL","@id":"https:\/\/www.camping-baden.com\/nl\/paardrijvakantie-in-gite-herfstvakantie\/#primaryimage","url":"https:\/\/www.camping-baden.com\/wp-content\/uploads\/2021\/03\/balade-centre-equestre-morbihan.webp","contentUrl":"https:\/\/www.camping-baden.com\/wp-content\/uploads\/2021\/03\/balade-centre-equestre-morbihan.webp","width":2000,"height":1333,"caption":"paardrijcentrum morbihan"},{"@type":"BreadcrumbList","@id":"https:\/\/www.camping-baden.com\/nl\/paardrijvakantie-in-gite-herfstvakantie\/#breadcrumb","itemListElement":[{"@type":"ListItem","position":1,"name":"Camping Golfe du Morbihan","item":"https:\/\/www.camping-baden.com\/nl\/"},{"@type":"ListItem","position":2,"name":"Nieuws","item":"https:\/\/www.camping-baden.com\/nl\/nieuws\/"},{"@type":"ListItem","position":3,"name":"Paardrijvakantie tijdens de vakantie"}]},{"@type":"WebSite","@id":"https:\/\/www.camping-baden.com\/nl\/#website","url":"https:\/\/www.camping-baden.com\/nl\/","name":"Man\u00e9 Guernehu\u00e9","description":"","publisher":{"@id":"https:\/\/www.camping-baden.com\/nl\/#organization"},"potentialAction":[{"@type":"SearchAction","target":{"@type":"EntryPoint","urlTemplate":"https:\/\/www.camping-baden.com\/nl\/?s={search_term_string}"},"query-input":{"@type":"PropertyValueSpecification","valueRequired":true,"valueName":"search_term_string"}}],"inLanguage":"nl-NL"},{"@type":"Organization","@id":"https:\/\/www.camping-baden.com\/nl\/#organization","name":"Man\u00e9 Guernehu\u00e9","url":"https:\/\/www.camping-baden.com\/nl\/","logo":{"@type":"ImageObject","inLanguage":"nl-NL","@id":"https:\/\/www.camping-baden.com\/nl\/#\/schema\/logo\/image\/","url":"https:\/\/www.camping-baden.com\/wp-content\/uploads\/2024\/08\/logo-camping-mane-guernehue.png","contentUrl":"https:\/\/www.camping-baden.com\/wp-content\/uploads\/2024\/08\/logo-camping-mane-guernehue.png","width":1000,"height":450,"caption":"Man\u00e9 Guernehu\u00e9"},"image":{"@id":"https:\/\/www.camping-baden.com\/nl\/#\/schema\/logo\/image\/"}},{"@type":"Person","@id":"https:\/\/www.camping-baden.com\/nl\/#\/schema\/person\/c6e510fdea074e9025407c05c7b117ed","name":"@dmin64","image":{"@type":"ImageObject","inLanguage":"nl-NL","@id":"https:\/\/www.camping-baden.com\/nl\/#\/schema\/person\/image\/","url":"https:\/\/secure.gravatar.com\/avatar\/c139ef583a0e65260f6808f5628e6eca9fa8608b06e80bc14d5c39d32af667ca?s=96&d=mm&r=g","contentUrl":"https:\/\/secure.gravatar.com\/avatar\/c139ef583a0e65260f6808f5628e6eca9fa8608b06e80bc14d5c39d32af667ca?s=96&d=mm&r=g","caption":"@dmin64"},"sameAs":["https:\/\/www.camping-baden.com"]}]}},"_links":{"self":[{"href":"https:\/\/www.camping-baden.com\/nl\/wp-json\/wp\/v2\/posts\/11833","targetHints":{"allow":["GET"]}}],"collection":[{"href":"https:\/\/www.camping-baden.com\/nl\/wp-json\/wp\/v2\/posts"}],"about":[{"href":"https:\/\/www.camping-baden.com\/nl\/wp-json\/wp\/v2\/types\/post"}],"author":[{"embeddable":true,"href":"https:\/\/www.camping-baden.com\/nl\/wp-json\/wp\/v2\/users\/1"}],"replies":[{"embeddable":true,"href":"https:\/\/www.camping-baden.com\/nl\/wp-json\/wp\/v2\/comments?post=11833"}],"version-history":[{"count":2,"href":"https:\/\/www.camping-baden.com\/nl\/wp-json\/wp\/v2\/posts\/11833\/revisions"}],"predecessor-version":[{"id":12260,"href":"https:\/\/www.camping-baden.com\/nl\/wp-json\/wp\/v2\/posts\/11833\/revisions\/12260"}],"wp:featuredmedia":[{"embeddable":true,"href":"https:\/\/www.camping-baden.com\/nl\/wp-json\/wp\/v2\/media\/2359"}],"wp:attachment":[{"href":"https:\/\/www.camping-baden.com\/nl\/wp-json\/wp\/v2\/media?parent=11833"}],"wp:term":[{"taxonomy":"category","embeddable":true,"href":"https:\/\/www.camping-baden.com\/nl\/wp-json\/wp\/v2\/categories?post=11833"},{"taxonomy":"post_tag","embeddable":true,"href":"https:\/\/www.camping-baden.com\/nl\/wp-json\/wp\/v2\/tags?post=11833"},{"taxonomy":"sujet","embeddable":true,"href":"https:\/\/www.camping-baden.com\/nl\/wp-json\/wp\/v2\/sujet?post=11833"}],"curies":[{"name":"wp","href":"https:\/\/api.w.org\/{rel}","templated":true}]}}