{"id":11694,"date":"2024-10-24T16:38:00","date_gmt":"2024-10-24T14:38:00","guid":{"rendered":"https:\/\/www.camping-baden.com\/evenementen-zomer-seizoen-golfe-du-morbihan-zeilen-festival-folklore-breton-concert-tour-de-france\/"},"modified":"2025-12-01T13:36:54","modified_gmt":"2025-12-01T12:36:54","slug":"evenementen-zomer-seizoen-golfe-du-morbihan-zeilen-festival-folklore-breton-concert-tour-de-france","status":"publish","type":"post","link":"https:\/\/www.camping-baden.com\/nl\/evenementen-zomer-seizoen-golfe-du-morbihan-zeilen-festival-folklore-breton-concert-tour-de-france\/","title":{"rendered":"2026 evenementen in de Golf van Morbihan: zeilen, festival, Bretonse folklore, concert"},"content":{"rendered":"\n<div id=\"ls-heading ls-titre-div-block_7085b6dcf19f5d4c633aad24dedc91cb\" class=\"ls-titre-div aligncenter h2-like has-text-color has-color-1-color\" >\n    Op Camping Man\u00e9 Guernehu\u00e9 in de Golf van Morbihan zit je op de eerste rij om de Bretonse cultuur te (her)ontdekken en een onvergetelijke tijd te beleven!<\/div>\n\n<div class=\"wp-block-columns is-layout-flex wp-container-core-columns-is-layout-9d6595d7 wp-block-columns-is-layout-flex\">\n<div class=\"wp-block-column is-layout-flow wp-block-column-is-layout-flow\">\n<figure class=\"wp-block-gallery has-nested-images columns-default is-cropped wp-block-gallery-1 is-layout-flex wp-block-gallery-is-layout-flex\">\n<figure class=\"wp-block-image size-large\"><a href=\"https:\/\/www.camping-baden.com\/wp-content\/uploads\/2019\/12\/paddle-trophy-2-800px.webp\"><img decoding=\"async\" width=\"800\" height=\"533\" data-id=\"1068\" src=\"https:\/\/www.camping-baden.com\/wp-content\/uploads\/2019\/12\/paddle-trophy-2-800px.webp\" alt=\"peddeltrofee px\" class=\"wp-image-1068\" srcset=\"https:\/\/www.camping-baden.com\/wp-content\/uploads\/2019\/12\/paddle-trophy-2-800px.webp 800w, https:\/\/www.camping-baden.com\/wp-content\/uploads\/2019\/12\/paddle-trophy-2-800px-300x200.webp 300w, https:\/\/www.camping-baden.com\/wp-content\/uploads\/2019\/12\/paddle-trophy-2-800px-768x512.webp 768w\" sizes=\"(max-width: 800px) 100vw, 800px\" \/><\/a><figcaption class=\"wp-element-caption\">Morbihan peddelen Trofee Golfe du Morbihan<\/figcaption><\/figure>\n\n\n\n<figure class=\"wp-block-image size-large\"><a href=\"https:\/\/www.camping-baden.com\/wp-content\/uploads\/2024\/07\/regate-golfe-du-morbihan-ile-aux-moines-800px-2.webp\"><img decoding=\"async\" width=\"800\" height=\"533\" data-id=\"2873\" src=\"https:\/\/www.camping-baden.com\/wp-content\/uploads\/2024\/07\/regate-golfe-du-morbihan-ile-aux-moines-800px-2.webp\" alt=\"regate golfe du morbihan ile aux moines px\" class=\"wp-image-2873\" srcset=\"https:\/\/www.camping-baden.com\/wp-content\/uploads\/2024\/07\/regate-golfe-du-morbihan-ile-aux-moines-800px-2.webp 800w, https:\/\/www.camping-baden.com\/wp-content\/uploads\/2024\/07\/regate-golfe-du-morbihan-ile-aux-moines-800px-2-300x200.webp 300w, https:\/\/www.camping-baden.com\/wp-content\/uploads\/2024\/07\/regate-golfe-du-morbihan-ile-aux-moines-800px-2-768x512.webp 768w\" sizes=\"(max-width: 800px) 100vw, 800px\" \/><\/a><figcaption class=\"wp-element-caption\">L&#8217;lle aux Moines Zeilfestival<\/figcaption><\/figure>\n\n\n\n<figure class=\"wp-block-image size-large\"><a href=\"https:\/\/www.camping-baden.com\/wp-content\/uploads\/2024\/07\/regate-golfe-du-morbihan-ile-aux-moines-800px.webp\"><img decoding=\"async\" width=\"800\" height=\"533\" data-id=\"2877\" src=\"https:\/\/www.camping-baden.com\/wp-content\/uploads\/2024\/07\/regate-golfe-du-morbihan-ile-aux-moines-800px.webp\" alt=\"regate golfe du morbihan ile aux moines px\" class=\"wp-image-2877\" srcset=\"https:\/\/www.camping-baden.com\/wp-content\/uploads\/2024\/07\/regate-golfe-du-morbihan-ile-aux-moines-800px.webp 800w, https:\/\/www.camping-baden.com\/wp-content\/uploads\/2024\/07\/regate-golfe-du-morbihan-ile-aux-moines-800px-300x200.webp 300w, https:\/\/www.camping-baden.com\/wp-content\/uploads\/2024\/07\/regate-golfe-du-morbihan-ile-aux-moines-800px-768x512.webp 768w\" sizes=\"(max-width: 800px) 100vw, 800px\" \/><\/a><figcaption class=\"wp-element-caption\">Jachtluipaard-regatta&#8217;s in de Golf van Morbihan<\/figcaption><\/figure>\n\n\n\n<figure class=\"wp-block-image size-large\"><a href=\"https:\/\/www.camping-baden.com\/wp-content\/uploads\/2024\/07\/photo-la-gacilly-800px.webp\"><img decoding=\"async\" width=\"800\" height=\"533\" data-id=\"2881\" src=\"https:\/\/www.camping-baden.com\/wp-content\/uploads\/2024\/07\/photo-la-gacilly-800px.webp\" alt=\"foto la gacilly px\" class=\"wp-image-2881\" srcset=\"https:\/\/www.camping-baden.com\/wp-content\/uploads\/2024\/07\/photo-la-gacilly-800px.webp 800w, https:\/\/www.camping-baden.com\/wp-content\/uploads\/2024\/07\/photo-la-gacilly-800px-300x200.webp 300w, https:\/\/www.camping-baden.com\/wp-content\/uploads\/2024\/07\/photo-la-gacilly-800px-768x512.webp 768w\" sizes=\"(max-width: 800px) 100vw, 800px\" \/><\/a><figcaption class=\"wp-element-caption\">La Gacilly fotofestival juni tot september<\/figcaption><\/figure>\n\n\n\n<figure class=\"wp-block-image size-large\"><a href=\"https:\/\/www.camping-baden.com\/wp-content\/uploads\/2024\/07\/photo-la-gacilly-2-800px.webp\"><img decoding=\"async\" width=\"800\" height=\"533\" data-id=\"2885\" src=\"https:\/\/www.camping-baden.com\/wp-content\/uploads\/2024\/07\/photo-la-gacilly-2-800px.webp\" alt=\"foto la gacilly px\" class=\"wp-image-2885\" srcset=\"https:\/\/www.camping-baden.com\/wp-content\/uploads\/2024\/07\/photo-la-gacilly-2-800px.webp 800w, https:\/\/www.camping-baden.com\/wp-content\/uploads\/2024\/07\/photo-la-gacilly-2-800px-300x200.webp 300w, https:\/\/www.camping-baden.com\/wp-content\/uploads\/2024\/07\/photo-la-gacilly-2-800px-768x512.webp 768w\" sizes=\"(max-width: 800px) 100vw, 800px\" \/><\/a><figcaption class=\"wp-element-caption\">La Gacilly fotofestival juni tot september<\/figcaption><\/figure>\n\n\n\n<figure class=\"wp-block-image size-large\"><a href=\"https:\/\/www.camping-baden.com\/wp-content\/uploads\/2024\/07\/crtb-ad0752_LAMOUREUX-Alexandre-800px.webp\"><img decoding=\"async\" width=\"800\" height=\"533\" data-id=\"2893\" src=\"https:\/\/www.camping-baden.com\/wp-content\/uploads\/2024\/07\/crtb-ad0752_LAMOUREUX-Alexandre-800px.webp\" alt=\"crtb ad LAMOUREUX Alexandre px\" class=\"wp-image-2893\" srcset=\"https:\/\/www.camping-baden.com\/wp-content\/uploads\/2024\/07\/crtb-ad0752_LAMOUREUX-Alexandre-800px.webp 800w, https:\/\/www.camping-baden.com\/wp-content\/uploads\/2024\/07\/crtb-ad0752_LAMOUREUX-Alexandre-800px-300x200.webp 300w, https:\/\/www.camping-baden.com\/wp-content\/uploads\/2024\/07\/crtb-ad0752_LAMOUREUX-Alexandre-800px-768x512.webp 768w\" sizes=\"(max-width: 800px) 100vw, 800px\" \/><\/a><figcaption class=\"wp-element-caption\">L&#8217;lle aux Moines Zeilfestival<br\/><\/figcaption><\/figure>\n\n\n\n<figure class=\"wp-block-image size-large\"><a href=\"https:\/\/www.camping-baden.com\/wp-content\/uploads\/2024\/07\/fetes-historiques-vannes-2016-800px.webp\"><img decoding=\"async\" width=\"800\" height=\"539\" data-id=\"2889\" src=\"https:\/\/www.camping-baden.com\/wp-content\/uploads\/2024\/07\/fetes-historiques-vannes-2016-800px.webp\" alt=\"historische feesten vannes px\" class=\"wp-image-2889\" srcset=\"https:\/\/www.camping-baden.com\/wp-content\/uploads\/2024\/07\/fetes-historiques-vannes-2016-800px.webp 800w, https:\/\/www.camping-baden.com\/wp-content\/uploads\/2024\/07\/fetes-historiques-vannes-2016-800px-300x202.webp 300w, https:\/\/www.camping-baden.com\/wp-content\/uploads\/2024\/07\/fetes-historiques-vannes-2016-800px-768x517.webp 768w\" sizes=\"(max-width: 800px) 100vw, 800px\" \/><\/a><figcaption class=\"wp-element-caption\">Historisch Festival Vannes 13 en 14 juli<\/figcaption><\/figure>\n<\/figure>\n<\/div>\n\n\n\n<div class=\"wp-block-column is-layout-flow wp-block-column-is-layout-flow\">\n<h3 class=\"ls__heading wp-block-heading\">Het hele seizoen<\/h3>\n\n\n\n<ul class=\"ls-list ls-list-undefined wp-block-list\">\n<li><strong>31 mei &#8211; 4 oktober &#8211; Fotofestival in La Gacilly<br\/><\/strong>Het grootste fotofestival van Frankrijk in de straten van La Gacilly (70 km van Baden), 35 gratis tentoonstellingen, 2.000 foto&#8217;s! Een evenement dat de omwegen meer dan waard is.   <a href=\"https:\/\/www.festivalphoto-lagacilly.com\/\" target=\"_blank\" rel=\"noreferrer noopener\">www.festivalphoto-lagacilly.com<\/a><\/li>\n\n\n\n<li><strong>Fotofestival Mor Braz<\/strong> Gratis groot formaat fototentoonstelling in de open lucht in de marktstadjes Arzon, Houat, Ho\u00ebdic, Belle \u00cele (Le Palais), Locmariaquer, Plouharnel en La Trinit\u00e9 sur mer.<a href=\"http:\/\/www.festival-escales-photos.fr\/\" target=\"_blank\" rel=\"noreferrer noopener\">Meer informatie op de website van Festival Escales Photos<\/a><\/li>\n\n\n\n<li><strong>Ostreapolis, het oesterhuis<\/strong> Het hele jaar geopend.<br\/>Juli en augustus: 7 dagen per week, 10 tot 18u non-stop april tot juni en september tot half november: woensdag tot zondag, 10 tot 13u en 14 tot 18u.<br\/>Gesloten op feestdagen Rue du Bois de la Salle Le Tour-du-Parc. Volwassenen \u20ac10<a href=\"https:\/\/www.ostreapolis.bzh\/\" target=\"_blank\" rel=\"noreferrer noopener\">ostreapolis.bzh<\/a>   <\/li>\n<\/ul>\n<\/div>\n<\/div>\n\n<h3 class=\"ls__heading wp-block-heading\">In juni<\/h3>\n\n<ul class=\"ls-list ls-list-undefined wp-block-list\">\n<li><strong>Nog te bevestigen data: F\u00eate de la Mer in Larmor-Baden met nautische en landactiviteiten.<\/strong> Zeilen: parade en samenkomst van flottieljes. &#8220;Wandeling op het water: een bijeenkomst van peddels. Kajakken, sculling wedstrijd met Ty-Plates, zwemmen. Aan land: schilderwedstrijd, maritieme rommelmarkt, botenverkoop, muzikaal entertainment, foodtrucks en proeverij van lokale oesters.    <a href=\"https:\/\/fetedelamer-larmorbaden.fr\/\" target=\"_blank\" rel=\"noreferrer noopener\">kom meer te weten op de fetedelamer website<\/a><\/li>\n\n\n\n<li><strong>21 Juni \u2013 La F\u00eate de la Musique<br\/><\/strong>Gratis concerten in het stadscentrum, Baden, Vannes en Auray.<\/li>\n\n\n\n<li><strong>21 juni &#8211; Trail des Remparts \u00e0 Vannes<\/strong><br\/>Sport, spel en amusement voor het hele gezin in het uitzonderlijke kader van de stadswallen van Vannes. <a href=\"https:\/\/trailvannes.fr\/\" target=\"_blank\" rel=\"noreferrer noopener\">trailvannes.fr<\/a><\/li>\n\n\n\n<li><strong>24 tot 28 juni &#8211; De Ultra Marin Raid rond de Golfe du Morbihan<br\/><\/strong>Een uitzonderlijk sportevenement in een prachtige natuurlijke omgeving, met verschillende routes waaronder de Grand Raid 177 km. <a href=\"https:\/\/www.camping-baden.com\/nl\/accommodatie-voor-ultra-marin-le-raid-rond-de-golf-van-morbihan\/\">Meer informatie over de Ultra Marin<\/a><\/li>\n<\/ul>\n\n<h3 class=\"ls__heading wp-block-heading\">In juli<\/h3>\n\n<ul class=\"ls-list ls-list-undefined wp-block-list\">\n<li><strong>14 juli &#8211; Plaatselijk vuurwerk <\/strong>in Baden, Larmor Baden, Auray&#8230;<\/li>\n\n\n\n<li><strong>13 &#8211; 19 juli &#8211; Festival du Conte \u00e0 Baden<br\/><\/strong>Verhalen uit Bretagne en elders nemen je mee op reis naar wondere werelden. De vertellers komen naar de camping Man\u00e9 Guernehu\u00e9 voor een moment van delen en warme ontmoetingen.   <a href=\"http:\/\/contesbaden.com\/\" target=\"_blank\" rel=\"noreferrer noopener\">Link naar contesbaden.com<\/a><\/li>\n\n\n\n<li><strong>8 &#8211; 11 juli &#8211; Vannes Echos Jazz \u00e0 Vannes<br\/><\/strong>Gratis concerten door grote namen uit de jazz in het centrum van Vannes. <a href=\"https:\/\/www.vannesechosjazz.bzh\/\" target=\"_blank\" rel=\"noreferrer noopener\">Link naar de website van Vannes Echo Jazz<\/a><\/li>\n\n\n\n<li><strong>26 juli &#8211; Grand Pardon de Sainte Anne d&#8217;Auray<br\/><\/strong>Een tijd om te delen, met duizenden pelgrims die naar de Basiliek van Sainte Anne d&#8217;Auray komen. <a href=\"https:\/\/www.sainteanne-sanctuaire.com\/\" target=\"_blank\" rel=\"noreferrer noopener\">Meer informatie over het Grote Pardon van Sainte-Anne d&#8217;Auray<\/a><\/li>\n<\/ul>\n\n<h3 class=\"ls__heading wp-block-heading\">Augustus:<\/h3>\n\n<ul class=\"ls-list ls-list-undefined wp-block-list\">\n<li><strong>31 juli &#8211; 9 augustus: Lorient Interceltic Festival<\/strong><br\/>10 dagen Keltische muziek met 50.000 artiesten, muzikanten en dansers uit Schotland, Wales, Ierland, Cornwall, Bretagne, de VS, Galici\u00eb&#8230; Cornwall staat in 2026 in de schijnwerpers. Voor meer informatie: <a href=\"https:\/\/www.festival-interceltique.bzh\/\" target=\"_blank\" rel=\"noreferrer noopener\">www.festival-interceltique.bzh<\/a> <\/li>\n\n\n\n<li><strong>1 \u2013 2 augustus : Festival au Pont du Rock in Malestroit<br\/><\/strong>Bretonse rockbands in een high-energy festival. <a href=\"https:\/\/aupontdurock.com\/\" target=\"_blank\" rel=\"noreferrer noopener\">Website Au Pont du Rock<\/a><\/li>\n\n\n\n<li><strong>2 augustus &#8211; Watersteekspelen in de haven van Saint-Goustan Auray<\/strong> 9u-19u<br\/>In de haven van Saint-Goustan nemen 24 lokale teams het tegen elkaar op in boten die bestaan uit een stuurman, zes roeiers en een steekspeler. Wanneer de boten elkaar passeren, proberen de steekspelers elkaar onder het gejuich van het publiek omver te werpen. <\/li>\n\n\n\n<li><strong>2 augustus: Dorsfestival in Baden<\/strong><br\/>Tentoonstelling van oude ambachten op het land, ezels, entertainment. Gratis toegang. Parade door de stad om 11.30 uur.  <\/li>\n\n\n\n<li><strong>14 &#8211; 16 augustus: Festival d&#8217;Arvor in Vannes<br\/><\/strong>Festival van de Bretonse cultuur met dans, Bretonse muziek, fest-noz&#8230; Vuurwerk. <a href=\"https:\/\/www.festival-arvor.bzh\/\" target=\"_blank\" rel=\"noreferrer noopener\">Feest van Arvor<\/a><\/li>\n\n\n\n<li><strong>9 augustus: Pardon de la Chapelle de M\u00e9riadec \u00e0 Baden<\/strong><br\/>Traditioneel festival op een steenworp afstand van de camping, in het dorp M\u00e9riadec. Gratis toegang. <\/li>\n\n\n\n<li><strong>18, 19, 20, 24, 25 en 26 augustus: Skedanoz in Carnac.<\/strong> <br\/>Les nuits scintillantes des M\u00e9galithes is een verhalende klank- en lichtshow in de Alignments du M\u00e9nec in Carnac. Van 22.00 tot 22.45 uur. Ingang: parkeergarage Maison des M\u00e9galithes. Prijs: \u20ac 6 (gratis voor kinderen onder de 3 jaar)    <a href=\"https:\/\/www.ot-carnac.fr\/preparer\/idees-sorties\/grands-evenements\/skedanoz\" target=\"_blank\" rel=\"noreferrer noopener\">Lees meer<\/a><\/li>\n\n\n\n<li><strong>23 augustus: Nautisch steekspel in de haven van Vannes<\/strong> 10u &#8211; 18u<\/li>\n<\/ul>\n\n<h3 class=\"ls__heading wp-block-heading\">September:<\/h3>\n\n<ul class=\"ls-list ls-list-undefined wp-block-list\">\n<li><strong>Nog te bevestigen data<\/strong>: <strong>SNSM Morbihan Paddle Trophy<\/strong> in de haven van Saint Goustan in Auray. Animatie op het water en op het land.   <a href=\"http:\/\/morbihanpaddletrophy.fr\/\" target=\"_blank\" rel=\"noreferrer noopener\">morbihanpaddletrophy.fr<\/a><\/li>\n<\/ul>\n\n<p class=\"ls-paragraph\"><\/p>\n","protected":false},"excerpt":{"rendered":"<p>Het hele seizoen In juni In juli Augustus: September:<\/p>\n","protected":false},"author":1,"featured_media":2899,"comment_status":"closed","ping_status":"closed","sticky":false,"template":"","format":"standard","meta":{"_acf_changed":false,"footnotes":""},"categories":[204],"tags":[],"sujet":[],"class_list":["post-11694","post","type-post","status-publish","format-standard","has-post-thumbnail","hentry","category-nieuws"],"acf":[],"yoast_head":"<!-- This site is optimized with the Yoast SEO plugin v25.3 - https:\/\/yoast.com\/wordpress\/plugins\/seo\/ -->\n<title>2026 evenementen in de Golf van Morbihan: zeilen, festival, Bretonse folklore, concert<\/title>\n<meta name=\"robots\" content=\"index, follow, max-snippet:-1, max-image-preview:large, max-video-preview:-1\" \/>\n<link rel=\"canonical\" href=\"https:\/\/www.camping-baden.com\/nl\/evenementen-zomer-seizoen-golfe-du-morbihan-zeilen-festival-folklore-breton-concert-tour-de-france\/\" \/>\n<meta property=\"og:locale\" content=\"nl_NL\" \/>\n<meta property=\"og:type\" content=\"article\" \/>\n<meta property=\"og:title\" content=\"2026 evenementen in de Golf van Morbihan: zeilen, festival, Bretonse folklore, concert\" \/>\n<meta property=\"og:description\" content=\"Het hele seizoen In juni In juli Augustus: September:\" \/>\n<meta property=\"og:url\" content=\"https:\/\/www.camping-baden.com\/nl\/evenementen-zomer-seizoen-golfe-du-morbihan-zeilen-festival-folklore-breton-concert-tour-de-france\/\" \/>\n<meta property=\"og:site_name\" content=\"Man\u00e9 Guernehu\u00e9\" \/>\n<meta property=\"article:published_time\" content=\"2024-10-24T14:38:00+00:00\" \/>\n<meta property=\"article:modified_time\" content=\"2025-12-01T12:36:54+00:00\" \/>\n<meta property=\"og:image\" content=\"https:\/\/www.camping-baden.com\/wp-content\/uploads\/2024\/07\/fetes-historiques-vannes-2016-800px_upscayl_2x_realesrgan-x4plus.webp\" \/>\n\t<meta property=\"og:image:width\" content=\"2000\" \/>\n\t<meta property=\"og:image:height\" content=\"1348\" \/>\n\t<meta property=\"og:image:type\" content=\"image\/webp\" \/>\n<meta name=\"author\" content=\"@dmin64\" \/>\n<meta name=\"twitter:card\" content=\"summary_large_image\" \/>\n<meta name=\"twitter:label1\" content=\"Geschreven door\" \/>\n\t<meta name=\"twitter:data1\" content=\"@dmin64\" \/>\n\t<meta name=\"twitter:label2\" content=\"Geschatte leestijd\" \/>\n\t<meta name=\"twitter:data2\" content=\"3 minuten\" \/>\n<script type=\"application\/ld+json\" class=\"yoast-schema-graph\">{\"@context\":\"https:\/\/schema.org\",\"@graph\":[{\"@type\":\"Article\",\"@id\":\"https:\/\/www.camping-baden.com\/nl\/evenementen-zomer-seizoen-golfe-du-morbihan-zeilen-festival-folklore-breton-concert-tour-de-france\/#article\",\"isPartOf\":{\"@id\":\"https:\/\/www.camping-baden.com\/nl\/evenementen-zomer-seizoen-golfe-du-morbihan-zeilen-festival-folklore-breton-concert-tour-de-france\/\"},\"author\":{\"name\":\"@dmin64\",\"@id\":\"https:\/\/www.camping-baden.com\/nl\/#\/schema\/person\/c6e510fdea074e9025407c05c7b117ed\"},\"headline\":\"2026 evenementen in de Golf van Morbihan: zeilen, festival, Bretonse folklore, concert\",\"datePublished\":\"2024-10-24T14:38:00+00:00\",\"dateModified\":\"2025-12-01T12:36:54+00:00\",\"mainEntityOfPage\":{\"@id\":\"https:\/\/www.camping-baden.com\/nl\/evenementen-zomer-seizoen-golfe-du-morbihan-zeilen-festival-folklore-breton-concert-tour-de-france\/\"},\"wordCount\":681,\"publisher\":{\"@id\":\"https:\/\/www.camping-baden.com\/nl\/#organization\"},\"image\":{\"@id\":\"https:\/\/www.camping-baden.com\/nl\/evenementen-zomer-seizoen-golfe-du-morbihan-zeilen-festival-folklore-breton-concert-tour-de-france\/#primaryimage\"},\"thumbnailUrl\":\"https:\/\/www.camping-baden.com\/wp-content\/uploads\/2024\/07\/fetes-historiques-vannes-2016-800px_upscayl_2x_realesrgan-x4plus.webp\",\"articleSection\":[\"Nieuws\"],\"inLanguage\":\"nl-NL\"},{\"@type\":\"WebPage\",\"@id\":\"https:\/\/www.camping-baden.com\/nl\/evenementen-zomer-seizoen-golfe-du-morbihan-zeilen-festival-folklore-breton-concert-tour-de-france\/\",\"url\":\"https:\/\/www.camping-baden.com\/nl\/evenementen-zomer-seizoen-golfe-du-morbihan-zeilen-festival-folklore-breton-concert-tour-de-france\/\",\"name\":\"2026 evenementen in de Golf van Morbihan: zeilen, festival, Bretonse folklore, concert\",\"isPartOf\":{\"@id\":\"https:\/\/www.camping-baden.com\/nl\/#website\"},\"primaryImageOfPage\":{\"@id\":\"https:\/\/www.camping-baden.com\/nl\/evenementen-zomer-seizoen-golfe-du-morbihan-zeilen-festival-folklore-breton-concert-tour-de-france\/#primaryimage\"},\"image\":{\"@id\":\"https:\/\/www.camping-baden.com\/nl\/evenementen-zomer-seizoen-golfe-du-morbihan-zeilen-festival-folklore-breton-concert-tour-de-france\/#primaryimage\"},\"thumbnailUrl\":\"https:\/\/www.camping-baden.com\/wp-content\/uploads\/2024\/07\/fetes-historiques-vannes-2016-800px_upscayl_2x_realesrgan-x4plus.webp\",\"datePublished\":\"2024-10-24T14:38:00+00:00\",\"dateModified\":\"2025-12-01T12:36:54+00:00\",\"breadcrumb\":{\"@id\":\"https:\/\/www.camping-baden.com\/nl\/evenementen-zomer-seizoen-golfe-du-morbihan-zeilen-festival-folklore-breton-concert-tour-de-france\/#breadcrumb\"},\"inLanguage\":\"nl-NL\",\"potentialAction\":[{\"@type\":\"ReadAction\",\"target\":[\"https:\/\/www.camping-baden.com\/nl\/evenementen-zomer-seizoen-golfe-du-morbihan-zeilen-festival-folklore-breton-concert-tour-de-france\/\"]}]},{\"@type\":\"ImageObject\",\"inLanguage\":\"nl-NL\",\"@id\":\"https:\/\/www.camping-baden.com\/nl\/evenementen-zomer-seizoen-golfe-du-morbihan-zeilen-festival-folklore-breton-concert-tour-de-france\/#primaryimage\",\"url\":\"https:\/\/www.camping-baden.com\/wp-content\/uploads\/2024\/07\/fetes-historiques-vannes-2016-800px_upscayl_2x_realesrgan-x4plus.webp\",\"contentUrl\":\"https:\/\/www.camping-baden.com\/wp-content\/uploads\/2024\/07\/fetes-historiques-vannes-2016-800px_upscayl_2x_realesrgan-x4plus.webp\",\"width\":2000,\"height\":1348,\"caption\":\"historische feesten vannes\"},{\"@type\":\"BreadcrumbList\",\"@id\":\"https:\/\/www.camping-baden.com\/nl\/evenementen-zomer-seizoen-golfe-du-morbihan-zeilen-festival-folklore-breton-concert-tour-de-france\/#breadcrumb\",\"itemListElement\":[{\"@type\":\"ListItem\",\"position\":1,\"name\":\"Camping Golfe du Morbihan\",\"item\":\"https:\/\/www.camping-baden.com\/nl\/\"},{\"@type\":\"ListItem\",\"position\":2,\"name\":\"Nieuws\",\"item\":\"https:\/\/www.camping-baden.com\/nl\/nieuws\/\"},{\"@type\":\"ListItem\",\"position\":3,\"name\":\"2026 evenementen in de Golf van Morbihan: zeilen, festival, Bretonse folklore, concert\"}]},{\"@type\":\"WebSite\",\"@id\":\"https:\/\/www.camping-baden.com\/nl\/#website\",\"url\":\"https:\/\/www.camping-baden.com\/nl\/\",\"name\":\"Man\u00e9 Guernehu\u00e9\",\"description\":\"\",\"publisher\":{\"@id\":\"https:\/\/www.camping-baden.com\/nl\/#organization\"},\"potentialAction\":[{\"@type\":\"SearchAction\",\"target\":{\"@type\":\"EntryPoint\",\"urlTemplate\":\"https:\/\/www.camping-baden.com\/nl\/?s={search_term_string}\"},\"query-input\":{\"@type\":\"PropertyValueSpecification\",\"valueRequired\":true,\"valueName\":\"search_term_string\"}}],\"inLanguage\":\"nl-NL\"},{\"@type\":\"Organization\",\"@id\":\"https:\/\/www.camping-baden.com\/nl\/#organization\",\"name\":\"Man\u00e9 Guernehu\u00e9\",\"url\":\"https:\/\/www.camping-baden.com\/nl\/\",\"logo\":{\"@type\":\"ImageObject\",\"inLanguage\":\"nl-NL\",\"@id\":\"https:\/\/www.camping-baden.com\/nl\/#\/schema\/logo\/image\/\",\"url\":\"https:\/\/www.camping-baden.com\/wp-content\/uploads\/2024\/08\/logo-camping-mane-guernehue.png\",\"contentUrl\":\"https:\/\/www.camping-baden.com\/wp-content\/uploads\/2024\/08\/logo-camping-mane-guernehue.png\",\"width\":1000,\"height\":450,\"caption\":\"Man\u00e9 Guernehu\u00e9\"},\"image\":{\"@id\":\"https:\/\/www.camping-baden.com\/nl\/#\/schema\/logo\/image\/\"}},{\"@type\":\"Person\",\"@id\":\"https:\/\/www.camping-baden.com\/nl\/#\/schema\/person\/c6e510fdea074e9025407c05c7b117ed\",\"name\":\"@dmin64\",\"image\":{\"@type\":\"ImageObject\",\"inLanguage\":\"nl-NL\",\"@id\":\"https:\/\/www.camping-baden.com\/nl\/#\/schema\/person\/image\/\",\"url\":\"https:\/\/secure.gravatar.com\/avatar\/c139ef583a0e65260f6808f5628e6eca9fa8608b06e80bc14d5c39d32af667ca?s=96&d=mm&r=g\",\"contentUrl\":\"https:\/\/secure.gravatar.com\/avatar\/c139ef583a0e65260f6808f5628e6eca9fa8608b06e80bc14d5c39d32af667ca?s=96&d=mm&r=g\",\"caption\":\"@dmin64\"},\"sameAs\":[\"https:\/\/www.camping-baden.com\"]}]}<\/script>\n<!-- \/ Yoast SEO plugin. -->","yoast_head_json":{"title":"2026 evenementen in de Golf van Morbihan: zeilen, festival, Bretonse folklore, concert","robots":{"index":"index","follow":"follow","max-snippet":"max-snippet:-1","max-image-preview":"max-image-preview:large","max-video-preview":"max-video-preview:-1"},"canonical":"https:\/\/www.camping-baden.com\/nl\/evenementen-zomer-seizoen-golfe-du-morbihan-zeilen-festival-folklore-breton-concert-tour-de-france\/","og_locale":"nl_NL","og_type":"article","og_title":"2026 evenementen in de Golf van Morbihan: zeilen, festival, Bretonse folklore, concert","og_description":"Het hele seizoen In juni In juli Augustus: September:","og_url":"https:\/\/www.camping-baden.com\/nl\/evenementen-zomer-seizoen-golfe-du-morbihan-zeilen-festival-folklore-breton-concert-tour-de-france\/","og_site_name":"Man\u00e9 Guernehu\u00e9","article_published_time":"2024-10-24T14:38:00+00:00","article_modified_time":"2025-12-01T12:36:54+00:00","og_image":[{"width":2000,"height":1348,"url":"https:\/\/www.camping-baden.com\/wp-content\/uploads\/2024\/07\/fetes-historiques-vannes-2016-800px_upscayl_2x_realesrgan-x4plus.webp","type":"image\/webp"}],"author":"@dmin64","twitter_card":"summary_large_image","twitter_misc":{"Geschreven door":"@dmin64","Geschatte leestijd":"3 minuten"},"schema":{"@context":"https:\/\/schema.org","@graph":[{"@type":"Article","@id":"https:\/\/www.camping-baden.com\/nl\/evenementen-zomer-seizoen-golfe-du-morbihan-zeilen-festival-folklore-breton-concert-tour-de-france\/#article","isPartOf":{"@id":"https:\/\/www.camping-baden.com\/nl\/evenementen-zomer-seizoen-golfe-du-morbihan-zeilen-festival-folklore-breton-concert-tour-de-france\/"},"author":{"name":"@dmin64","@id":"https:\/\/www.camping-baden.com\/nl\/#\/schema\/person\/c6e510fdea074e9025407c05c7b117ed"},"headline":"2026 evenementen in de Golf van Morbihan: zeilen, festival, Bretonse folklore, concert","datePublished":"2024-10-24T14:38:00+00:00","dateModified":"2025-12-01T12:36:54+00:00","mainEntityOfPage":{"@id":"https:\/\/www.camping-baden.com\/nl\/evenementen-zomer-seizoen-golfe-du-morbihan-zeilen-festival-folklore-breton-concert-tour-de-france\/"},"wordCount":681,"publisher":{"@id":"https:\/\/www.camping-baden.com\/nl\/#organization"},"image":{"@id":"https:\/\/www.camping-baden.com\/nl\/evenementen-zomer-seizoen-golfe-du-morbihan-zeilen-festival-folklore-breton-concert-tour-de-france\/#primaryimage"},"thumbnailUrl":"https:\/\/www.camping-baden.com\/wp-content\/uploads\/2024\/07\/fetes-historiques-vannes-2016-800px_upscayl_2x_realesrgan-x4plus.webp","articleSection":["Nieuws"],"inLanguage":"nl-NL"},{"@type":"WebPage","@id":"https:\/\/www.camping-baden.com\/nl\/evenementen-zomer-seizoen-golfe-du-morbihan-zeilen-festival-folklore-breton-concert-tour-de-france\/","url":"https:\/\/www.camping-baden.com\/nl\/evenementen-zomer-seizoen-golfe-du-morbihan-zeilen-festival-folklore-breton-concert-tour-de-france\/","name":"2026 evenementen in de Golf van Morbihan: zeilen, festival, Bretonse folklore, concert","isPartOf":{"@id":"https:\/\/www.camping-baden.com\/nl\/#website"},"primaryImageOfPage":{"@id":"https:\/\/www.camping-baden.com\/nl\/evenementen-zomer-seizoen-golfe-du-morbihan-zeilen-festival-folklore-breton-concert-tour-de-france\/#primaryimage"},"image":{"@id":"https:\/\/www.camping-baden.com\/nl\/evenementen-zomer-seizoen-golfe-du-morbihan-zeilen-festival-folklore-breton-concert-tour-de-france\/#primaryimage"},"thumbnailUrl":"https:\/\/www.camping-baden.com\/wp-content\/uploads\/2024\/07\/fetes-historiques-vannes-2016-800px_upscayl_2x_realesrgan-x4plus.webp","datePublished":"2024-10-24T14:38:00+00:00","dateModified":"2025-12-01T12:36:54+00:00","breadcrumb":{"@id":"https:\/\/www.camping-baden.com\/nl\/evenementen-zomer-seizoen-golfe-du-morbihan-zeilen-festival-folklore-breton-concert-tour-de-france\/#breadcrumb"},"inLanguage":"nl-NL","potentialAction":[{"@type":"ReadAction","target":["https:\/\/www.camping-baden.com\/nl\/evenementen-zomer-seizoen-golfe-du-morbihan-zeilen-festival-folklore-breton-concert-tour-de-france\/"]}]},{"@type":"ImageObject","inLanguage":"nl-NL","@id":"https:\/\/www.camping-baden.com\/nl\/evenementen-zomer-seizoen-golfe-du-morbihan-zeilen-festival-folklore-breton-concert-tour-de-france\/#primaryimage","url":"https:\/\/www.camping-baden.com\/wp-content\/uploads\/2024\/07\/fetes-historiques-vannes-2016-800px_upscayl_2x_realesrgan-x4plus.webp","contentUrl":"https:\/\/www.camping-baden.com\/wp-content\/uploads\/2024\/07\/fetes-historiques-vannes-2016-800px_upscayl_2x_realesrgan-x4plus.webp","width":2000,"height":1348,"caption":"historische feesten vannes"},{"@type":"BreadcrumbList","@id":"https:\/\/www.camping-baden.com\/nl\/evenementen-zomer-seizoen-golfe-du-morbihan-zeilen-festival-folklore-breton-concert-tour-de-france\/#breadcrumb","itemListElement":[{"@type":"ListItem","position":1,"name":"Camping Golfe du Morbihan","item":"https:\/\/www.camping-baden.com\/nl\/"},{"@type":"ListItem","position":2,"name":"Nieuws","item":"https:\/\/www.camping-baden.com\/nl\/nieuws\/"},{"@type":"ListItem","position":3,"name":"2026 evenementen in de Golf van Morbihan: zeilen, festival, Bretonse folklore, concert"}]},{"@type":"WebSite","@id":"https:\/\/www.camping-baden.com\/nl\/#website","url":"https:\/\/www.camping-baden.com\/nl\/","name":"Man\u00e9 Guernehu\u00e9","description":"","publisher":{"@id":"https:\/\/www.camping-baden.com\/nl\/#organization"},"potentialAction":[{"@type":"SearchAction","target":{"@type":"EntryPoint","urlTemplate":"https:\/\/www.camping-baden.com\/nl\/?s={search_term_string}"},"query-input":{"@type":"PropertyValueSpecification","valueRequired":true,"valueName":"search_term_string"}}],"inLanguage":"nl-NL"},{"@type":"Organization","@id":"https:\/\/www.camping-baden.com\/nl\/#organization","name":"Man\u00e9 Guernehu\u00e9","url":"https:\/\/www.camping-baden.com\/nl\/","logo":{"@type":"ImageObject","inLanguage":"nl-NL","@id":"https:\/\/www.camping-baden.com\/nl\/#\/schema\/logo\/image\/","url":"https:\/\/www.camping-baden.com\/wp-content\/uploads\/2024\/08\/logo-camping-mane-guernehue.png","contentUrl":"https:\/\/www.camping-baden.com\/wp-content\/uploads\/2024\/08\/logo-camping-mane-guernehue.png","width":1000,"height":450,"caption":"Man\u00e9 Guernehu\u00e9"},"image":{"@id":"https:\/\/www.camping-baden.com\/nl\/#\/schema\/logo\/image\/"}},{"@type":"Person","@id":"https:\/\/www.camping-baden.com\/nl\/#\/schema\/person\/c6e510fdea074e9025407c05c7b117ed","name":"@dmin64","image":{"@type":"ImageObject","inLanguage":"nl-NL","@id":"https:\/\/www.camping-baden.com\/nl\/#\/schema\/person\/image\/","url":"https:\/\/secure.gravatar.com\/avatar\/c139ef583a0e65260f6808f5628e6eca9fa8608b06e80bc14d5c39d32af667ca?s=96&d=mm&r=g","contentUrl":"https:\/\/secure.gravatar.com\/avatar\/c139ef583a0e65260f6808f5628e6eca9fa8608b06e80bc14d5c39d32af667ca?s=96&d=mm&r=g","caption":"@dmin64"},"sameAs":["https:\/\/www.camping-baden.com"]}]}},"_links":{"self":[{"href":"https:\/\/www.camping-baden.com\/nl\/wp-json\/wp\/v2\/posts\/11694","targetHints":{"allow":["GET"]}}],"collection":[{"href":"https:\/\/www.camping-baden.com\/nl\/wp-json\/wp\/v2\/posts"}],"about":[{"href":"https:\/\/www.camping-baden.com\/nl\/wp-json\/wp\/v2\/types\/post"}],"author":[{"embeddable":true,"href":"https:\/\/www.camping-baden.com\/nl\/wp-json\/wp\/v2\/users\/1"}],"replies":[{"embeddable":true,"href":"https:\/\/www.camping-baden.com\/nl\/wp-json\/wp\/v2\/comments?post=11694"}],"version-history":[{"count":5,"href":"https:\/\/www.camping-baden.com\/nl\/wp-json\/wp\/v2\/posts\/11694\/revisions"}],"predecessor-version":[{"id":13309,"href":"https:\/\/www.camping-baden.com\/nl\/wp-json\/wp\/v2\/posts\/11694\/revisions\/13309"}],"wp:featuredmedia":[{"embeddable":true,"href":"https:\/\/www.camping-baden.com\/nl\/wp-json\/wp\/v2\/media\/2899"}],"wp:attachment":[{"href":"https:\/\/www.camping-baden.com\/nl\/wp-json\/wp\/v2\/media?parent=11694"}],"wp:term":[{"taxonomy":"category","embeddable":true,"href":"https:\/\/www.camping-baden.com\/nl\/wp-json\/wp\/v2\/categories?post=11694"},{"taxonomy":"post_tag","embeddable":true,"href":"https:\/\/www.camping-baden.com\/nl\/wp-json\/wp\/v2\/tags?post=11694"},{"taxonomy":"sujet","embeddable":true,"href":"https:\/\/www.camping-baden.com\/nl\/wp-json\/wp\/v2\/sujet?post=11694"}],"curies":[{"name":"wp","href":"https:\/\/api.w.org\/{rel}","templated":true}]}}