{"id":11837,"date":"2024-03-02T16:00:00","date_gmt":"2024-03-02T15:00:00","guid":{"rendered":"https:\/\/www.camping-baden.com\/horse-riding-holiday-in-cottage-autumn-break\/"},"modified":"2024-12-10T15:30:01","modified_gmt":"2024-12-10T14:30:01","slug":"horse-riding-holiday-in-cottage-autumn-break","status":"publish","type":"post","link":"https:\/\/www.camping-baden.com\/en\/horse-riding-holiday-in-cottage-autumn-break\/","title":{"rendered":"Horse riding holiday"},"content":{"rendered":"\n<div id=\"ls-heading ls-titre-div-block_6082ad9f9923c61926be1fa1915718f1\" class=\"ls-titre-div aligncenter h2-like\" >\n    Make the most of your vacation at a B&amp;B or campsite by taking up horseback riding!<\/div>\n\n<div class=\"wp-block-columns is-layout-flex wp-container-core-columns-is-layout-9d6595d7 wp-block-columns-is-layout-flex\">\n<div class=\"wp-block-column is-vertically-aligned-center is-layout-flow wp-block-column-is-layout-flow\">\n<h2 class=\"ls__heading wp-block-heading\">Open all year round: self-catering accommodation on the shores of the Golfe du Morbihan<\/h2>\n\n\n\n<p class=\"ls-paragraph\"><strong>The authentic M\u00e9ridac g\u00eetes<\/strong> are housed in renovated stone farmhouses. 6 g\u00eetes for 2 to 8 people welcome you all year round in the authentic Breton village of M\u00e9riadec, <strong>300m from the equestrian center<\/strong>. <\/p>\n\n\n\n<p class=\"ls-paragraph\"><strong>Detached villas with a large garden:<\/strong><\/p>\n\n\n\n<p class=\"ls-paragraph\"><strong>The villa er Scoudec<\/strong>, with its spacious living room, new kitchen, 6 bedrooms, 3 bathrooms, large landscaped grounds and veranda, sleeps 14.<\/p>\n\n\n\n<p class=\"ls-paragraph\"><strong>Villa de la Plage 8\/10 P in Larmor Baden<\/strong>, 3km away, is located 150m from the beach.<\/p>\n\n\n\n<p class=\"ls-paragraph\"><strong>Les Hauts de Toulvern<\/strong> welcomes you for a natural vacation in ecological cottages in the heart of nature, 300m from the equestrian center.<\/p>\n\n\n\n<p class=\"ls-paragraph\"><strong>From April 11, 2025: stay at the Man\u00e9 Guernehu\u00e9 campsite, 300m from the equestrian center, in a mobile home or camping.<\/strong><\/p>\n\n\n\n<p class=\"ls-paragraph\">Residents of the g\u00eetes and campsite also benefit from preferential rates on horse-riding courses.<\/p>\n<\/div>\n\n\n\n<div class=\"wp-block-column is-vertically-aligned-center is-layout-flow wp-block-column-is-layout-flow\"><div class=\"wp-block-image\">\n<figure class=\"alignright size-full is-resized\"><img decoding=\"async\" width=\"2278\" height=\"600\" src=\"https:\/\/www.camping-baden.com\/wp-content\/uploads\/2024\/03\/logos-ffe-cheval-poney-1-300x79-1.webp\" alt=\"ffe logos horse pony x\" class=\"wp-image-3106\" style=\"width:300px\" srcset=\"https:\/\/www.camping-baden.com\/wp-content\/uploads\/2024\/03\/logos-ffe-cheval-poney-1-300x79-1.webp 2278w, https:\/\/www.camping-baden.com\/wp-content\/uploads\/2024\/03\/logos-ffe-cheval-poney-1-300x79-1-300x79.webp 300w, https:\/\/www.camping-baden.com\/wp-content\/uploads\/2024\/03\/logos-ffe-cheval-poney-1-300x79-1-1024x270.webp 1024w, https:\/\/www.camping-baden.com\/wp-content\/uploads\/2024\/03\/logos-ffe-cheval-poney-1-300x79-1-768x202.webp 768w, https:\/\/www.camping-baden.com\/wp-content\/uploads\/2024\/03\/logos-ffe-cheval-poney-1-300x79-1-1536x405.webp 1536w, https:\/\/www.camping-baden.com\/wp-content\/uploads\/2024\/03\/logos-ffe-cheval-poney-1-300x79-1-2048x539.webp 2048w\" sizes=\"(max-width: 2278px) 100vw, 2278px\" \/><\/figure>\n<\/div>\n\n\n<figure class=\"wp-block-gallery aligncenter has-nested-images columns-default is-cropped wp-block-gallery-1 is-layout-flex wp-block-gallery-is-layout-flex\">\n<figure class=\"wp-block-image size-large\"><a href=\"https:\/\/www.camping-baden.com\/wp-content\/uploads\/2024\/03\/enfant-centre-equestre-ete-2019-800px.webp\"><img decoding=\"async\" width=\"901\" height=\"600\" data-id=\"3097\" src=\"https:\/\/www.camping-baden.com\/wp-content\/uploads\/2024\/03\/enfant-centre-equestre-ete-2019-800px.webp\" alt=\"children riding school summer px\" class=\"wp-image-3097\" srcset=\"https:\/\/www.camping-baden.com\/wp-content\/uploads\/2024\/03\/enfant-centre-equestre-ete-2019-800px.webp 901w, https:\/\/www.camping-baden.com\/wp-content\/uploads\/2024\/03\/enfant-centre-equestre-ete-2019-800px-300x200.webp 300w, https:\/\/www.camping-baden.com\/wp-content\/uploads\/2024\/03\/enfant-centre-equestre-ete-2019-800px-768x511.webp 768w\" sizes=\"(max-width: 901px) 100vw, 901px\" \/><\/a><figcaption class=\"wp-element-caption\">For riding enthusiasts<\/figcaption><\/figure>\n\n\n\n<figure class=\"wp-block-image size-large\"><a href=\"https:\/\/www.camping-baden.com\/wp-content\/uploads\/2023\/09\/gites-de-meriadec-ecurie-pressoir-grange-800px-min.webp\"><img decoding=\"async\" width=\"891\" height=\"600\" data-id=\"3052\" src=\"https:\/\/www.camping-baden.com\/wp-content\/uploads\/2023\/09\/gites-de-meriadec-ecurie-pressoir-grange-800px-min.webp\" alt=\"gites de meriadec ecurie pressoir barn px min\" class=\"wp-image-3052\" srcset=\"https:\/\/www.camping-baden.com\/wp-content\/uploads\/2023\/09\/gites-de-meriadec-ecurie-pressoir-grange-800px-min.webp 891w, https:\/\/www.camping-baden.com\/wp-content\/uploads\/2023\/09\/gites-de-meriadec-ecurie-pressoir-grange-800px-min-300x202.webp 300w, https:\/\/www.camping-baden.com\/wp-content\/uploads\/2023\/09\/gites-de-meriadec-ecurie-pressoir-grange-800px-min-768x517.webp 768w\" sizes=\"(max-width: 891px) 100vw, 891px\" \/><\/a><figcaption class=\"wp-element-caption\">Gites de M\u00e9riadec<\/figcaption><\/figure>\n\n\n\n<figure class=\"wp-block-image size-large\"><a href=\"https:\/\/www.camping-baden.com\/wp-content\/uploads\/2024\/03\/cours-equitation3-ete-2019-800px.webp\"><img decoding=\"async\" width=\"901\" height=\"600\" data-id=\"3101\" src=\"https:\/\/www.camping-baden.com\/wp-content\/uploads\/2024\/03\/cours-equitation3-ete-2019-800px.webp\" alt=\"summer riding lessons px\" class=\"wp-image-3101\" srcset=\"https:\/\/www.camping-baden.com\/wp-content\/uploads\/2024\/03\/cours-equitation3-ete-2019-800px.webp 901w, https:\/\/www.camping-baden.com\/wp-content\/uploads\/2024\/03\/cours-equitation3-ete-2019-800px-300x200.webp 300w, https:\/\/www.camping-baden.com\/wp-content\/uploads\/2024\/03\/cours-equitation3-ete-2019-800px-768x511.webp 768w\" sizes=\"(max-width: 901px) 100vw, 901px\" \/><\/a><figcaption class=\"wp-element-caption\">Riding lessons and internship at Man\u00e9 Guernehu\u00e9<\/figcaption><\/figure>\n\n\n\n<figure class=\"wp-block-image size-large\"><a href=\"https:\/\/www.camping-baden.com\/wp-content\/uploads\/2021\/05\/villa-de-la-plage-exterieur-piscine-800px-min.webp\"><img decoding=\"async\" width=\"800\" height=\"569\" data-id=\"1375\" src=\"https:\/\/www.camping-baden.com\/wp-content\/uploads\/2021\/05\/villa-de-la-plage-exterieur-piscine-800px-min.webp\" alt=\"villa de la plage outdoor swimming pool px min\" class=\"wp-image-1375\" srcset=\"https:\/\/www.camping-baden.com\/wp-content\/uploads\/2021\/05\/villa-de-la-plage-exterieur-piscine-800px-min.webp 800w, https:\/\/www.camping-baden.com\/wp-content\/uploads\/2021\/05\/villa-de-la-plage-exterieur-piscine-800px-min-300x213.webp 300w, https:\/\/www.camping-baden.com\/wp-content\/uploads\/2021\/05\/villa-de-la-plage-exterieur-piscine-800px-min-768x546.webp 768w\" sizes=\"(max-width: 800px) 100vw, 800px\" \/><\/a><figcaption class=\"wp-element-caption\">Villa de la Plage with swimming pool<\/figcaption><\/figure>\n\n\n\n<figure class=\"wp-block-image size-large\"><a href=\"https:\/\/www.camping-baden.com\/wp-content\/uploads\/2021\/05\/Gites-de-meridadec-800px.webp\"><img decoding=\"async\" width=\"800\" height=\"533\" data-id=\"1323\" src=\"https:\/\/www.camping-baden.com\/wp-content\/uploads\/2021\/05\/Gites-de-meridadec-800px.webp\" alt=\"Gites de meridadec px\" class=\"wp-image-1323\" srcset=\"https:\/\/www.camping-baden.com\/wp-content\/uploads\/2021\/05\/Gites-de-meridadec-800px.webp 800w, https:\/\/www.camping-baden.com\/wp-content\/uploads\/2021\/05\/Gites-de-meridadec-800px-300x200.webp 300w, https:\/\/www.camping-baden.com\/wp-content\/uploads\/2021\/05\/Gites-de-meridadec-800px-768x512.webp 768w\" sizes=\"(max-width: 800px) 100vw, 800px\" \/><\/a><figcaption class=\"wp-element-caption\">G\u00eetes authentiques de M\u00e9riadec<\/figcaption><\/figure>\n\n\n\n<figure class=\"wp-block-image size-large\"><a href=\"https:\/\/www.camping-baden.com\/wp-content\/uploads\/2021\/03\/promenade-a-poney-baden-centre-equestre-800px.webp\"><img decoding=\"async\" width=\"800\" height=\"533\" data-id=\"2313\" src=\"https:\/\/www.camping-baden.com\/wp-content\/uploads\/2021\/03\/promenade-a-poney-baden-centre-equestre-800px.webp\" alt=\"pony ride baden equestrian center px\" class=\"wp-image-2313\" srcset=\"https:\/\/www.camping-baden.com\/wp-content\/uploads\/2021\/03\/promenade-a-poney-baden-centre-equestre-800px.webp 800w, https:\/\/www.camping-baden.com\/wp-content\/uploads\/2021\/03\/promenade-a-poney-baden-centre-equestre-800px-300x200.webp 300w, https:\/\/www.camping-baden.com\/wp-content\/uploads\/2021\/03\/promenade-a-poney-baden-centre-equestre-800px-768x512.webp 768w\" sizes=\"(max-width: 800px) 100vw, 800px\" \/><\/a><figcaption class=\"wp-element-caption\">Pony ride at Baden campsite<\/figcaption><\/figure>\n\n\n\n<figure class=\"wp-block-image size-large\"><a href=\"https:\/\/www.camping-baden.com\/wp-content\/uploads\/2024\/01\/centre-equestre-mane-couvert-800px.webp\"><img decoding=\"async\" width=\"800\" height=\"533\" data-id=\"2839\" src=\"https:\/\/www.camping-baden.com\/wp-content\/uploads\/2024\/01\/centre-equestre-mane-couvert-800px.webp\" alt=\"equestrian center mane covered px\" class=\"wp-image-2839\" srcset=\"https:\/\/www.camping-baden.com\/wp-content\/uploads\/2024\/01\/centre-equestre-mane-couvert-800px.webp 800w, https:\/\/www.camping-baden.com\/wp-content\/uploads\/2024\/01\/centre-equestre-mane-couvert-800px-300x200.webp 300w, https:\/\/www.camping-baden.com\/wp-content\/uploads\/2024\/01\/centre-equestre-mane-couvert-800px-768x512.webp 768w\" sizes=\"(max-width: 800px) 100vw, 800px\" \/><\/a><figcaption class=\"wp-element-caption\">Covered riding arena<\/figcaption><\/figure>\n\n\n\n<figure class=\"wp-block-image size-large\"><a href=\"https:\/\/www.camping-baden.com\/wp-content\/uploads\/2021\/03\/balade-centre-equestre-mane-guernehue-etang-800px.webp\"><img decoding=\"async\" width=\"800\" height=\"533\" data-id=\"2349\" src=\"https:\/\/www.camping-baden.com\/wp-content\/uploads\/2021\/03\/balade-centre-equestre-mane-guernehue-etang-800px.webp\" alt=\"mane guernehue etang equestrian center ride px\" class=\"wp-image-2349\" srcset=\"https:\/\/www.camping-baden.com\/wp-content\/uploads\/2021\/03\/balade-centre-equestre-mane-guernehue-etang-800px.webp 800w, https:\/\/www.camping-baden.com\/wp-content\/uploads\/2021\/03\/balade-centre-equestre-mane-guernehue-etang-800px-300x200.webp 300w, https:\/\/www.camping-baden.com\/wp-content\/uploads\/2021\/03\/balade-centre-equestre-mane-guernehue-etang-800px-768x512.webp 768w\" sizes=\"(max-width: 800px) 100vw, 800px\" \/><\/a><figcaption class=\"wp-element-caption\">Horseback riding near the pond at Man\u00e9 Guernehu\u00e9<\/figcaption><\/figure>\n\n\n\n<figure class=\"wp-block-image size-large\"><a href=\"https:\/\/www.camping-baden.com\/wp-content\/uploads\/2021\/03\/centre-equestre-saut.webp\"><img decoding=\"async\" width=\"800\" height=\"539\" data-id=\"2333\" src=\"https:\/\/www.camping-baden.com\/wp-content\/uploads\/2021\/03\/centre-equestre-saut.webp\" alt=\"jumping equestrian center\" class=\"wp-image-2333\" srcset=\"https:\/\/www.camping-baden.com\/wp-content\/uploads\/2021\/03\/centre-equestre-saut.webp 800w, https:\/\/www.camping-baden.com\/wp-content\/uploads\/2021\/03\/centre-equestre-saut-300x202.webp 300w, https:\/\/www.camping-baden.com\/wp-content\/uploads\/2021\/03\/centre-equestre-saut-768x517.webp 768w\" sizes=\"(max-width: 800px) 100vw, 800px\" \/><\/a><figcaption class=\"wp-element-caption\">Show jumping at the Equestrian Center<\/figcaption><\/figure>\n<\/figure>\n<\/div>\n<\/div>\n\n<div class=\"wp-block-columns is-layout-flex wp-container-core-columns-is-layout-9d6595d7 wp-block-columns-is-layout-flex\">\n<div class=\"wp-block-column is-layout-flow wp-block-column-is-layout-flow\">\n<h2 class=\"ls__heading wp-block-heading\">Riding courses during the All Saints&#8217;, February, Spring, Ascension or summer vacations<\/h2>\n\n\n\n<p class=\"ls-paragraph\"><strong>During the February, Easter, summer and All Saints&#8217; vacations, the instructor offers horse-riding courses, pony rides and accompanied rides.<\/strong><\/p>\n\n\n\n<p class=\"ls-paragraph\"><strong>A friendly 5-day course in the open air to have fun and improve your skills!<\/strong><\/p>\n\n\n\n<h2 class=\"ls__heading wp-block-heading\">Horse riding course February vacations<\/h2>\n\n\n\n<ul class=\"ls-list ls-list-undefined wp-block-list\">\n<li>February 10 to 14 (5 days)<\/li>\n\n\n\n<li>February 17 to 21 (5 days)<\/li>\n<\/ul>\n\n\n\n<h2 class=\"ls__heading wp-block-heading\">Riding course Spring vacations<\/h2>\n\n\n\n<ul class=\"ls-list ls-list-undefined wp-block-list\">\n<li>April 7 to 11 (5 days)<\/li>\n\n\n\n<li>April 14 to 18 (5 days)<\/li>\n\n\n\n<li>April 21 to 25 (5 days)<\/li>\n\n\n\n<li>April 28 to May 2 (4 days &#8211; except on the 1rst of May)<\/li>\n<\/ul>\n\n\n\n<h2 class=\"ls__heading wp-block-heading\">Weekly riding courses this summer (5 days)<\/h2>\n\n\n\n<ul class=\"ls-list ls-list-undefined wp-block-list\">\n<li>June 30 to July 4<\/li>\n\n\n\n<li>July 7 to 11<\/li>\n\n\n\n<li>July 14 to 18<\/li>\n\n\n\n<li>July 21 to 25<\/li>\n\n\n\n<li>July 28 to August 1<\/li>\n\n\n\n<li>August 4 to 8<\/li>\n\n\n\n<li>August 11 to 15<\/li>\n\n\n\n<li>August 18 to 22<\/li>\n\n\n\n<li>August 25 to 29<\/li>\n<\/ul>\n<\/div>\n\n\n\n<div class=\"wp-block-column is-layout-flow wp-block-column-is-layout-flow\">\n<blockquote class=\"wp-block-quote has-color-6-background-color has-background is-layout-flow wp-block-quote-is-layout-flow\">\n<p class=\"ls-paragraph\"><strong>Find out more about horse-riding holidays :<br\/><\/strong><a href=\"https:\/\/www.les-gites-de-meriadec.com\/\" target=\"_blank\" rel=\"noreferrer noopener\">Les g\u00eetes de M\u00e9riadec<\/a><br\/><a href=\"https:\/\/www.leshautsdetoulvern.com\/\" target=\"_blank\" rel=\"noreferrer noopener\">Les Hauts de Toulvern<\/a><br\/><a href=\"https:\/\/www.centre-equestre-baden.com\/\" target=\"_blank\" rel=\"noreferrer noopener\">Equestrian center website<\/a><br\/><a href=\"https:\/\/camping-baden.ouiresa.fr\/#\/?type=202\" target=\"_blank\" rel=\"noreferrer noopener\">Book your equestrian activities online<\/a><\/p>\n<\/blockquote>\n\n\n\n<p class=\"ls-paragraph\"><strong>RATES :<\/strong><\/p>\n\n\n\n<p class=\"ls-paragraph\"><strong>February vacation course only<\/strong>: 3-hour friendly course. Activities around the horse, games, care, riding in the meadow, 1h on horseback except for experienced riders.   <br\/>190\u20ac for a 5-day course for guests of the gites or campsite, 210\u20ac for other riders<\/p>\n\n\n\n<p class=\"ls-paragraph\"><strong>5-day course 1h on horseback or pony (1h on horseback + 15-20min preparation before and after)<\/strong><br\/>or 4-day course 1h15 on horseback or pony (1h15 on horseback + 15-20 min preparation before and after)<strong> :<\/strong><br\/>140\u20ac for a 5-day course for guests of the gites or campsite, 160\u20ac for other riders.<\/p>\n\n\n\n<p class=\"ls-paragraph\"><strong>Occasional group lessons<\/strong>: on request<strong><br\/>Rides supervised<\/strong> <strong>by instructor<\/strong>: 1 hour \u20ac28<br\/><strong>Pony rides accompanied by parents for younger children<\/strong>: \u20ac12 per 1\/2 hour.<\/p>\n\n\n\n<p class=\"ls-paragraph\"><strong>Book your horse-riding course at the same time as your holiday: add &#8220;horse-riding course&#8221; to &#8220;Sports and leisure&#8221;.<\/strong><\/p>\n<\/div>\n<\/div>\n","protected":false},"excerpt":{"rendered":"<p>Open all year round: self-catering accommodation on the shores of the Golfe du Morbihan The authentic M\u00e9ridac g\u00eetes are housed in renovated stone farmhouses. 6 g\u00eetes for 2 to 8 people welcome you all year round in the authentic Breton village of M\u00e9riadec, 300m from the equestrian center. Detached villas with a large garden: The [&hellip;]<\/p>\n","protected":false},"author":1,"featured_media":2360,"comment_status":"closed","ping_status":"closed","sticky":false,"template":"","format":"standard","meta":{"_acf_changed":false,"footnotes":""},"categories":[205],"tags":[],"sujet":[],"class_list":["post-11837","post","type-post","status-publish","format-standard","has-post-thumbnail","hentry","category-news"],"acf":[],"yoast_head":"<!-- This site is optimized with the Yoast SEO plugin v25.3 - https:\/\/yoast.com\/wordpress\/plugins\/seo\/ -->\n<title>Horse riding holiday<\/title>\n<meta name=\"robots\" content=\"index, follow, max-snippet:-1, max-image-preview:large, max-video-preview:-1\" \/>\n<link rel=\"canonical\" href=\"https:\/\/www.camping-baden.com\/en\/horse-riding-holiday-in-cottage-autumn-break\/\" \/>\n<meta property=\"og:locale\" content=\"en_US\" \/>\n<meta property=\"og:type\" content=\"article\" \/>\n<meta property=\"og:title\" content=\"Horse riding holiday\" \/>\n<meta property=\"og:description\" content=\"Open all year round: self-catering accommodation on the shores of the Golfe du Morbihan The authentic M\u00e9ridac g\u00eetes are housed in renovated stone farmhouses. 6 g\u00eetes for 2 to 8 people welcome you all year round in the authentic Breton village of M\u00e9riadec, 300m from the equestrian center. Detached villas with a large garden: The [&hellip;]\" \/>\n<meta property=\"og:url\" content=\"https:\/\/www.camping-baden.com\/en\/horse-riding-holiday-in-cottage-autumn-break\/\" \/>\n<meta property=\"og:site_name\" content=\"Man\u00e9 Guernehu\u00e9\" \/>\n<meta property=\"article:published_time\" content=\"2024-03-02T15:00:00+00:00\" \/>\n<meta property=\"article:modified_time\" content=\"2024-12-10T14:30:01+00:00\" \/>\n<meta property=\"og:image\" content=\"https:\/\/www.camping-baden.com\/wp-content\/uploads\/2021\/03\/balade-centre-equestre-morbihan.webp\" \/>\n\t<meta property=\"og:image:width\" content=\"2000\" \/>\n\t<meta property=\"og:image:height\" content=\"1333\" \/>\n\t<meta property=\"og:image:type\" content=\"image\/webp\" \/>\n<meta name=\"author\" content=\"@dmin64\" \/>\n<meta name=\"twitter:card\" content=\"summary_large_image\" \/>\n<meta name=\"twitter:label1\" content=\"Written by\" \/>\n\t<meta name=\"twitter:data1\" content=\"@dmin64\" \/>\n\t<meta name=\"twitter:label2\" content=\"Est. reading time\" \/>\n\t<meta name=\"twitter:data2\" content=\"2 minutes\" \/>\n<script type=\"application\/ld+json\" class=\"yoast-schema-graph\">{\"@context\":\"https:\/\/schema.org\",\"@graph\":[{\"@type\":\"Article\",\"@id\":\"https:\/\/www.camping-baden.com\/en\/horse-riding-holiday-in-cottage-autumn-break\/#article\",\"isPartOf\":{\"@id\":\"https:\/\/www.camping-baden.com\/en\/horse-riding-holiday-in-cottage-autumn-break\/\"},\"author\":{\"name\":\"@dmin64\",\"@id\":\"https:\/\/www.camping-baden.com\/en\/#\/schema\/person\/c6e510fdea074e9025407c05c7b117ed\"},\"headline\":\"Horse riding holiday\",\"datePublished\":\"2024-03-02T15:00:00+00:00\",\"dateModified\":\"2024-12-10T14:30:01+00:00\",\"mainEntityOfPage\":{\"@id\":\"https:\/\/www.camping-baden.com\/en\/horse-riding-holiday-in-cottage-autumn-break\/\"},\"wordCount\":454,\"publisher\":{\"@id\":\"https:\/\/www.camping-baden.com\/en\/#organization\"},\"image\":{\"@id\":\"https:\/\/www.camping-baden.com\/en\/horse-riding-holiday-in-cottage-autumn-break\/#primaryimage\"},\"thumbnailUrl\":\"https:\/\/www.camping-baden.com\/wp-content\/uploads\/2021\/03\/balade-centre-equestre-morbihan.webp\",\"articleSection\":[\"News\"],\"inLanguage\":\"en-US\"},{\"@type\":\"WebPage\",\"@id\":\"https:\/\/www.camping-baden.com\/en\/horse-riding-holiday-in-cottage-autumn-break\/\",\"url\":\"https:\/\/www.camping-baden.com\/en\/horse-riding-holiday-in-cottage-autumn-break\/\",\"name\":\"Horse riding holiday\",\"isPartOf\":{\"@id\":\"https:\/\/www.camping-baden.com\/en\/#website\"},\"primaryImageOfPage\":{\"@id\":\"https:\/\/www.camping-baden.com\/en\/horse-riding-holiday-in-cottage-autumn-break\/#primaryimage\"},\"image\":{\"@id\":\"https:\/\/www.camping-baden.com\/en\/horse-riding-holiday-in-cottage-autumn-break\/#primaryimage\"},\"thumbnailUrl\":\"https:\/\/www.camping-baden.com\/wp-content\/uploads\/2021\/03\/balade-centre-equestre-morbihan.webp\",\"datePublished\":\"2024-03-02T15:00:00+00:00\",\"dateModified\":\"2024-12-10T14:30:01+00:00\",\"breadcrumb\":{\"@id\":\"https:\/\/www.camping-baden.com\/en\/horse-riding-holiday-in-cottage-autumn-break\/#breadcrumb\"},\"inLanguage\":\"en-US\",\"potentialAction\":[{\"@type\":\"ReadAction\",\"target\":[\"https:\/\/www.camping-baden.com\/en\/horse-riding-holiday-in-cottage-autumn-break\/\"]}]},{\"@type\":\"ImageObject\",\"inLanguage\":\"en-US\",\"@id\":\"https:\/\/www.camping-baden.com\/en\/horse-riding-holiday-in-cottage-autumn-break\/#primaryimage\",\"url\":\"https:\/\/www.camping-baden.com\/wp-content\/uploads\/2021\/03\/balade-centre-equestre-morbihan.webp\",\"contentUrl\":\"https:\/\/www.camping-baden.com\/wp-content\/uploads\/2021\/03\/balade-centre-equestre-morbihan.webp\",\"width\":2000,\"height\":1333,\"caption\":\"morbihan equestrian center ride\"},{\"@type\":\"BreadcrumbList\",\"@id\":\"https:\/\/www.camping-baden.com\/en\/horse-riding-holiday-in-cottage-autumn-break\/#breadcrumb\",\"itemListElement\":[{\"@type\":\"ListItem\",\"position\":1,\"name\":\"Camping Golfe du Morbihan\",\"item\":\"https:\/\/www.camping-baden.com\/en\/\"},{\"@type\":\"ListItem\",\"position\":2,\"name\":\"News\",\"item\":\"https:\/\/www.camping-baden.com\/en\/news\/\"},{\"@type\":\"ListItem\",\"position\":3,\"name\":\"Horse riding holiday\"}]},{\"@type\":\"WebSite\",\"@id\":\"https:\/\/www.camping-baden.com\/en\/#website\",\"url\":\"https:\/\/www.camping-baden.com\/en\/\",\"name\":\"Man\u00e9 Guernehu\u00e9\",\"description\":\"\",\"publisher\":{\"@id\":\"https:\/\/www.camping-baden.com\/en\/#organization\"},\"potentialAction\":[{\"@type\":\"SearchAction\",\"target\":{\"@type\":\"EntryPoint\",\"urlTemplate\":\"https:\/\/www.camping-baden.com\/en\/?s={search_term_string}\"},\"query-input\":{\"@type\":\"PropertyValueSpecification\",\"valueRequired\":true,\"valueName\":\"search_term_string\"}}],\"inLanguage\":\"en-US\"},{\"@type\":\"Organization\",\"@id\":\"https:\/\/www.camping-baden.com\/en\/#organization\",\"name\":\"Man\u00e9 Guernehu\u00e9\",\"url\":\"https:\/\/www.camping-baden.com\/en\/\",\"logo\":{\"@type\":\"ImageObject\",\"inLanguage\":\"en-US\",\"@id\":\"https:\/\/www.camping-baden.com\/en\/#\/schema\/logo\/image\/\",\"url\":\"https:\/\/www.camping-baden.com\/wp-content\/uploads\/2024\/08\/logo-camping-mane-guernehue.png\",\"contentUrl\":\"https:\/\/www.camping-baden.com\/wp-content\/uploads\/2024\/08\/logo-camping-mane-guernehue.png\",\"width\":1000,\"height\":450,\"caption\":\"Man\u00e9 Guernehu\u00e9\"},\"image\":{\"@id\":\"https:\/\/www.camping-baden.com\/en\/#\/schema\/logo\/image\/\"}},{\"@type\":\"Person\",\"@id\":\"https:\/\/www.camping-baden.com\/en\/#\/schema\/person\/c6e510fdea074e9025407c05c7b117ed\",\"name\":\"@dmin64\",\"image\":{\"@type\":\"ImageObject\",\"inLanguage\":\"en-US\",\"@id\":\"https:\/\/www.camping-baden.com\/en\/#\/schema\/person\/image\/\",\"url\":\"https:\/\/secure.gravatar.com\/avatar\/c139ef583a0e65260f6808f5628e6eca9fa8608b06e80bc14d5c39d32af667ca?s=96&d=mm&r=g\",\"contentUrl\":\"https:\/\/secure.gravatar.com\/avatar\/c139ef583a0e65260f6808f5628e6eca9fa8608b06e80bc14d5c39d32af667ca?s=96&d=mm&r=g\",\"caption\":\"@dmin64\"},\"sameAs\":[\"https:\/\/www.camping-baden.com\"]}]}<\/script>\n<!-- \/ Yoast SEO plugin. -->","yoast_head_json":{"title":"Horse riding holiday","robots":{"index":"index","follow":"follow","max-snippet":"max-snippet:-1","max-image-preview":"max-image-preview:large","max-video-preview":"max-video-preview:-1"},"canonical":"https:\/\/www.camping-baden.com\/en\/horse-riding-holiday-in-cottage-autumn-break\/","og_locale":"en_US","og_type":"article","og_title":"Horse riding holiday","og_description":"Open all year round: self-catering accommodation on the shores of the Golfe du Morbihan The authentic M\u00e9ridac g\u00eetes are housed in renovated stone farmhouses. 6 g\u00eetes for 2 to 8 people welcome you all year round in the authentic Breton village of M\u00e9riadec, 300m from the equestrian center. Detached villas with a large garden: The [&hellip;]","og_url":"https:\/\/www.camping-baden.com\/en\/horse-riding-holiday-in-cottage-autumn-break\/","og_site_name":"Man\u00e9 Guernehu\u00e9","article_published_time":"2024-03-02T15:00:00+00:00","article_modified_time":"2024-12-10T14:30:01+00:00","og_image":[{"width":2000,"height":1333,"url":"https:\/\/www.camping-baden.com\/wp-content\/uploads\/2021\/03\/balade-centre-equestre-morbihan.webp","type":"image\/webp"}],"author":"@dmin64","twitter_card":"summary_large_image","twitter_misc":{"Written by":"@dmin64","Est. reading time":"2 minutes"},"schema":{"@context":"https:\/\/schema.org","@graph":[{"@type":"Article","@id":"https:\/\/www.camping-baden.com\/en\/horse-riding-holiday-in-cottage-autumn-break\/#article","isPartOf":{"@id":"https:\/\/www.camping-baden.com\/en\/horse-riding-holiday-in-cottage-autumn-break\/"},"author":{"name":"@dmin64","@id":"https:\/\/www.camping-baden.com\/en\/#\/schema\/person\/c6e510fdea074e9025407c05c7b117ed"},"headline":"Horse riding holiday","datePublished":"2024-03-02T15:00:00+00:00","dateModified":"2024-12-10T14:30:01+00:00","mainEntityOfPage":{"@id":"https:\/\/www.camping-baden.com\/en\/horse-riding-holiday-in-cottage-autumn-break\/"},"wordCount":454,"publisher":{"@id":"https:\/\/www.camping-baden.com\/en\/#organization"},"image":{"@id":"https:\/\/www.camping-baden.com\/en\/horse-riding-holiday-in-cottage-autumn-break\/#primaryimage"},"thumbnailUrl":"https:\/\/www.camping-baden.com\/wp-content\/uploads\/2021\/03\/balade-centre-equestre-morbihan.webp","articleSection":["News"],"inLanguage":"en-US"},{"@type":"WebPage","@id":"https:\/\/www.camping-baden.com\/en\/horse-riding-holiday-in-cottage-autumn-break\/","url":"https:\/\/www.camping-baden.com\/en\/horse-riding-holiday-in-cottage-autumn-break\/","name":"Horse riding holiday","isPartOf":{"@id":"https:\/\/www.camping-baden.com\/en\/#website"},"primaryImageOfPage":{"@id":"https:\/\/www.camping-baden.com\/en\/horse-riding-holiday-in-cottage-autumn-break\/#primaryimage"},"image":{"@id":"https:\/\/www.camping-baden.com\/en\/horse-riding-holiday-in-cottage-autumn-break\/#primaryimage"},"thumbnailUrl":"https:\/\/www.camping-baden.com\/wp-content\/uploads\/2021\/03\/balade-centre-equestre-morbihan.webp","datePublished":"2024-03-02T15:00:00+00:00","dateModified":"2024-12-10T14:30:01+00:00","breadcrumb":{"@id":"https:\/\/www.camping-baden.com\/en\/horse-riding-holiday-in-cottage-autumn-break\/#breadcrumb"},"inLanguage":"en-US","potentialAction":[{"@type":"ReadAction","target":["https:\/\/www.camping-baden.com\/en\/horse-riding-holiday-in-cottage-autumn-break\/"]}]},{"@type":"ImageObject","inLanguage":"en-US","@id":"https:\/\/www.camping-baden.com\/en\/horse-riding-holiday-in-cottage-autumn-break\/#primaryimage","url":"https:\/\/www.camping-baden.com\/wp-content\/uploads\/2021\/03\/balade-centre-equestre-morbihan.webp","contentUrl":"https:\/\/www.camping-baden.com\/wp-content\/uploads\/2021\/03\/balade-centre-equestre-morbihan.webp","width":2000,"height":1333,"caption":"morbihan equestrian center ride"},{"@type":"BreadcrumbList","@id":"https:\/\/www.camping-baden.com\/en\/horse-riding-holiday-in-cottage-autumn-break\/#breadcrumb","itemListElement":[{"@type":"ListItem","position":1,"name":"Camping Golfe du Morbihan","item":"https:\/\/www.camping-baden.com\/en\/"},{"@type":"ListItem","position":2,"name":"News","item":"https:\/\/www.camping-baden.com\/en\/news\/"},{"@type":"ListItem","position":3,"name":"Horse riding holiday"}]},{"@type":"WebSite","@id":"https:\/\/www.camping-baden.com\/en\/#website","url":"https:\/\/www.camping-baden.com\/en\/","name":"Man\u00e9 Guernehu\u00e9","description":"","publisher":{"@id":"https:\/\/www.camping-baden.com\/en\/#organization"},"potentialAction":[{"@type":"SearchAction","target":{"@type":"EntryPoint","urlTemplate":"https:\/\/www.camping-baden.com\/en\/?s={search_term_string}"},"query-input":{"@type":"PropertyValueSpecification","valueRequired":true,"valueName":"search_term_string"}}],"inLanguage":"en-US"},{"@type":"Organization","@id":"https:\/\/www.camping-baden.com\/en\/#organization","name":"Man\u00e9 Guernehu\u00e9","url":"https:\/\/www.camping-baden.com\/en\/","logo":{"@type":"ImageObject","inLanguage":"en-US","@id":"https:\/\/www.camping-baden.com\/en\/#\/schema\/logo\/image\/","url":"https:\/\/www.camping-baden.com\/wp-content\/uploads\/2024\/08\/logo-camping-mane-guernehue.png","contentUrl":"https:\/\/www.camping-baden.com\/wp-content\/uploads\/2024\/08\/logo-camping-mane-guernehue.png","width":1000,"height":450,"caption":"Man\u00e9 Guernehu\u00e9"},"image":{"@id":"https:\/\/www.camping-baden.com\/en\/#\/schema\/logo\/image\/"}},{"@type":"Person","@id":"https:\/\/www.camping-baden.com\/en\/#\/schema\/person\/c6e510fdea074e9025407c05c7b117ed","name":"@dmin64","image":{"@type":"ImageObject","inLanguage":"en-US","@id":"https:\/\/www.camping-baden.com\/en\/#\/schema\/person\/image\/","url":"https:\/\/secure.gravatar.com\/avatar\/c139ef583a0e65260f6808f5628e6eca9fa8608b06e80bc14d5c39d32af667ca?s=96&d=mm&r=g","contentUrl":"https:\/\/secure.gravatar.com\/avatar\/c139ef583a0e65260f6808f5628e6eca9fa8608b06e80bc14d5c39d32af667ca?s=96&d=mm&r=g","caption":"@dmin64"},"sameAs":["https:\/\/www.camping-baden.com"]}]}},"_links":{"self":[{"href":"https:\/\/www.camping-baden.com\/en\/wp-json\/wp\/v2\/posts\/11837","targetHints":{"allow":["GET"]}}],"collection":[{"href":"https:\/\/www.camping-baden.com\/en\/wp-json\/wp\/v2\/posts"}],"about":[{"href":"https:\/\/www.camping-baden.com\/en\/wp-json\/wp\/v2\/types\/post"}],"author":[{"embeddable":true,"href":"https:\/\/www.camping-baden.com\/en\/wp-json\/wp\/v2\/users\/1"}],"replies":[{"embeddable":true,"href":"https:\/\/www.camping-baden.com\/en\/wp-json\/wp\/v2\/comments?post=11837"}],"version-history":[{"count":2,"href":"https:\/\/www.camping-baden.com\/en\/wp-json\/wp\/v2\/posts\/11837\/revisions"}],"predecessor-version":[{"id":12136,"href":"https:\/\/www.camping-baden.com\/en\/wp-json\/wp\/v2\/posts\/11837\/revisions\/12136"}],"wp:featuredmedia":[{"embeddable":true,"href":"https:\/\/www.camping-baden.com\/en\/wp-json\/wp\/v2\/media\/2360"}],"wp:attachment":[{"href":"https:\/\/www.camping-baden.com\/en\/wp-json\/wp\/v2\/media?parent=11837"}],"wp:term":[{"taxonomy":"category","embeddable":true,"href":"https:\/\/www.camping-baden.com\/en\/wp-json\/wp\/v2\/categories?post=11837"},{"taxonomy":"post_tag","embeddable":true,"href":"https:\/\/www.camping-baden.com\/en\/wp-json\/wp\/v2\/tags?post=11837"},{"taxonomy":"sujet","embeddable":true,"href":"https:\/\/www.camping-baden.com\/en\/wp-json\/wp\/v2\/sujet?post=11837"}],"curies":[{"name":"wp","href":"https:\/\/api.w.org\/{rel}","templated":true}]}}