{"id":11921,"date":"2024-01-09T15:01:00","date_gmt":"2024-01-09T14:01:00","guid":{"rendered":"https:\/\/www.camping-baden.com\/neubau-fur-ihren-urlaub-im-stamm-oder-in-der-familie\/"},"modified":"2024-11-11T09:28:15","modified_gmt":"2024-11-11T08:28:15","slug":"neubau-fur-ihren-urlaub-im-stamm-oder-in-der-familie","status":"publish","type":"post","link":"https:\/\/www.camping-baden.com\/de\/neubau-fur-ihren-urlaub-im-stamm-oder-in-der-familie\/","title":{"rendered":"Neues Cottage f\u00fcr Ihren Stamm- oder Familienurlaub!"},"content":{"rendered":"\n<div class=\"wp-block-columns is-layout-flex wp-container-core-columns-is-layout-9d6595d7 wp-block-columns-is-layout-flex\">\n<div class=\"wp-block-column is-layout-flow wp-block-column-is-layout-flow\">\n<figure class=\"wp-block-gallery has-nested-images columns-default is-cropped wp-block-gallery-1 is-layout-flex wp-block-gallery-is-layout-flex\">\n<figure class=\"wp-block-image size-large\"><a href=\"https:\/\/www.camping-baden.com\/wp-content\/uploads\/2024\/01\/terrasse-mane-terrasse-vue-depuis-etang.webp\"><img decoding=\"async\" width=\"1000\" height=\"689\" data-id=\"2984\" src=\"https:\/\/www.camping-baden.com\/wp-content\/uploads\/2024\/01\/terrasse-mane-terrasse-vue-depuis-etang.webp\" alt=\"Mane Terrasse Terrasse mit Blick auf den Teich\" class=\"wp-image-2984\" srcset=\"https:\/\/www.camping-baden.com\/wp-content\/uploads\/2024\/01\/terrasse-mane-terrasse-vue-depuis-etang.webp 1000w, https:\/\/www.camping-baden.com\/wp-content\/uploads\/2024\/01\/terrasse-mane-terrasse-vue-depuis-etang-300x207.webp 300w, https:\/\/www.camping-baden.com\/wp-content\/uploads\/2024\/01\/terrasse-mane-terrasse-vue-depuis-etang-768x529.webp 768w\" sizes=\"(max-width: 1000px) 100vw, 1000px\" \/><\/a><figcaption class=\"wp-element-caption\">Man\u00e9 Premium Terrasse f\u00fcr 12 Personen mit privatem Jacuzzi<\/figcaption><\/figure>\n\n\n\n<figure class=\"wp-block-image size-large\"><a href=\"https:\/\/www.camping-baden.com\/wp-content\/uploads\/2024\/01\/terrasse-de-mane-10P-jacuzzi-vue-etang-debout.webp\"><img decoding=\"async\" width=\"1000\" height=\"750\" data-id=\"3026\" src=\"https:\/\/www.camping-baden.com\/wp-content\/uploads\/2024\/01\/terrasse-de-mane-10P-jacuzzi-vue-etang-debout.webp\" alt=\"Terrasse von Mane P Jacuzzi mit Blick auf den stehenden Teich\" class=\"wp-image-3026\" srcset=\"https:\/\/www.camping-baden.com\/wp-content\/uploads\/2024\/01\/terrasse-de-mane-10P-jacuzzi-vue-etang-debout.webp 1000w, https:\/\/www.camping-baden.com\/wp-content\/uploads\/2024\/01\/terrasse-de-mane-10P-jacuzzi-vue-etang-debout-300x225.webp 300w, https:\/\/www.camping-baden.com\/wp-content\/uploads\/2024\/01\/terrasse-de-mane-10P-jacuzzi-vue-etang-debout-768x576.webp 768w\" sizes=\"(max-width: 1000px) 100vw, 1000px\" \/><\/a><figcaption class=\"wp-element-caption\">Die Terrasse bietet einen sch\u00f6nen Blick auf den Teich.<br\/><\/figcaption><\/figure>\n\n\n\n<figure class=\"wp-block-image size-large\"><a href=\"https:\/\/www.camping-baden.com\/wp-content\/uploads\/2024\/01\/jacuzzi-et-terrasse-droite.webp\"><img decoding=\"async\" width=\"1000\" height=\"667\" data-id=\"2988\" src=\"https:\/\/www.camping-baden.com\/wp-content\/uploads\/2024\/01\/jacuzzi-et-terrasse-droite.webp\" alt=\"Jacuzzi und rechte Terrasse\" class=\"wp-image-2988\" srcset=\"https:\/\/www.camping-baden.com\/wp-content\/uploads\/2024\/01\/jacuzzi-et-terrasse-droite.webp 1000w, https:\/\/www.camping-baden.com\/wp-content\/uploads\/2024\/01\/jacuzzi-et-terrasse-droite-300x200.webp 300w, https:\/\/www.camping-baden.com\/wp-content\/uploads\/2024\/01\/jacuzzi-et-terrasse-droite-768x512.webp 768w\" sizes=\"(max-width: 1000px) 100vw, 1000px\" \/><\/a><figcaption class=\"wp-element-caption\">Terrasse von Man\u00e9 Premium 10P: Blick auf Modul 1 (6P)<\/figcaption><\/figure>\n\n\n\n<figure class=\"wp-block-image size-large\"><a href=\"https:\/\/www.camping-baden.com\/wp-content\/uploads\/2024\/01\/terrasses-de-mane-10P-terrasse-jacuzzi-MH-7.webp\"><img decoding=\"async\" width=\"1000\" height=\"667\" data-id=\"3004\" src=\"https:\/\/www.camping-baden.com\/wp-content\/uploads\/2024\/01\/terrasses-de-mane-10P-terrasse-jacuzzi-MH-7.webp\" alt=\"Terrassen von Mane P Terrasse Jacuzzi MH ()\" class=\"wp-image-3004\" srcset=\"https:\/\/www.camping-baden.com\/wp-content\/uploads\/2024\/01\/terrasses-de-mane-10P-terrasse-jacuzzi-MH-7.webp 1000w, https:\/\/www.camping-baden.com\/wp-content\/uploads\/2024\/01\/terrasses-de-mane-10P-terrasse-jacuzzi-MH-7-300x200.webp 300w, https:\/\/www.camping-baden.com\/wp-content\/uploads\/2024\/01\/terrasses-de-mane-10P-terrasse-jacuzzi-MH-7-768x512.webp 768w\" sizes=\"(max-width: 1000px) 100vw, 1000px\" \/><\/a><figcaption class=\"wp-element-caption\">\u00dcberdachter Essbereich auf der Terrasse<\/figcaption><\/figure>\n\n\n\n<figure class=\"wp-block-image size-large\"><a href=\"https:\/\/www.camping-baden.com\/wp-content\/uploads\/2024\/01\/terrasses-de-mane-10P-terrasse-jacuzzi-MH-8.webp\"><img decoding=\"async\" width=\"1000\" height=\"667\" data-id=\"3008\" src=\"https:\/\/www.camping-baden.com\/wp-content\/uploads\/2024\/01\/terrasses-de-mane-10P-terrasse-jacuzzi-MH-8.webp\" alt=\"Terrassen von Mane P Terrasse Jacuzzi MH ()\" class=\"wp-image-3008\" srcset=\"https:\/\/www.camping-baden.com\/wp-content\/uploads\/2024\/01\/terrasses-de-mane-10P-terrasse-jacuzzi-MH-8.webp 1000w, https:\/\/www.camping-baden.com\/wp-content\/uploads\/2024\/01\/terrasses-de-mane-10P-terrasse-jacuzzi-MH-8-300x200.webp 300w, https:\/\/www.camping-baden.com\/wp-content\/uploads\/2024\/01\/terrasses-de-mane-10P-terrasse-jacuzzi-MH-8-768x512.webp 768w\" sizes=\"(max-width: 1000px) 100vw, 1000px\" \/><\/a><figcaption class=\"wp-element-caption\">\u00dcberdachter Essbereich und Plancha auf der Terrasse<\/figcaption><\/figure>\n\n\n\n<figure class=\"wp-block-image size-large\"><a href=\"https:\/\/www.camping-baden.com\/wp-content\/uploads\/2024\/01\/terrasse-de-mane-10P-module-4P-cuisine-vue-sejour-HD.webp\"><img decoding=\"async\" width=\"1000\" height=\"750\" data-id=\"3000\" src=\"https:\/\/www.camping-baden.com\/wp-content\/uploads\/2024\/01\/terrasse-de-mane-10P-module-4P-cuisine-vue-sejour-HD.webp\" alt=\"Mane Terrasse P Modul P K&#xFC;che Blick Wohnzimmer HD\" class=\"wp-image-3000\" srcset=\"https:\/\/www.camping-baden.com\/wp-content\/uploads\/2024\/01\/terrasse-de-mane-10P-module-4P-cuisine-vue-sejour-HD.webp 1000w, https:\/\/www.camping-baden.com\/wp-content\/uploads\/2024\/01\/terrasse-de-mane-10P-module-4P-cuisine-vue-sejour-HD-300x225.webp 300w, https:\/\/www.camping-baden.com\/wp-content\/uploads\/2024\/01\/terrasse-de-mane-10P-module-4P-cuisine-vue-sejour-HD-768x576.webp 768w\" sizes=\"(max-width: 1000px) 100vw, 1000px\" \/><\/a><\/figure>\n\n\n\n<figure class=\"wp-block-image size-large\"><a href=\"https:\/\/www.camping-baden.com\/wp-content\/uploads\/2024\/01\/terrasses-de-mane-module-1-6P-2.webp\"><img decoding=\"async\" width=\"1000\" height=\"667\" data-id=\"3012\" src=\"https:\/\/www.camping-baden.com\/wp-content\/uploads\/2024\/01\/terrasses-de-mane-module-1-6P-2.webp\" alt=\"Mane Terrassen Modul P\" class=\"wp-image-3012\" srcset=\"https:\/\/www.camping-baden.com\/wp-content\/uploads\/2024\/01\/terrasses-de-mane-module-1-6P-2.webp 1000w, https:\/\/www.camping-baden.com\/wp-content\/uploads\/2024\/01\/terrasses-de-mane-module-1-6P-2-300x200.webp 300w, https:\/\/www.camping-baden.com\/wp-content\/uploads\/2024\/01\/terrasses-de-mane-module-1-6P-2-768x512.webp 768w\" sizes=\"(max-width: 1000px) 100vw, 1000px\" \/><\/a><\/figure>\n\n\n\n<figure class=\"wp-block-image size-large\"><a href=\"https:\/\/www.camping-baden.com\/wp-content\/uploads\/2024\/01\/terrasses-de-mane-module-1-6P-3.webp\"><img decoding=\"async\" width=\"1000\" height=\"667\" data-id=\"3016\" src=\"https:\/\/www.camping-baden.com\/wp-content\/uploads\/2024\/01\/terrasses-de-mane-module-1-6P-3.webp\" alt=\"Mane Terrassen Modul P\" class=\"wp-image-3016\" srcset=\"https:\/\/www.camping-baden.com\/wp-content\/uploads\/2024\/01\/terrasses-de-mane-module-1-6P-3.webp 1000w, https:\/\/www.camping-baden.com\/wp-content\/uploads\/2024\/01\/terrasses-de-mane-module-1-6P-3-300x200.webp 300w, https:\/\/www.camping-baden.com\/wp-content\/uploads\/2024\/01\/terrasses-de-mane-module-1-6P-3-768x512.webp 768w\" sizes=\"(max-width: 1000px) 100vw, 1000px\" \/><\/a><\/figure>\n<\/figure>\n<\/div>\n\n\n\n<div class=\"wp-block-column is-layout-flow wp-block-column-is-layout-flow\">\n<div id=\"ls-heading ls-titre-div-block_3d729c6b68cbe4d94779c86dc50e9fb3\" class=\"ls-titre-div h2-like\" >\n    Zwei Module f\u00fcr bis zu 12 Personen liegen nebeneinander im Teichviertel um eine riesige Terrasse mit Jacuzzi.<\/div>\n\n\n\n<div class=\"ls-on-adore\">\n    \n\n<div id=\"ls-heading ls-titre-div-block_8f1e6df3010a860c282adc799d553a2c\" class=\"ls-titre-div h2-like\" >\n    Wir m\u00f6gen :<\/div>\n\n\n\n<ul class=\"ls-list ls-list-undefined wp-block-list\">\n<li><strong>Die gro\u00dfe Terrasse mit Laube gegen\u00fcber dem Teich<\/strong><\/li>\n\n\n\n<li><strong>Der private Jacuzzi<\/strong><\/li>\n\n\n\n<li><strong>Die gro\u00dfe Kapazit\u00e4t<\/strong>: bis zu 12 Personen in 2 Modulen<\/li>\n\n\n\n<li><strong>5 oder 6 Schlafzimmer<\/strong>, <strong>3 Badezimmer<\/strong><\/li>\n\n\n\n<li><strong>Premium-Ausstattung<\/strong> mit Geschirrsp\u00fcler, Nespresso-Kaffeemaschine, Klimaanlage, Plancha, kostenlose Bettw\u00e4sche und Handt\u00fccher, kostenlose Endreinigung.<\/li>\n<\/ul>\n\n<\/div><\/div>\n<\/div>\n\n<a href=\"https:\/\/www.camping-baden.com\/de\/vermietung-von-mobilheimen-baden\/\" id=\"ls-button-block_776bb74348efee8219f4e91a95324433\" target=\"\" rel=\"\" class=\"ls-button aligncenter\" >\n    <span>Mehr \u00fcber die Terrasses de Man\u00e9 erfahren und buchen<\/span><i class=\"mane-fleche\"><\/i>\n<\/a>","protected":false},"excerpt":{"rendered":"","protected":false},"author":1,"featured_media":2945,"comment_status":"closed","ping_status":"closed","sticky":false,"template":"","format":"standard","meta":{"_acf_changed":false,"footnotes":""},"categories":[206],"tags":[],"sujet":[],"class_list":["post-11921","post","type-post","status-publish","format-standard","has-post-thumbnail","hentry","category-nachrichten"],"acf":[],"yoast_head":"<!-- This site is optimized with the Yoast SEO plugin v25.3 - https:\/\/yoast.com\/wordpress\/plugins\/seo\/ -->\n<title>Neues Cottage f\u00fcr Ihren Urlaub mit dem Stamm oder der Familie<\/title>\n<meta name=\"robots\" content=\"index, follow, max-snippet:-1, max-image-preview:large, max-video-preview:-1\" \/>\n<link rel=\"canonical\" href=\"https:\/\/www.camping-baden.com\/de\/neubau-fur-ihren-urlaub-im-stamm-oder-in-der-familie\/\" \/>\n<meta property=\"og:locale\" content=\"de_DE\" \/>\n<meta property=\"og:type\" content=\"article\" \/>\n<meta property=\"og:title\" content=\"Neues Cottage f\u00fcr Ihren Urlaub mit dem Stamm oder der Familie\" \/>\n<meta property=\"og:url\" content=\"https:\/\/www.camping-baden.com\/de\/neubau-fur-ihren-urlaub-im-stamm-oder-in-der-familie\/\" \/>\n<meta property=\"og:site_name\" content=\"Man\u00e9 Guernehu\u00e9\" \/>\n<meta property=\"article:published_time\" content=\"2024-01-09T14:01:00+00:00\" \/>\n<meta property=\"article:modified_time\" content=\"2024-11-11T08:28:15+00:00\" \/>\n<meta property=\"og:image\" content=\"https:\/\/www.camping-baden.com\/wp-content\/uploads\/2024\/09\/terrasses-de-mane-10P-photo-principale.webp\" \/>\n\t<meta property=\"og:image:width\" content=\"2000\" \/>\n\t<meta property=\"og:image:height\" content=\"1333\" \/>\n\t<meta property=\"og:image:type\" content=\"image\/webp\" \/>\n<meta name=\"author\" content=\"@dmin64\" \/>\n<meta name=\"twitter:card\" content=\"summary_large_image\" \/>\n<meta name=\"twitter:label1\" content=\"Verfasst von\" \/>\n\t<meta name=\"twitter:data1\" content=\"@dmin64\" \/>\n<script type=\"application\/ld+json\" class=\"yoast-schema-graph\">{\"@context\":\"https:\/\/schema.org\",\"@graph\":[{\"@type\":\"Article\",\"@id\":\"https:\/\/www.camping-baden.com\/de\/neubau-fur-ihren-urlaub-im-stamm-oder-in-der-familie\/#article\",\"isPartOf\":{\"@id\":\"https:\/\/www.camping-baden.com\/de\/neubau-fur-ihren-urlaub-im-stamm-oder-in-der-familie\/\"},\"author\":{\"name\":\"@dmin64\",\"@id\":\"https:\/\/www.camping-baden.com\/de\/#\/schema\/person\/c6e510fdea074e9025407c05c7b117ed\"},\"headline\":\"Neues Cottage f\u00fcr Ihren Stamm- oder Familienurlaub!\",\"datePublished\":\"2024-01-09T14:01:00+00:00\",\"dateModified\":\"2024-11-11T08:28:15+00:00\",\"mainEntityOfPage\":{\"@id\":\"https:\/\/www.camping-baden.com\/de\/neubau-fur-ihren-urlaub-im-stamm-oder-in-der-familie\/\"},\"wordCount\":89,\"publisher\":{\"@id\":\"https:\/\/www.camping-baden.com\/de\/#organization\"},\"image\":{\"@id\":\"https:\/\/www.camping-baden.com\/de\/neubau-fur-ihren-urlaub-im-stamm-oder-in-der-familie\/#primaryimage\"},\"thumbnailUrl\":\"https:\/\/www.camping-baden.com\/wp-content\/uploads\/2024\/09\/terrasses-de-mane-10P-photo-principale.webp\",\"articleSection\":[\"Nachrichten\"],\"inLanguage\":\"de\"},{\"@type\":\"WebPage\",\"@id\":\"https:\/\/www.camping-baden.com\/de\/neubau-fur-ihren-urlaub-im-stamm-oder-in-der-familie\/\",\"url\":\"https:\/\/www.camping-baden.com\/de\/neubau-fur-ihren-urlaub-im-stamm-oder-in-der-familie\/\",\"name\":\"Neues Cottage f\u00fcr Ihren Urlaub mit dem Stamm oder der Familie\",\"isPartOf\":{\"@id\":\"https:\/\/www.camping-baden.com\/de\/#website\"},\"primaryImageOfPage\":{\"@id\":\"https:\/\/www.camping-baden.com\/de\/neubau-fur-ihren-urlaub-im-stamm-oder-in-der-familie\/#primaryimage\"},\"image\":{\"@id\":\"https:\/\/www.camping-baden.com\/de\/neubau-fur-ihren-urlaub-im-stamm-oder-in-der-familie\/#primaryimage\"},\"thumbnailUrl\":\"https:\/\/www.camping-baden.com\/wp-content\/uploads\/2024\/09\/terrasses-de-mane-10P-photo-principale.webp\",\"datePublished\":\"2024-01-09T14:01:00+00:00\",\"dateModified\":\"2024-11-11T08:28:15+00:00\",\"breadcrumb\":{\"@id\":\"https:\/\/www.camping-baden.com\/de\/neubau-fur-ihren-urlaub-im-stamm-oder-in-der-familie\/#breadcrumb\"},\"inLanguage\":\"de\",\"potentialAction\":[{\"@type\":\"ReadAction\",\"target\":[\"https:\/\/www.camping-baden.com\/de\/neubau-fur-ihren-urlaub-im-stamm-oder-in-der-familie\/\"]}]},{\"@type\":\"ImageObject\",\"inLanguage\":\"de\",\"@id\":\"https:\/\/www.camping-baden.com\/de\/neubau-fur-ihren-urlaub-im-stamm-oder-in-der-familie\/#primaryimage\",\"url\":\"https:\/\/www.camping-baden.com\/wp-content\/uploads\/2024\/09\/terrasses-de-mane-10P-photo-principale.webp\",\"contentUrl\":\"https:\/\/www.camping-baden.com\/wp-content\/uploads\/2024\/09\/terrasses-de-mane-10P-photo-principale.webp\",\"width\":2000,\"height\":1333,\"caption\":\"Cottage mit eigenem Jacuzzi\"},{\"@type\":\"BreadcrumbList\",\"@id\":\"https:\/\/www.camping-baden.com\/de\/neubau-fur-ihren-urlaub-im-stamm-oder-in-der-familie\/#breadcrumb\",\"itemListElement\":[{\"@type\":\"ListItem\",\"position\":1,\"name\":\"Camping Golfe du Morbihan\",\"item\":\"https:\/\/www.camping-baden.com\/de\/\"},{\"@type\":\"ListItem\",\"position\":2,\"name\":\"Nachrichten\",\"item\":\"https:\/\/www.camping-baden.com\/de\/nachrichten\/\"},{\"@type\":\"ListItem\",\"position\":3,\"name\":\"Neues Cottage f\u00fcr Ihren Stamm- oder Familienurlaub!\"}]},{\"@type\":\"WebSite\",\"@id\":\"https:\/\/www.camping-baden.com\/de\/#website\",\"url\":\"https:\/\/www.camping-baden.com\/de\/\",\"name\":\"Man\u00e9 Guernehu\u00e9\",\"description\":\"\",\"publisher\":{\"@id\":\"https:\/\/www.camping-baden.com\/de\/#organization\"},\"potentialAction\":[{\"@type\":\"SearchAction\",\"target\":{\"@type\":\"EntryPoint\",\"urlTemplate\":\"https:\/\/www.camping-baden.com\/de\/?s={search_term_string}\"},\"query-input\":{\"@type\":\"PropertyValueSpecification\",\"valueRequired\":true,\"valueName\":\"search_term_string\"}}],\"inLanguage\":\"de\"},{\"@type\":\"Organization\",\"@id\":\"https:\/\/www.camping-baden.com\/de\/#organization\",\"name\":\"Man\u00e9 Guernehu\u00e9\",\"url\":\"https:\/\/www.camping-baden.com\/de\/\",\"logo\":{\"@type\":\"ImageObject\",\"inLanguage\":\"de\",\"@id\":\"https:\/\/www.camping-baden.com\/de\/#\/schema\/logo\/image\/\",\"url\":\"https:\/\/www.camping-baden.com\/wp-content\/uploads\/2024\/08\/logo-camping-mane-guernehue.png\",\"contentUrl\":\"https:\/\/www.camping-baden.com\/wp-content\/uploads\/2024\/08\/logo-camping-mane-guernehue.png\",\"width\":1000,\"height\":450,\"caption\":\"Man\u00e9 Guernehu\u00e9\"},\"image\":{\"@id\":\"https:\/\/www.camping-baden.com\/de\/#\/schema\/logo\/image\/\"}},{\"@type\":\"Person\",\"@id\":\"https:\/\/www.camping-baden.com\/de\/#\/schema\/person\/c6e510fdea074e9025407c05c7b117ed\",\"name\":\"@dmin64\",\"image\":{\"@type\":\"ImageObject\",\"inLanguage\":\"de\",\"@id\":\"https:\/\/www.camping-baden.com\/de\/#\/schema\/person\/image\/\",\"url\":\"https:\/\/secure.gravatar.com\/avatar\/c139ef583a0e65260f6808f5628e6eca9fa8608b06e80bc14d5c39d32af667ca?s=96&d=mm&r=g\",\"contentUrl\":\"https:\/\/secure.gravatar.com\/avatar\/c139ef583a0e65260f6808f5628e6eca9fa8608b06e80bc14d5c39d32af667ca?s=96&d=mm&r=g\",\"caption\":\"@dmin64\"},\"sameAs\":[\"https:\/\/www.camping-baden.com\"]}]}<\/script>\n<!-- \/ Yoast SEO plugin. -->","yoast_head_json":{"title":"Neues Cottage f\u00fcr Ihren Urlaub mit dem Stamm oder der Familie","robots":{"index":"index","follow":"follow","max-snippet":"max-snippet:-1","max-image-preview":"max-image-preview:large","max-video-preview":"max-video-preview:-1"},"canonical":"https:\/\/www.camping-baden.com\/de\/neubau-fur-ihren-urlaub-im-stamm-oder-in-der-familie\/","og_locale":"de_DE","og_type":"article","og_title":"Neues Cottage f\u00fcr Ihren Urlaub mit dem Stamm oder der Familie","og_url":"https:\/\/www.camping-baden.com\/de\/neubau-fur-ihren-urlaub-im-stamm-oder-in-der-familie\/","og_site_name":"Man\u00e9 Guernehu\u00e9","article_published_time":"2024-01-09T14:01:00+00:00","article_modified_time":"2024-11-11T08:28:15+00:00","og_image":[{"width":2000,"height":1333,"url":"https:\/\/www.camping-baden.com\/wp-content\/uploads\/2024\/09\/terrasses-de-mane-10P-photo-principale.webp","type":"image\/webp"}],"author":"@dmin64","twitter_card":"summary_large_image","twitter_misc":{"Verfasst von":"@dmin64"},"schema":{"@context":"https:\/\/schema.org","@graph":[{"@type":"Article","@id":"https:\/\/www.camping-baden.com\/de\/neubau-fur-ihren-urlaub-im-stamm-oder-in-der-familie\/#article","isPartOf":{"@id":"https:\/\/www.camping-baden.com\/de\/neubau-fur-ihren-urlaub-im-stamm-oder-in-der-familie\/"},"author":{"name":"@dmin64","@id":"https:\/\/www.camping-baden.com\/de\/#\/schema\/person\/c6e510fdea074e9025407c05c7b117ed"},"headline":"Neues Cottage f\u00fcr Ihren Stamm- oder Familienurlaub!","datePublished":"2024-01-09T14:01:00+00:00","dateModified":"2024-11-11T08:28:15+00:00","mainEntityOfPage":{"@id":"https:\/\/www.camping-baden.com\/de\/neubau-fur-ihren-urlaub-im-stamm-oder-in-der-familie\/"},"wordCount":89,"publisher":{"@id":"https:\/\/www.camping-baden.com\/de\/#organization"},"image":{"@id":"https:\/\/www.camping-baden.com\/de\/neubau-fur-ihren-urlaub-im-stamm-oder-in-der-familie\/#primaryimage"},"thumbnailUrl":"https:\/\/www.camping-baden.com\/wp-content\/uploads\/2024\/09\/terrasses-de-mane-10P-photo-principale.webp","articleSection":["Nachrichten"],"inLanguage":"de"},{"@type":"WebPage","@id":"https:\/\/www.camping-baden.com\/de\/neubau-fur-ihren-urlaub-im-stamm-oder-in-der-familie\/","url":"https:\/\/www.camping-baden.com\/de\/neubau-fur-ihren-urlaub-im-stamm-oder-in-der-familie\/","name":"Neues Cottage f\u00fcr Ihren Urlaub mit dem Stamm oder der Familie","isPartOf":{"@id":"https:\/\/www.camping-baden.com\/de\/#website"},"primaryImageOfPage":{"@id":"https:\/\/www.camping-baden.com\/de\/neubau-fur-ihren-urlaub-im-stamm-oder-in-der-familie\/#primaryimage"},"image":{"@id":"https:\/\/www.camping-baden.com\/de\/neubau-fur-ihren-urlaub-im-stamm-oder-in-der-familie\/#primaryimage"},"thumbnailUrl":"https:\/\/www.camping-baden.com\/wp-content\/uploads\/2024\/09\/terrasses-de-mane-10P-photo-principale.webp","datePublished":"2024-01-09T14:01:00+00:00","dateModified":"2024-11-11T08:28:15+00:00","breadcrumb":{"@id":"https:\/\/www.camping-baden.com\/de\/neubau-fur-ihren-urlaub-im-stamm-oder-in-der-familie\/#breadcrumb"},"inLanguage":"de","potentialAction":[{"@type":"ReadAction","target":["https:\/\/www.camping-baden.com\/de\/neubau-fur-ihren-urlaub-im-stamm-oder-in-der-familie\/"]}]},{"@type":"ImageObject","inLanguage":"de","@id":"https:\/\/www.camping-baden.com\/de\/neubau-fur-ihren-urlaub-im-stamm-oder-in-der-familie\/#primaryimage","url":"https:\/\/www.camping-baden.com\/wp-content\/uploads\/2024\/09\/terrasses-de-mane-10P-photo-principale.webp","contentUrl":"https:\/\/www.camping-baden.com\/wp-content\/uploads\/2024\/09\/terrasses-de-mane-10P-photo-principale.webp","width":2000,"height":1333,"caption":"Cottage mit eigenem Jacuzzi"},{"@type":"BreadcrumbList","@id":"https:\/\/www.camping-baden.com\/de\/neubau-fur-ihren-urlaub-im-stamm-oder-in-der-familie\/#breadcrumb","itemListElement":[{"@type":"ListItem","position":1,"name":"Camping Golfe du Morbihan","item":"https:\/\/www.camping-baden.com\/de\/"},{"@type":"ListItem","position":2,"name":"Nachrichten","item":"https:\/\/www.camping-baden.com\/de\/nachrichten\/"},{"@type":"ListItem","position":3,"name":"Neues Cottage f\u00fcr Ihren Stamm- oder Familienurlaub!"}]},{"@type":"WebSite","@id":"https:\/\/www.camping-baden.com\/de\/#website","url":"https:\/\/www.camping-baden.com\/de\/","name":"Man\u00e9 Guernehu\u00e9","description":"","publisher":{"@id":"https:\/\/www.camping-baden.com\/de\/#organization"},"potentialAction":[{"@type":"SearchAction","target":{"@type":"EntryPoint","urlTemplate":"https:\/\/www.camping-baden.com\/de\/?s={search_term_string}"},"query-input":{"@type":"PropertyValueSpecification","valueRequired":true,"valueName":"search_term_string"}}],"inLanguage":"de"},{"@type":"Organization","@id":"https:\/\/www.camping-baden.com\/de\/#organization","name":"Man\u00e9 Guernehu\u00e9","url":"https:\/\/www.camping-baden.com\/de\/","logo":{"@type":"ImageObject","inLanguage":"de","@id":"https:\/\/www.camping-baden.com\/de\/#\/schema\/logo\/image\/","url":"https:\/\/www.camping-baden.com\/wp-content\/uploads\/2024\/08\/logo-camping-mane-guernehue.png","contentUrl":"https:\/\/www.camping-baden.com\/wp-content\/uploads\/2024\/08\/logo-camping-mane-guernehue.png","width":1000,"height":450,"caption":"Man\u00e9 Guernehu\u00e9"},"image":{"@id":"https:\/\/www.camping-baden.com\/de\/#\/schema\/logo\/image\/"}},{"@type":"Person","@id":"https:\/\/www.camping-baden.com\/de\/#\/schema\/person\/c6e510fdea074e9025407c05c7b117ed","name":"@dmin64","image":{"@type":"ImageObject","inLanguage":"de","@id":"https:\/\/www.camping-baden.com\/de\/#\/schema\/person\/image\/","url":"https:\/\/secure.gravatar.com\/avatar\/c139ef583a0e65260f6808f5628e6eca9fa8608b06e80bc14d5c39d32af667ca?s=96&d=mm&r=g","contentUrl":"https:\/\/secure.gravatar.com\/avatar\/c139ef583a0e65260f6808f5628e6eca9fa8608b06e80bc14d5c39d32af667ca?s=96&d=mm&r=g","caption":"@dmin64"},"sameAs":["https:\/\/www.camping-baden.com"]}]}},"_links":{"self":[{"href":"https:\/\/www.camping-baden.com\/de\/wp-json\/wp\/v2\/posts\/11921","targetHints":{"allow":["GET"]}}],"collection":[{"href":"https:\/\/www.camping-baden.com\/de\/wp-json\/wp\/v2\/posts"}],"about":[{"href":"https:\/\/www.camping-baden.com\/de\/wp-json\/wp\/v2\/types\/post"}],"author":[{"embeddable":true,"href":"https:\/\/www.camping-baden.com\/de\/wp-json\/wp\/v2\/users\/1"}],"replies":[{"embeddable":true,"href":"https:\/\/www.camping-baden.com\/de\/wp-json\/wp\/v2\/comments?post=11921"}],"version-history":[{"count":1,"href":"https:\/\/www.camping-baden.com\/de\/wp-json\/wp\/v2\/posts\/11921\/revisions"}],"predecessor-version":[{"id":11922,"href":"https:\/\/www.camping-baden.com\/de\/wp-json\/wp\/v2\/posts\/11921\/revisions\/11922"}],"wp:featuredmedia":[{"embeddable":true,"href":"https:\/\/www.camping-baden.com\/de\/wp-json\/wp\/v2\/media\/2945"}],"wp:attachment":[{"href":"https:\/\/www.camping-baden.com\/de\/wp-json\/wp\/v2\/media?parent=11921"}],"wp:term":[{"taxonomy":"category","embeddable":true,"href":"https:\/\/www.camping-baden.com\/de\/wp-json\/wp\/v2\/categories?post=11921"},{"taxonomy":"post_tag","embeddable":true,"href":"https:\/\/www.camping-baden.com\/de\/wp-json\/wp\/v2\/tags?post=11921"},{"taxonomy":"sujet","embeddable":true,"href":"https:\/\/www.camping-baden.com\/de\/wp-json\/wp\/v2\/sujet?post=11921"}],"curies":[{"name":"wp","href":"https:\/\/api.w.org\/{rel}","templated":true}]}}