{"id":11903,"date":"2021-05-26T15:03:00","date_gmt":"2021-05-26T13:03:00","guid":{"rendered":"https:\/\/www.camping-baden.com\/ein-break-vor-dem-sommer-ferienwohnung-ausserhalb-der-saison-juni\/"},"modified":"2024-11-11T09:28:21","modified_gmt":"2024-11-11T08:28:21","slug":"ein-break-vor-dem-sommer-ferienwohnung-ausserhalb-der-saison-juni","status":"publish","type":"post","link":"https:\/\/www.camping-baden.com\/de\/ein-break-vor-dem-sommer-ferienwohnung-ausserhalb-der-saison-juni\/","title":{"rendered":"Ferienunterk\u00fcnfte und Camping in der Nebensaison"},"content":{"rendered":"\n<div id=\"ls-heading ls-titre-div-block_1dbe688dee398902c989aab3120d4d92\" class=\"ls-titre-div aligncenter h2-like has-text-color has-color-2-color\" >\n    Schnell eine Pause vor dem Sommer!<\/div>\n\n<h2 class=\"ls__heading wp-block-heading\">Profitieren Sie im Juni von den attraktiven Preisen f\u00fcr eine Auszeit am Golf von Morbihan vor dem Sommer!<\/h2>\n\n<p class=\"ls-paragraph\"><strong>Buchen Sie Ihre Ferienunterkunft, Ihr Ferienhaus oder Ihren Stellplatz auf dem Campingplatz f\u00fcr eine Woche, ein Wochenende oder einen Kurzurlaub in der Woche.<\/strong><br\/>Die Dienstleistungen sind auf der Domaine Man\u00e9 Guernehu\u00e9 ge\u00f6ffnet: Restaurant, Gerichte zum Mitnehmen, Lebensmittelgesch\u00e4ft, Reitzentrum, Wasserpark, Sch\u00f6nheitsbehandlungen, Aktivit\u00e4ten, Animationen&#8230;<\/p>\n\n<div class=\"wp-block-columns is-layout-flex wp-container-core-columns-is-layout-9d6595d7 wp-block-columns-is-layout-flex\">\n<div class=\"wp-block-column is-layout-flow wp-block-column-is-layout-flow\">\n<figure class=\"wp-block-gallery has-nested-images columns-default is-cropped wp-block-gallery-1 is-layout-flex wp-block-gallery-is-layout-flex\">\n<figure class=\"wp-block-image size-large\"><a href=\"https:\/\/www.camping-baden.com\/wp-content\/uploads\/2021\/05\/Vite-un-Break-avant-la-saison-800px-min.webp\"><img decoding=\"async\" width=\"800\" height=\"533\" data-id=\"1383\" src=\"https:\/\/www.camping-baden.com\/wp-content\/uploads\/2021\/05\/Vite-un-Break-avant-la-saison-800px-min.webp\" alt=\"Schnell ein Break vor der Saison px min\" class=\"wp-image-1383\" srcset=\"https:\/\/www.camping-baden.com\/wp-content\/uploads\/2021\/05\/Vite-un-Break-avant-la-saison-800px-min.webp 800w, https:\/\/www.camping-baden.com\/wp-content\/uploads\/2021\/05\/Vite-un-Break-avant-la-saison-800px-min-300x200.webp 300w, https:\/\/www.camping-baden.com\/wp-content\/uploads\/2021\/05\/Vite-un-Break-avant-la-saison-800px-min-768x512.webp 768w\" sizes=\"(max-width: 800px) 100vw, 800px\" \/><\/a><figcaption class=\"wp-element-caption\">Schnell noch eine Pause vor dem Sommer auf Domaine Man\u00e9 Guernehu\u00e9!<\/figcaption><\/figure>\n\n\n\n<figure class=\"wp-block-image size-large\"><a href=\"https:\/\/www.camping-baden.com\/wp-content\/uploads\/2021\/05\/patio-terrasse-800px-1.webp\"><img decoding=\"async\" width=\"800\" height=\"533\" data-id=\"1339\" src=\"https:\/\/www.camping-baden.com\/wp-content\/uploads\/2021\/05\/patio-terrasse-800px-1.webp\" alt=\"Patio Terrasse Px\" class=\"wp-image-1339\" srcset=\"https:\/\/www.camping-baden.com\/wp-content\/uploads\/2021\/05\/patio-terrasse-800px-1.webp 800w, https:\/\/www.camping-baden.com\/wp-content\/uploads\/2021\/05\/patio-terrasse-800px-1-300x200.webp 300w, https:\/\/www.camping-baden.com\/wp-content\/uploads\/2021\/05\/patio-terrasse-800px-1-768x512.webp 768w\" sizes=\"(max-width: 800px) 100vw, 800px\" \/><\/a><figcaption class=\"wp-element-caption\">Das Cottage Patio 4 fleurs und seine Terrasse<\/figcaption><\/figure>\n\n\n\n<figure class=\"wp-block-image size-large\"><a href=\"https:\/\/www.camping-baden.com\/wp-content\/uploads\/2021\/05\/villa-de-la-plage-exterieur-piscine-800px-min.webp\"><img decoding=\"async\" width=\"800\" height=\"569\" data-id=\"1375\" src=\"https:\/\/www.camping-baden.com\/wp-content\/uploads\/2021\/05\/villa-de-la-plage-exterieur-piscine-800px-min.webp\" alt=\"Strandvilla mit Au&#xDF;enpool px min\" class=\"wp-image-1375\" srcset=\"https:\/\/www.camping-baden.com\/wp-content\/uploads\/2021\/05\/villa-de-la-plage-exterieur-piscine-800px-min.webp 800w, https:\/\/www.camping-baden.com\/wp-content\/uploads\/2021\/05\/villa-de-la-plage-exterieur-piscine-800px-min-300x213.webp 300w, https:\/\/www.camping-baden.com\/wp-content\/uploads\/2021\/05\/villa-de-la-plage-exterieur-piscine-800px-min-768x546.webp 768w\" sizes=\"(max-width: 800px) 100vw, 800px\" \/><\/a><figcaption class=\"wp-element-caption\">Villa de la Plage mit Pool<\/figcaption><\/figure>\n\n\n\n<figure class=\"wp-block-image size-large\"><a href=\"https:\/\/www.camping-baden.com\/wp-content\/uploads\/2021\/05\/Gites-de-meridadec-800px.webp\"><img decoding=\"async\" width=\"800\" height=\"533\" data-id=\"1323\" src=\"https:\/\/www.camping-baden.com\/wp-content\/uploads\/2021\/05\/Gites-de-meridadec-800px.webp\" alt=\"Ferienwohnungen von meridadec px\" class=\"wp-image-1323\" srcset=\"https:\/\/www.camping-baden.com\/wp-content\/uploads\/2021\/05\/Gites-de-meridadec-800px.webp 800w, https:\/\/www.camping-baden.com\/wp-content\/uploads\/2021\/05\/Gites-de-meridadec-800px-300x200.webp 300w, https:\/\/www.camping-baden.com\/wp-content\/uploads\/2021\/05\/Gites-de-meridadec-800px-768x512.webp 768w\" sizes=\"(max-width: 800px) 100vw, 800px\" \/><\/a><figcaption class=\"wp-element-caption\">Authentische Ferienh\u00e4user von M\u00e9riadec<\/figcaption><\/figure>\n\n\n\n<figure class=\"wp-block-image size-large\"><a href=\"https:\/\/www.camping-baden.com\/wp-content\/uploads\/2021\/05\/emplacement-camping-car-4-800px.webp\"><img decoding=\"async\" width=\"800\" height=\"539\" data-id=\"1311\" src=\"https:\/\/www.camping-baden.com\/wp-content\/uploads\/2021\/05\/emplacement-camping-car-4-800px.webp\" alt=\"Stellplatz Wohnmobil px\" class=\"wp-image-1311\" srcset=\"https:\/\/www.camping-baden.com\/wp-content\/uploads\/2021\/05\/emplacement-camping-car-4-800px.webp 800w, https:\/\/www.camping-baden.com\/wp-content\/uploads\/2021\/05\/emplacement-camping-car-4-800px-300x202.webp 300w, https:\/\/www.camping-baden.com\/wp-content\/uploads\/2021\/05\/emplacement-camping-car-4-800px-768x517.webp 768w\" sizes=\"(max-width: 800px) 100vw, 800px\" \/><\/a><figcaption class=\"wp-element-caption\">Stellplatz f\u00fcr gro\u00dfes Wohnmobil<\/figcaption><\/figure>\n\n\n\n<figure class=\"wp-block-image size-large\"><a href=\"https:\/\/www.camping-baden.com\/wp-content\/uploads\/2021\/05\/emplacement-caravane-800px.webp\"><img decoding=\"async\" width=\"800\" height=\"539\" data-id=\"1315\" src=\"https:\/\/www.camping-baden.com\/wp-content\/uploads\/2021\/05\/emplacement-caravane-800px.webp\" alt=\"Wohnwagenplatz px\" class=\"wp-image-1315\" srcset=\"https:\/\/www.camping-baden.com\/wp-content\/uploads\/2021\/05\/emplacement-caravane-800px.webp 800w, https:\/\/www.camping-baden.com\/wp-content\/uploads\/2021\/05\/emplacement-caravane-800px-300x202.webp 300w, https:\/\/www.camping-baden.com\/wp-content\/uploads\/2021\/05\/emplacement-caravane-800px-768x517.webp 768w\" sizes=\"(max-width: 800px) 100vw, 800px\" \/><\/a><figcaption class=\"wp-element-caption\">Stellpl\u00e4tze f\u00fcr Wohnwagen<\/figcaption><\/figure>\n\n\n\n<figure class=\"wp-block-image size-large\"><a href=\"https:\/\/www.camping-baden.com\/wp-content\/uploads\/2021\/05\/2020-mai-19-emplacements-sanitaires-prives-800px-min.webp\"><img decoding=\"async\" width=\"800\" height=\"533\" data-id=\"1299\" src=\"https:\/\/www.camping-baden.com\/wp-content\/uploads\/2021\/05\/2020-mai-19-emplacements-sanitaires-prives-800px-min.webp\" alt=\"Mai Private Sanit&#xE4;ranlagen px min\" class=\"wp-image-1299\" srcset=\"https:\/\/www.camping-baden.com\/wp-content\/uploads\/2021\/05\/2020-mai-19-emplacements-sanitaires-prives-800px-min.webp 800w, https:\/\/www.camping-baden.com\/wp-content\/uploads\/2021\/05\/2020-mai-19-emplacements-sanitaires-prives-800px-min-300x200.webp 300w, https:\/\/www.camping-baden.com\/wp-content\/uploads\/2021\/05\/2020-mai-19-emplacements-sanitaires-prives-800px-min-768x512.webp 768w\" sizes=\"(max-width: 800px) 100vw, 800px\" \/><\/a><figcaption class=\"wp-element-caption\">Neue private Sanit\u00e4ranlagen<\/figcaption><\/figure>\n\n\n\n<figure class=\"wp-block-image size-large\"><a href=\"https:\/\/www.camping-baden.com\/wp-content\/uploads\/2021\/05\/natation-piscine-800px.webp\"><img decoding=\"async\" width=\"800\" height=\"533\" data-id=\"1335\" src=\"https:\/\/www.camping-baden.com\/wp-content\/uploads\/2021\/05\/natation-piscine-800px.webp\" alt=\"Schwimmen Schwimmbad px\" class=\"wp-image-1335\" srcset=\"https:\/\/www.camping-baden.com\/wp-content\/uploads\/2021\/05\/natation-piscine-800px.webp 800w, https:\/\/www.camping-baden.com\/wp-content\/uploads\/2021\/05\/natation-piscine-800px-300x200.webp 300w, https:\/\/www.camping-baden.com\/wp-content\/uploads\/2021\/05\/natation-piscine-800px-768x512.webp 768w\" sizes=\"(max-width: 800px) 100vw, 800px\" \/><\/a><figcaption class=\"wp-element-caption\">Schwimmen im Pool<\/figcaption><\/figure>\n\n\n\n<figure class=\"wp-block-image size-large\"><a href=\"https:\/\/www.camping-baden.com\/wp-content\/uploads\/2021\/05\/stretching-800px-min.webp\"><img decoding=\"async\" width=\"800\" height=\"533\" data-id=\"1363\" src=\"https:\/\/www.camping-baden.com\/wp-content\/uploads\/2021\/05\/stretching-800px-min.webp\" alt=\"Stretching px min\" class=\"wp-image-1363\" srcset=\"https:\/\/www.camping-baden.com\/wp-content\/uploads\/2021\/05\/stretching-800px-min.webp 800w, https:\/\/www.camping-baden.com\/wp-content\/uploads\/2021\/05\/stretching-800px-min-300x200.webp 300w, https:\/\/www.camping-baden.com\/wp-content\/uploads\/2021\/05\/stretching-800px-min-768x512.webp 768w\" sizes=\"(max-width: 800px) 100vw, 800px\" \/><\/a><figcaption class=\"wp-element-caption\">Stretching<\/figcaption><\/figure>\n\n\n\n<figure class=\"wp-block-image size-large\"><a href=\"https:\/\/www.camping-baden.com\/wp-content\/uploads\/2021\/05\/sports-activites-petanque-800px.webp\"><img decoding=\"async\" width=\"800\" height=\"539\" data-id=\"1359\" src=\"https:\/\/www.camping-baden.com\/wp-content\/uploads\/2021\/05\/sports-activites-petanque-800px.webp\" alt=\"sport aktivit&#xE4;ten px petanque\" class=\"wp-image-1359\" srcset=\"https:\/\/www.camping-baden.com\/wp-content\/uploads\/2021\/05\/sports-activites-petanque-800px.webp 800w, https:\/\/www.camping-baden.com\/wp-content\/uploads\/2021\/05\/sports-activites-petanque-800px-300x202.webp 300w, https:\/\/www.camping-baden.com\/wp-content\/uploads\/2021\/05\/sports-activites-petanque-800px-768x517.webp 768w\" sizes=\"(max-width: 800px) 100vw, 800px\" \/><\/a><figcaption class=\"wp-element-caption\">Boulespiel auf einem Bouleplatz<\/figcaption><\/figure>\n\n\n\n<figure class=\"wp-block-image size-large\"><img decoding=\"async\" width=\"800\" height=\"533\" data-id=\"1307\" src=\"https:\/\/www.camping-baden.com\/wp-content\/uploads\/2021\/05\/club-enfants-jeux-mane-guernehue-800px.webp\" alt=\"kinderclub spiele mane guernehue px\" class=\"wp-image-1307\" srcset=\"https:\/\/www.camping-baden.com\/wp-content\/uploads\/2021\/05\/club-enfants-jeux-mane-guernehue-800px.webp 800w, https:\/\/www.camping-baden.com\/wp-content\/uploads\/2021\/05\/club-enfants-jeux-mane-guernehue-800px-300x200.webp 300w, https:\/\/www.camping-baden.com\/wp-content\/uploads\/2021\/05\/club-enfants-jeux-mane-guernehue-800px-768x512.webp 768w\" sizes=\"(max-width: 800px) 100vw, 800px\" \/><figcaption class=\"wp-element-caption\">Der Kinderclub<\/figcaption><\/figure>\n\n\n\n<figure class=\"wp-block-image size-large\"><a href=\"https:\/\/www.camping-baden.com\/wp-content\/uploads\/2021\/05\/restaurant-mane-guernehue-pizza-galette-800px-533px.webp\"><img decoding=\"async\" width=\"800\" height=\"533\" data-id=\"1351\" src=\"https:\/\/www.camping-baden.com\/wp-content\/uploads\/2021\/05\/restaurant-mane-guernehue-pizza-galette-800px-533px.webp\" alt=\"restaurant mane guernehue pizza galette px px\" class=\"wp-image-1351\" srcset=\"https:\/\/www.camping-baden.com\/wp-content\/uploads\/2021\/05\/restaurant-mane-guernehue-pizza-galette-800px-533px.webp 800w, https:\/\/www.camping-baden.com\/wp-content\/uploads\/2021\/05\/restaurant-mane-guernehue-pizza-galette-800px-533px-300x200.webp 300w, https:\/\/www.camping-baden.com\/wp-content\/uploads\/2021\/05\/restaurant-mane-guernehue-pizza-galette-800px-533px-768x512.webp 768w\" sizes=\"(max-width: 800px) 100vw, 800px\" \/><\/a><figcaption class=\"wp-element-caption\">Auf der Terrasse des Restaurants, Blick auf den Pool<\/figcaption><\/figure>\n\n\n\n<figure class=\"wp-block-image size-large\"><a href=\"https:\/\/www.camping-baden.com\/wp-content\/uploads\/2021\/05\/pizzas-800px.webp\"><img decoding=\"async\" width=\"800\" height=\"533\" data-id=\"1343\" src=\"https:\/\/www.camping-baden.com\/wp-content\/uploads\/2021\/05\/pizzas-800px.webp\" alt=\"px Pizzas\" class=\"wp-image-1343\" srcset=\"https:\/\/www.camping-baden.com\/wp-content\/uploads\/2021\/05\/pizzas-800px.webp 800w, https:\/\/www.camping-baden.com\/wp-content\/uploads\/2021\/05\/pizzas-800px-300x200.webp 300w, https:\/\/www.camping-baden.com\/wp-content\/uploads\/2021\/05\/pizzas-800px-768x512.webp 768w\" sizes=\"(max-width: 800px) 100vw, 800px\" \/><\/a><figcaption class=\"wp-element-caption\">Pizza im Restaurant und zum Mitnehmen in der Snackbar<\/figcaption><\/figure>\n\n\n\n<figure class=\"wp-block-image size-large\"><a href=\"https:\/\/www.camping-baden.com\/wp-content\/uploads\/2021\/05\/epicerie-camping-mane-guernehue-800px-min.webp\"><img decoding=\"async\" width=\"800\" height=\"533\" data-id=\"1319\" src=\"https:\/\/www.camping-baden.com\/wp-content\/uploads\/2021\/05\/epicerie-camping-mane-guernehue-800px-min.webp\" alt=\"Lebensmittelgesch&#xE4;ft Campingplatz Mane Guernehue px min\" class=\"wp-image-1319\" srcset=\"https:\/\/www.camping-baden.com\/wp-content\/uploads\/2021\/05\/epicerie-camping-mane-guernehue-800px-min.webp 800w, https:\/\/www.camping-baden.com\/wp-content\/uploads\/2021\/05\/epicerie-camping-mane-guernehue-800px-min-300x200.webp 300w, https:\/\/www.camping-baden.com\/wp-content\/uploads\/2021\/05\/epicerie-camping-mane-guernehue-800px-min-768x512.webp 768w\" sizes=\"(max-width: 800px) 100vw, 800px\" \/><\/a><figcaption class=\"wp-element-caption\">Lebensmittelgesch\u00e4ft auf dem Campingplatz<\/figcaption><\/figure>\n\n\n\n<figure class=\"wp-block-image size-large\"><a href=\"https:\/\/www.camping-baden.com\/wp-content\/uploads\/2021\/05\/spa-modelage-800px-min.webp\"><img decoding=\"async\" width=\"800\" height=\"806\" data-id=\"1355\" src=\"https:\/\/www.camping-baden.com\/wp-content\/uploads\/2021\/05\/spa-modelage-800px-min.webp\" alt=\"Spa-Modellierung px min\" class=\"wp-image-1355\" srcset=\"https:\/\/www.camping-baden.com\/wp-content\/uploads\/2021\/05\/spa-modelage-800px-min.webp 800w, https:\/\/www.camping-baden.com\/wp-content\/uploads\/2021\/05\/spa-modelage-800px-min-298x300.webp 298w, https:\/\/www.camping-baden.com\/wp-content\/uploads\/2021\/05\/spa-modelage-800px-min-150x150.webp 150w, https:\/\/www.camping-baden.com\/wp-content\/uploads\/2021\/05\/spa-modelage-800px-min-768x774.webp 768w\" sizes=\"(max-width: 800px) 100vw, 800px\" \/><\/a><figcaption class=\"wp-element-caption\">Modelage oder kosmetische Behandlungen \u00a9 Phytomer<\/figcaption><\/figure>\n\n\n\n<figure class=\"wp-block-image size-large\"><a href=\"https:\/\/www.camping-baden.com\/wp-content\/uploads\/2021\/05\/2020-mai-19-CE-balade-cheval-800px.webp\"><img decoding=\"async\" width=\"800\" height=\"533\" data-id=\"1295\" src=\"https:\/\/www.camping-baden.com\/wp-content\/uploads\/2021\/05\/2020-mai-19-CE-balade-cheval-800px.webp\" alt=\"Mai EG Ausritt Pferd px\" class=\"wp-image-1295\" srcset=\"https:\/\/www.camping-baden.com\/wp-content\/uploads\/2021\/05\/2020-mai-19-CE-balade-cheval-800px.webp 800w, https:\/\/www.camping-baden.com\/wp-content\/uploads\/2021\/05\/2020-mai-19-CE-balade-cheval-800px-300x200.webp 300w, https:\/\/www.camping-baden.com\/wp-content\/uploads\/2021\/05\/2020-mai-19-CE-balade-cheval-800px-768x512.webp 768w\" sizes=\"(max-width: 800px) 100vw, 800px\" \/><\/a><figcaption class=\"wp-element-caption\">Reiten<\/figcaption><\/figure>\n\n\n\n<figure class=\"wp-block-image size-large\"><a href=\"https:\/\/www.camping-baden.com\/wp-content\/uploads\/2021\/05\/golfe-du-morbihan-800px.webp\"><img decoding=\"async\" width=\"800\" height=\"539\" data-id=\"1327\" src=\"https:\/\/www.camping-baden.com\/wp-content\/uploads\/2021\/05\/golfe-du-morbihan-800px.webp\" alt=\"Golf von Morbihan px\" class=\"wp-image-1327\" srcset=\"https:\/\/www.camping-baden.com\/wp-content\/uploads\/2021\/05\/golfe-du-morbihan-800px.webp 800w, https:\/\/www.camping-baden.com\/wp-content\/uploads\/2021\/05\/golfe-du-morbihan-800px-300x202.webp 300w, https:\/\/www.camping-baden.com\/wp-content\/uploads\/2021\/05\/golfe-du-morbihan-800px-768x517.webp 768w\" sizes=\"(max-width: 800px) 100vw, 800px\" \/><\/a><figcaption class=\"wp-element-caption\">Der Golf von Morbihan<\/figcaption><\/figure>\n\n\n\n<figure class=\"wp-block-image size-large\"><a href=\"https:\/\/www.camping-baden.com\/wp-content\/uploads\/2021\/05\/visite-golfe-du-morbihan-maison-rose-arradon-800px-min.webp\"><img decoding=\"async\" width=\"800\" height=\"533\" data-id=\"1379\" src=\"https:\/\/www.camping-baden.com\/wp-content\/uploads\/2021\/05\/visite-golfe-du-morbihan-maison-rose-arradon-800px-min.webp\" alt=\"besuch golf von morbihan maison rose arradon px min\" class=\"wp-image-1379\" srcset=\"https:\/\/www.camping-baden.com\/wp-content\/uploads\/2021\/05\/visite-golfe-du-morbihan-maison-rose-arradon-800px-min.webp 800w, https:\/\/www.camping-baden.com\/wp-content\/uploads\/2021\/05\/visite-golfe-du-morbihan-maison-rose-arradon-800px-min-300x200.webp 300w, https:\/\/www.camping-baden.com\/wp-content\/uploads\/2021\/05\/visite-golfe-du-morbihan-maison-rose-arradon-800px-min-768x512.webp 768w\" sizes=\"(max-width: 800px) 100vw, 800px\" \/><\/a><figcaption class=\"wp-element-caption\">Spaziergang in Arradon, das Rosa Haus<\/figcaption><\/figure>\n\n\n\n<figure class=\"wp-block-image size-large\"><a href=\"https:\/\/www.camping-baden.com\/wp-content\/uploads\/2021\/05\/balade-sentiers-cotiers-golfe-du-morbihan-800px-min.webp\"><img decoding=\"async\" width=\"800\" height=\"533\" data-id=\"1303\" src=\"https:\/\/www.camping-baden.com\/wp-content\/uploads\/2021\/05\/balade-sentiers-cotiers-golfe-du-morbihan-800px-min.webp\" alt=\"Spaziergang auf K&#xFC;stenpfaden im Golf von Morbihan px min\" class=\"wp-image-1303\" srcset=\"https:\/\/www.camping-baden.com\/wp-content\/uploads\/2021\/05\/balade-sentiers-cotiers-golfe-du-morbihan-800px-min.webp 800w, https:\/\/www.camping-baden.com\/wp-content\/uploads\/2021\/05\/balade-sentiers-cotiers-golfe-du-morbihan-800px-min-300x200.webp 300w, https:\/\/www.camping-baden.com\/wp-content\/uploads\/2021\/05\/balade-sentiers-cotiers-golfe-du-morbihan-800px-min-768x512.webp 768w\" sizes=\"(max-width: 800px) 100vw, 800px\" \/><\/a><figcaption class=\"wp-element-caption\">Spaziergang auf den K\u00fcstenpfaden<\/figcaption><\/figure>\n\n\n\n<figure class=\"wp-block-image size-large\"><a href=\"https:\/\/www.camping-baden.com\/wp-content\/uploads\/2021\/05\/golfe-plage-800px.webp\"><img decoding=\"async\" width=\"800\" height=\"533\" data-id=\"1331\" src=\"https:\/\/www.camping-baden.com\/wp-content\/uploads\/2021\/05\/golfe-plage-800px.webp\" alt=\"golf strand px\" class=\"wp-image-1331\" srcset=\"https:\/\/www.camping-baden.com\/wp-content\/uploads\/2021\/05\/golfe-plage-800px.webp 800w, https:\/\/www.camping-baden.com\/wp-content\/uploads\/2021\/05\/golfe-plage-800px-300x200.webp 300w, https:\/\/www.camping-baden.com\/wp-content\/uploads\/2021\/05\/golfe-plage-800px-768x512.webp 768w\" sizes=\"(max-width: 800px) 100vw, 800px\" \/><\/a><figcaption class=\"wp-element-caption\">Strand am Golf von Morbihan<\/figcaption><\/figure>\n\n\n\n<figure class=\"wp-block-image size-large\"><a href=\"https:\/\/www.camping-baden.com\/wp-content\/uploads\/2021\/05\/velo_BOURCIER-Simon-800px.webp\"><img decoding=\"async\" width=\"800\" height=\"533\" data-id=\"1371\" src=\"https:\/\/www.camping-baden.com\/wp-content\/uploads\/2021\/05\/velo_BOURCIER-Simon-800px.webp\" alt=\"Fahrrad BOURCIER Simon px\" class=\"wp-image-1371\" srcset=\"https:\/\/www.camping-baden.com\/wp-content\/uploads\/2021\/05\/velo_BOURCIER-Simon-800px.webp 800w, https:\/\/www.camping-baden.com\/wp-content\/uploads\/2021\/05\/velo_BOURCIER-Simon-800px-300x200.webp 300w, https:\/\/www.camping-baden.com\/wp-content\/uploads\/2021\/05\/velo_BOURCIER-Simon-800px-768x512.webp 768w\" sizes=\"(max-width: 800px) 100vw, 800px\" \/><\/a><figcaption class=\"wp-element-caption\">Entdeckung der Region mit dem Fahrrad \u00a9 Simon Bourcier<\/figcaption><\/figure>\n\n\n\n<figure class=\"wp-block-image size-large\"><a href=\"https:\/\/www.camping-baden.com\/wp-content\/uploads\/2021\/05\/randonnee-golfe-du-morbihan-800px.webp\"><img decoding=\"async\" width=\"800\" height=\"533\" data-id=\"1347\" src=\"https:\/\/www.camping-baden.com\/wp-content\/uploads\/2021\/05\/randonnee-golfe-du-morbihan-800px.webp\" alt=\"Wanderung Golf von Morbihan px\" class=\"wp-image-1347\" srcset=\"https:\/\/www.camping-baden.com\/wp-content\/uploads\/2021\/05\/randonnee-golfe-du-morbihan-800px.webp 800w, https:\/\/www.camping-baden.com\/wp-content\/uploads\/2021\/05\/randonnee-golfe-du-morbihan-800px-300x200.webp 300w, https:\/\/www.camping-baden.com\/wp-content\/uploads\/2021\/05\/randonnee-golfe-du-morbihan-800px-768x512.webp 768w\" sizes=\"(max-width: 800px) 100vw, 800px\" \/><\/a><figcaption class=\"wp-element-caption\">Wandern auf dem GR34<\/figcaption><\/figure>\n\n\n\n<figure class=\"wp-block-image size-large\"><a href=\"https:\/\/www.camping-baden.com\/wp-content\/uploads\/2021\/05\/vannes-2-YLG-800px.webp\"><img decoding=\"async\" width=\"800\" height=\"533\" data-id=\"1367\" src=\"https:\/\/www.camping-baden.com\/wp-content\/uploads\/2021\/05\/vannes-2-YLG-800px.webp\" alt=\"Ventile YLG px\" class=\"wp-image-1367\" srcset=\"https:\/\/www.camping-baden.com\/wp-content\/uploads\/2021\/05\/vannes-2-YLG-800px.webp 800w, https:\/\/www.camping-baden.com\/wp-content\/uploads\/2021\/05\/vannes-2-YLG-800px-300x200.webp 300w, https:\/\/www.camping-baden.com\/wp-content\/uploads\/2021\/05\/vannes-2-YLG-800px-768x512.webp 768w\" sizes=\"(max-width: 800px) 100vw, 800px\" \/><\/a><figcaption class=\"wp-element-caption\">Vannes und seine bunten Fachwerkh\u00e4user \u00a9 Yannick Le Gal<\/figcaption><\/figure>\n<\/figure>\n<\/div>\n\n\n\n<div class=\"wp-block-column is-layout-flow wp-block-column-is-layout-flow\">\n<p class=\"ls-paragraph\"><strong>W\u00e4hlen Sie Ihre Unterkunft oder Ihren Campingplatz:<\/strong><\/p>\n\n\n\n<ul class=\"ls-list ls-list-undefined wp-block-list\">\n<li><a href=\"https:\/\/www.camping-baden.com\/de\/vermietung-von-mobilheimen-baden\/\"><strong>Ihr Cottage mit allem Komfort :<\/strong><\/a><br\/>Auf der Domaine Man\u00e9 Guernehu\u00e9 finden Sie garantiert Ihr Gl\u00fcck mit einem Mobilheim, das allen Anspr\u00fcchen und Budgets gerecht wird! Kurzaufenthalte sind m\u00f6glich, ab 47\u20ac pro Nacht.   <\/li>\n\n\n\n<li><a href=\"https:\/\/www.camping-baden.com\/de\/ferienwohnung-mieten-baden\/\"><strong>Das Strandhaus mit privatem Pool :<\/strong><br\/><\/a>Davon haben Sie getr\u00e4umt? Ein entspannter Urlaub 150m vom Strand entfernt in einem Haus mit privatem Pool und gro\u00dfem geschlossenen Garten in Baden im Herzen des Golfs von Morbihan, 3km vom Campingplatz entfernt. Das Haus am Strand f\u00fcr 10 Personen, darunter 2 Kinder, ist f\u00fcr 1 oder 2 Wochen vom 29. Mai bis 12. Juni verf\u00fcgbar, zum Preis von 798\u20ac pro Woche.    <\/li>\n\n\n\n<li><a href=\"https:\/\/www.camping-baden.com\/de\/ferienwohnung-mieten-baden\/\"><strong>Les Gites de M\u00e9riadec<\/strong><\/a><br\/>Die Bewohner der Ferienh\u00e4user haben Zugang zu den Dienstleistungen des Landgutes Man\u00e9 Guernehu\u00e9 und zum Wasserpark.<br\/>W\u00f6chentliche Vermietung ab 413\u20ac pro Woche.  <\/li>\n\n\n\n<li><a href=\"https:\/\/www.camping-baden.com\/de\/stellplatzvermietung-baden\/\"><strong>Stellplatz f\u00fcr Wohnmobil, Wohnwagen oder Zelt<\/strong><\/a><\/li>\n<\/ul>\n<\/div>\n<\/div>\n\n<p class=\"ls-paragraph\"><strong>Die Vorsaison ist ideal f\u00fcr Besichtigungen und Spazierg\u00e4nge entlang der K\u00fcstenpfade.<\/strong><\/p>\n\n<ul class=\"ls-list ls-list-undefined wp-block-list\">\n<li>Wandern Sie entlang der K\u00fcstenpfade und entdecken Sie die Wunder des Golfs von Morbihan.  <a href=\"https:\/\/www.camping-baden.com\/de\/tourismus-golf-von-morbihan\/\">Weitere Informationen&#8230;<\/a><\/li>\n\n\n\n<li>Nutzen Sie die vom Campingplatz aus organisierten Ausfl\u00fcge, um unsere sch\u00f6ne Region zu entdecken!<\/li>\n\n\n\n<li>Wanderungen, Radfahren, Strand, Wasseraktivit\u00e4ten&#8230;<\/li>\n<\/ul>\n\n<p class=\"ls-paragraph\"><strong>Die Dienstleistungen des Campingplatzes erleichtern Ihren Aufenthalt<\/strong><\/p>\n\n<ul class=\"ls-list ls-list-undefined wp-block-list\">\n<li>Das Restaurant bietet Ihnen Speisen vor Ort oder zum Mitnehmen an: Speisekarte des Restaurants, Pizzas, Galettes, Desserts&#8230; <a href=\"https:\/\/www.camping-baden.com\/de\/restaurantangebot-baden\/\">siehe Speisekarte zum Mitnehmen<\/a>.<\/li>\n\n\n\n<li>Sch\u00f6nheitsbehandlungen: Genie\u00dfen Sie einen Moment der Entspannung w\u00e4hrend einer Sch\u00f6nheitsbehandlung oder einer Modellage! <a href=\"https:\/\/www.camping-baden.com\/de\/campingplatz-spa-wohlbefinden-baden\/\">mehr<\/a>&#8230;<\/li>\n\n\n\n<li>Lebensmittelgesch\u00e4ft<\/li>\n<\/ul>\n\n<p class=\"ls-paragraph\"><strong>Nutzen Sie den Wasserpark und die angebotenen Aktivit\u00e4ten<\/strong><\/p>\n\n<ul class=\"ls-list ls-list-undefined wp-block-list\">\n<li>Tauchen Sie ein in den Wasserpark, genie\u00dfen Sie den Spa\u00df im Aquapark!<\/li>\n\n\n\n<li>Spielen Sie im Kinderclub<\/li>\n\n\n\n<li>Sportliche Aktivit\u00e4ten, Turniere, Gymnastik, Stretching, Petanque&#8230;<\/li>\n\n\n\n<li>Animationen, Spiele&#8230;<\/li>\n\n\n\n<li>Reiten und Ausritte im Reitzentrum<\/li>\n<\/ul>\n\n<p class=\"ls-paragraph\"><strong>Buchen Sie jetzt bei Domaine Man\u00e9 Guernehu\u00e9!<\/strong><\/p>\n","protected":false},"excerpt":{"rendered":"<p>Profitieren Sie im Juni von den attraktiven Preisen f\u00fcr eine Auszeit am Golf von Morbihan vor dem Sommer! Buchen Sie Ihre Ferienunterkunft, Ihr Ferienhaus oder Ihren Stellplatz auf dem Campingplatz f\u00fcr eine Woche, ein Wochenende oder einen Kurzurlaub in der Woche.Die Dienstleistungen sind auf der Domaine Man\u00e9 Guernehu\u00e9 ge\u00f6ffnet: Restaurant, Gerichte zum Mitnehmen, Lebensmittelgesch\u00e4ft, Reitzentrum, [&hellip;]<\/p>\n","protected":false},"author":1,"featured_media":1392,"comment_status":"closed","ping_status":"closed","sticky":false,"template":"","format":"standard","meta":{"_acf_changed":false,"footnotes":""},"categories":[206],"tags":[],"sujet":[],"class_list":["post-11903","post","type-post","status-publish","format-standard","has-post-thumbnail","hentry","category-nachrichten"],"acf":[],"yoast_head":"<!-- This site is optimized with the Yoast SEO plugin v25.3 - https:\/\/yoast.com\/wordpress\/plugins\/seo\/ -->\n<title>Ferienunterk\u00fcnfte und Camping in der Nebensaison<\/title>\n<meta name=\"robots\" content=\"index, follow, max-snippet:-1, max-image-preview:large, max-video-preview:-1\" \/>\n<link rel=\"canonical\" href=\"https:\/\/www.camping-baden.com\/de\/ein-break-vor-dem-sommer-ferienwohnung-ausserhalb-der-saison-juni\/\" \/>\n<meta property=\"og:locale\" content=\"de_DE\" \/>\n<meta property=\"og:type\" content=\"article\" \/>\n<meta property=\"og:title\" content=\"Ferienunterk\u00fcnfte und Camping in der Nebensaison\" \/>\n<meta property=\"og:description\" content=\"Profitieren Sie im Juni von den attraktiven Preisen f\u00fcr eine Auszeit am Golf von Morbihan vor dem Sommer! Buchen Sie Ihre Ferienunterkunft, Ihr Ferienhaus oder Ihren Stellplatz auf dem Campingplatz f\u00fcr eine Woche, ein Wochenende oder einen Kurzurlaub in der Woche.Die Dienstleistungen sind auf der Domaine Man\u00e9 Guernehu\u00e9 ge\u00f6ffnet: Restaurant, Gerichte zum Mitnehmen, Lebensmittelgesch\u00e4ft, Reitzentrum, [&hellip;]\" \/>\n<meta property=\"og:url\" content=\"https:\/\/www.camping-baden.com\/de\/ein-break-vor-dem-sommer-ferienwohnung-ausserhalb-der-saison-juni\/\" \/>\n<meta property=\"og:site_name\" content=\"Man\u00e9 Guernehu\u00e9\" \/>\n<meta property=\"article:published_time\" content=\"2021-05-26T13:03:00+00:00\" \/>\n<meta property=\"article:modified_time\" content=\"2024-11-11T08:28:21+00:00\" \/>\n<meta property=\"og:image\" content=\"https:\/\/www.camping-baden.com\/wp-content\/uploads\/2021\/05\/centre-equestre-mane-guernehue-balade-chevaux-1600px-bd-1600x410-1.webp\" \/>\n\t<meta property=\"og:image:width\" content=\"2000\" \/>\n\t<meta property=\"og:image:height\" content=\"513\" \/>\n\t<meta property=\"og:image:type\" content=\"image\/webp\" \/>\n<meta name=\"author\" content=\"@dmin64\" \/>\n<meta name=\"twitter:card\" content=\"summary_large_image\" \/>\n<meta name=\"twitter:label1\" content=\"Verfasst von\" \/>\n\t<meta name=\"twitter:data1\" content=\"@dmin64\" \/>\n\t<meta name=\"twitter:label2\" content=\"Gesch\u00e4tzte Lesezeit\" \/>\n\t<meta name=\"twitter:data2\" content=\"2\u00a0Minuten\" \/>\n<script type=\"application\/ld+json\" class=\"yoast-schema-graph\">{\"@context\":\"https:\/\/schema.org\",\"@graph\":[{\"@type\":\"Article\",\"@id\":\"https:\/\/www.camping-baden.com\/de\/ein-break-vor-dem-sommer-ferienwohnung-ausserhalb-der-saison-juni\/#article\",\"isPartOf\":{\"@id\":\"https:\/\/www.camping-baden.com\/de\/ein-break-vor-dem-sommer-ferienwohnung-ausserhalb-der-saison-juni\/\"},\"author\":{\"name\":\"@dmin64\",\"@id\":\"https:\/\/www.camping-baden.com\/de\/#\/schema\/person\/c6e510fdea074e9025407c05c7b117ed\"},\"headline\":\"Ferienunterk\u00fcnfte und Camping in der Nebensaison\",\"datePublished\":\"2021-05-26T13:03:00+00:00\",\"dateModified\":\"2024-11-11T08:28:21+00:00\",\"mainEntityOfPage\":{\"@id\":\"https:\/\/www.camping-baden.com\/de\/ein-break-vor-dem-sommer-ferienwohnung-ausserhalb-der-saison-juni\/\"},\"wordCount\":487,\"publisher\":{\"@id\":\"https:\/\/www.camping-baden.com\/de\/#organization\"},\"image\":{\"@id\":\"https:\/\/www.camping-baden.com\/de\/ein-break-vor-dem-sommer-ferienwohnung-ausserhalb-der-saison-juni\/#primaryimage\"},\"thumbnailUrl\":\"https:\/\/www.camping-baden.com\/wp-content\/uploads\/2021\/05\/centre-equestre-mane-guernehue-balade-chevaux-1600px-bd-1600x410-1.webp\",\"articleSection\":[\"Nachrichten\"],\"inLanguage\":\"de\"},{\"@type\":\"WebPage\",\"@id\":\"https:\/\/www.camping-baden.com\/de\/ein-break-vor-dem-sommer-ferienwohnung-ausserhalb-der-saison-juni\/\",\"url\":\"https:\/\/www.camping-baden.com\/de\/ein-break-vor-dem-sommer-ferienwohnung-ausserhalb-der-saison-juni\/\",\"name\":\"Ferienunterk\u00fcnfte und Camping in der Nebensaison\",\"isPartOf\":{\"@id\":\"https:\/\/www.camping-baden.com\/de\/#website\"},\"primaryImageOfPage\":{\"@id\":\"https:\/\/www.camping-baden.com\/de\/ein-break-vor-dem-sommer-ferienwohnung-ausserhalb-der-saison-juni\/#primaryimage\"},\"image\":{\"@id\":\"https:\/\/www.camping-baden.com\/de\/ein-break-vor-dem-sommer-ferienwohnung-ausserhalb-der-saison-juni\/#primaryimage\"},\"thumbnailUrl\":\"https:\/\/www.camping-baden.com\/wp-content\/uploads\/2021\/05\/centre-equestre-mane-guernehue-balade-chevaux-1600px-bd-1600x410-1.webp\",\"datePublished\":\"2021-05-26T13:03:00+00:00\",\"dateModified\":\"2024-11-11T08:28:21+00:00\",\"breadcrumb\":{\"@id\":\"https:\/\/www.camping-baden.com\/de\/ein-break-vor-dem-sommer-ferienwohnung-ausserhalb-der-saison-juni\/#breadcrumb\"},\"inLanguage\":\"de\",\"potentialAction\":[{\"@type\":\"ReadAction\",\"target\":[\"https:\/\/www.camping-baden.com\/de\/ein-break-vor-dem-sommer-ferienwohnung-ausserhalb-der-saison-juni\/\"]}]},{\"@type\":\"ImageObject\",\"inLanguage\":\"de\",\"@id\":\"https:\/\/www.camping-baden.com\/de\/ein-break-vor-dem-sommer-ferienwohnung-ausserhalb-der-saison-juni\/#primaryimage\",\"url\":\"https:\/\/www.camping-baden.com\/wp-content\/uploads\/2021\/05\/centre-equestre-mane-guernehue-balade-chevaux-1600px-bd-1600x410-1.webp\",\"contentUrl\":\"https:\/\/www.camping-baden.com\/wp-content\/uploads\/2021\/05\/centre-equestre-mane-guernehue-balade-chevaux-1600px-bd-1600x410-1.webp\",\"width\":2000,\"height\":513,\"caption\":\"Reitzentrum Mane Guernehue Pferdeausritt px bd x\"},{\"@type\":\"BreadcrumbList\",\"@id\":\"https:\/\/www.camping-baden.com\/de\/ein-break-vor-dem-sommer-ferienwohnung-ausserhalb-der-saison-juni\/#breadcrumb\",\"itemListElement\":[{\"@type\":\"ListItem\",\"position\":1,\"name\":\"Camping Golfe du Morbihan\",\"item\":\"https:\/\/www.camping-baden.com\/de\/\"},{\"@type\":\"ListItem\",\"position\":2,\"name\":\"Nachrichten\",\"item\":\"https:\/\/www.camping-baden.com\/de\/nachrichten\/\"},{\"@type\":\"ListItem\",\"position\":3,\"name\":\"Ferienunterk\u00fcnfte und Camping in der Nebensaison\"}]},{\"@type\":\"WebSite\",\"@id\":\"https:\/\/www.camping-baden.com\/de\/#website\",\"url\":\"https:\/\/www.camping-baden.com\/de\/\",\"name\":\"Man\u00e9 Guernehu\u00e9\",\"description\":\"\",\"publisher\":{\"@id\":\"https:\/\/www.camping-baden.com\/de\/#organization\"},\"potentialAction\":[{\"@type\":\"SearchAction\",\"target\":{\"@type\":\"EntryPoint\",\"urlTemplate\":\"https:\/\/www.camping-baden.com\/de\/?s={search_term_string}\"},\"query-input\":{\"@type\":\"PropertyValueSpecification\",\"valueRequired\":true,\"valueName\":\"search_term_string\"}}],\"inLanguage\":\"de\"},{\"@type\":\"Organization\",\"@id\":\"https:\/\/www.camping-baden.com\/de\/#organization\",\"name\":\"Man\u00e9 Guernehu\u00e9\",\"url\":\"https:\/\/www.camping-baden.com\/de\/\",\"logo\":{\"@type\":\"ImageObject\",\"inLanguage\":\"de\",\"@id\":\"https:\/\/www.camping-baden.com\/de\/#\/schema\/logo\/image\/\",\"url\":\"https:\/\/www.camping-baden.com\/wp-content\/uploads\/2024\/08\/logo-camping-mane-guernehue.png\",\"contentUrl\":\"https:\/\/www.camping-baden.com\/wp-content\/uploads\/2024\/08\/logo-camping-mane-guernehue.png\",\"width\":1000,\"height\":450,\"caption\":\"Man\u00e9 Guernehu\u00e9\"},\"image\":{\"@id\":\"https:\/\/www.camping-baden.com\/de\/#\/schema\/logo\/image\/\"}},{\"@type\":\"Person\",\"@id\":\"https:\/\/www.camping-baden.com\/de\/#\/schema\/person\/c6e510fdea074e9025407c05c7b117ed\",\"name\":\"@dmin64\",\"image\":{\"@type\":\"ImageObject\",\"inLanguage\":\"de\",\"@id\":\"https:\/\/www.camping-baden.com\/de\/#\/schema\/person\/image\/\",\"url\":\"https:\/\/secure.gravatar.com\/avatar\/c139ef583a0e65260f6808f5628e6eca9fa8608b06e80bc14d5c39d32af667ca?s=96&d=mm&r=g\",\"contentUrl\":\"https:\/\/secure.gravatar.com\/avatar\/c139ef583a0e65260f6808f5628e6eca9fa8608b06e80bc14d5c39d32af667ca?s=96&d=mm&r=g\",\"caption\":\"@dmin64\"},\"sameAs\":[\"https:\/\/www.camping-baden.com\"]}]}<\/script>\n<!-- \/ Yoast SEO plugin. -->","yoast_head_json":{"title":"Ferienunterk\u00fcnfte und Camping in der Nebensaison","robots":{"index":"index","follow":"follow","max-snippet":"max-snippet:-1","max-image-preview":"max-image-preview:large","max-video-preview":"max-video-preview:-1"},"canonical":"https:\/\/www.camping-baden.com\/de\/ein-break-vor-dem-sommer-ferienwohnung-ausserhalb-der-saison-juni\/","og_locale":"de_DE","og_type":"article","og_title":"Ferienunterk\u00fcnfte und Camping in der Nebensaison","og_description":"Profitieren Sie im Juni von den attraktiven Preisen f\u00fcr eine Auszeit am Golf von Morbihan vor dem Sommer! Buchen Sie Ihre Ferienunterkunft, Ihr Ferienhaus oder Ihren Stellplatz auf dem Campingplatz f\u00fcr eine Woche, ein Wochenende oder einen Kurzurlaub in der Woche.Die Dienstleistungen sind auf der Domaine Man\u00e9 Guernehu\u00e9 ge\u00f6ffnet: Restaurant, Gerichte zum Mitnehmen, Lebensmittelgesch\u00e4ft, Reitzentrum, [&hellip;]","og_url":"https:\/\/www.camping-baden.com\/de\/ein-break-vor-dem-sommer-ferienwohnung-ausserhalb-der-saison-juni\/","og_site_name":"Man\u00e9 Guernehu\u00e9","article_published_time":"2021-05-26T13:03:00+00:00","article_modified_time":"2024-11-11T08:28:21+00:00","og_image":[{"width":2000,"height":513,"url":"https:\/\/www.camping-baden.com\/wp-content\/uploads\/2021\/05\/centre-equestre-mane-guernehue-balade-chevaux-1600px-bd-1600x410-1.webp","type":"image\/webp"}],"author":"@dmin64","twitter_card":"summary_large_image","twitter_misc":{"Verfasst von":"@dmin64","Gesch\u00e4tzte Lesezeit":"2\u00a0Minuten"},"schema":{"@context":"https:\/\/schema.org","@graph":[{"@type":"Article","@id":"https:\/\/www.camping-baden.com\/de\/ein-break-vor-dem-sommer-ferienwohnung-ausserhalb-der-saison-juni\/#article","isPartOf":{"@id":"https:\/\/www.camping-baden.com\/de\/ein-break-vor-dem-sommer-ferienwohnung-ausserhalb-der-saison-juni\/"},"author":{"name":"@dmin64","@id":"https:\/\/www.camping-baden.com\/de\/#\/schema\/person\/c6e510fdea074e9025407c05c7b117ed"},"headline":"Ferienunterk\u00fcnfte und Camping in der Nebensaison","datePublished":"2021-05-26T13:03:00+00:00","dateModified":"2024-11-11T08:28:21+00:00","mainEntityOfPage":{"@id":"https:\/\/www.camping-baden.com\/de\/ein-break-vor-dem-sommer-ferienwohnung-ausserhalb-der-saison-juni\/"},"wordCount":487,"publisher":{"@id":"https:\/\/www.camping-baden.com\/de\/#organization"},"image":{"@id":"https:\/\/www.camping-baden.com\/de\/ein-break-vor-dem-sommer-ferienwohnung-ausserhalb-der-saison-juni\/#primaryimage"},"thumbnailUrl":"https:\/\/www.camping-baden.com\/wp-content\/uploads\/2021\/05\/centre-equestre-mane-guernehue-balade-chevaux-1600px-bd-1600x410-1.webp","articleSection":["Nachrichten"],"inLanguage":"de"},{"@type":"WebPage","@id":"https:\/\/www.camping-baden.com\/de\/ein-break-vor-dem-sommer-ferienwohnung-ausserhalb-der-saison-juni\/","url":"https:\/\/www.camping-baden.com\/de\/ein-break-vor-dem-sommer-ferienwohnung-ausserhalb-der-saison-juni\/","name":"Ferienunterk\u00fcnfte und Camping in der Nebensaison","isPartOf":{"@id":"https:\/\/www.camping-baden.com\/de\/#website"},"primaryImageOfPage":{"@id":"https:\/\/www.camping-baden.com\/de\/ein-break-vor-dem-sommer-ferienwohnung-ausserhalb-der-saison-juni\/#primaryimage"},"image":{"@id":"https:\/\/www.camping-baden.com\/de\/ein-break-vor-dem-sommer-ferienwohnung-ausserhalb-der-saison-juni\/#primaryimage"},"thumbnailUrl":"https:\/\/www.camping-baden.com\/wp-content\/uploads\/2021\/05\/centre-equestre-mane-guernehue-balade-chevaux-1600px-bd-1600x410-1.webp","datePublished":"2021-05-26T13:03:00+00:00","dateModified":"2024-11-11T08:28:21+00:00","breadcrumb":{"@id":"https:\/\/www.camping-baden.com\/de\/ein-break-vor-dem-sommer-ferienwohnung-ausserhalb-der-saison-juni\/#breadcrumb"},"inLanguage":"de","potentialAction":[{"@type":"ReadAction","target":["https:\/\/www.camping-baden.com\/de\/ein-break-vor-dem-sommer-ferienwohnung-ausserhalb-der-saison-juni\/"]}]},{"@type":"ImageObject","inLanguage":"de","@id":"https:\/\/www.camping-baden.com\/de\/ein-break-vor-dem-sommer-ferienwohnung-ausserhalb-der-saison-juni\/#primaryimage","url":"https:\/\/www.camping-baden.com\/wp-content\/uploads\/2021\/05\/centre-equestre-mane-guernehue-balade-chevaux-1600px-bd-1600x410-1.webp","contentUrl":"https:\/\/www.camping-baden.com\/wp-content\/uploads\/2021\/05\/centre-equestre-mane-guernehue-balade-chevaux-1600px-bd-1600x410-1.webp","width":2000,"height":513,"caption":"Reitzentrum Mane Guernehue Pferdeausritt px bd x"},{"@type":"BreadcrumbList","@id":"https:\/\/www.camping-baden.com\/de\/ein-break-vor-dem-sommer-ferienwohnung-ausserhalb-der-saison-juni\/#breadcrumb","itemListElement":[{"@type":"ListItem","position":1,"name":"Camping Golfe du Morbihan","item":"https:\/\/www.camping-baden.com\/de\/"},{"@type":"ListItem","position":2,"name":"Nachrichten","item":"https:\/\/www.camping-baden.com\/de\/nachrichten\/"},{"@type":"ListItem","position":3,"name":"Ferienunterk\u00fcnfte und Camping in der Nebensaison"}]},{"@type":"WebSite","@id":"https:\/\/www.camping-baden.com\/de\/#website","url":"https:\/\/www.camping-baden.com\/de\/","name":"Man\u00e9 Guernehu\u00e9","description":"","publisher":{"@id":"https:\/\/www.camping-baden.com\/de\/#organization"},"potentialAction":[{"@type":"SearchAction","target":{"@type":"EntryPoint","urlTemplate":"https:\/\/www.camping-baden.com\/de\/?s={search_term_string}"},"query-input":{"@type":"PropertyValueSpecification","valueRequired":true,"valueName":"search_term_string"}}],"inLanguage":"de"},{"@type":"Organization","@id":"https:\/\/www.camping-baden.com\/de\/#organization","name":"Man\u00e9 Guernehu\u00e9","url":"https:\/\/www.camping-baden.com\/de\/","logo":{"@type":"ImageObject","inLanguage":"de","@id":"https:\/\/www.camping-baden.com\/de\/#\/schema\/logo\/image\/","url":"https:\/\/www.camping-baden.com\/wp-content\/uploads\/2024\/08\/logo-camping-mane-guernehue.png","contentUrl":"https:\/\/www.camping-baden.com\/wp-content\/uploads\/2024\/08\/logo-camping-mane-guernehue.png","width":1000,"height":450,"caption":"Man\u00e9 Guernehu\u00e9"},"image":{"@id":"https:\/\/www.camping-baden.com\/de\/#\/schema\/logo\/image\/"}},{"@type":"Person","@id":"https:\/\/www.camping-baden.com\/de\/#\/schema\/person\/c6e510fdea074e9025407c05c7b117ed","name":"@dmin64","image":{"@type":"ImageObject","inLanguage":"de","@id":"https:\/\/www.camping-baden.com\/de\/#\/schema\/person\/image\/","url":"https:\/\/secure.gravatar.com\/avatar\/c139ef583a0e65260f6808f5628e6eca9fa8608b06e80bc14d5c39d32af667ca?s=96&d=mm&r=g","contentUrl":"https:\/\/secure.gravatar.com\/avatar\/c139ef583a0e65260f6808f5628e6eca9fa8608b06e80bc14d5c39d32af667ca?s=96&d=mm&r=g","caption":"@dmin64"},"sameAs":["https:\/\/www.camping-baden.com"]}]}},"_links":{"self":[{"href":"https:\/\/www.camping-baden.com\/de\/wp-json\/wp\/v2\/posts\/11903","targetHints":{"allow":["GET"]}}],"collection":[{"href":"https:\/\/www.camping-baden.com\/de\/wp-json\/wp\/v2\/posts"}],"about":[{"href":"https:\/\/www.camping-baden.com\/de\/wp-json\/wp\/v2\/types\/post"}],"author":[{"embeddable":true,"href":"https:\/\/www.camping-baden.com\/de\/wp-json\/wp\/v2\/users\/1"}],"replies":[{"embeddable":true,"href":"https:\/\/www.camping-baden.com\/de\/wp-json\/wp\/v2\/comments?post=11903"}],"version-history":[{"count":1,"href":"https:\/\/www.camping-baden.com\/de\/wp-json\/wp\/v2\/posts\/11903\/revisions"}],"predecessor-version":[{"id":11904,"href":"https:\/\/www.camping-baden.com\/de\/wp-json\/wp\/v2\/posts\/11903\/revisions\/11904"}],"wp:featuredmedia":[{"embeddable":true,"href":"https:\/\/www.camping-baden.com\/de\/wp-json\/wp\/v2\/media\/1392"}],"wp:attachment":[{"href":"https:\/\/www.camping-baden.com\/de\/wp-json\/wp\/v2\/media?parent=11903"}],"wp:term":[{"taxonomy":"category","embeddable":true,"href":"https:\/\/www.camping-baden.com\/de\/wp-json\/wp\/v2\/categories?post=11903"},{"taxonomy":"post_tag","embeddable":true,"href":"https:\/\/www.camping-baden.com\/de\/wp-json\/wp\/v2\/tags?post=11903"},{"taxonomy":"sujet","embeddable":true,"href":"https:\/\/www.camping-baden.com\/de\/wp-json\/wp\/v2\/sujet?post=11903"}],"curies":[{"name":"wp","href":"https:\/\/api.w.org\/{rel}","templated":true}]}}