{"id":11901,"date":"2022-11-08T14:24:00","date_gmt":"2022-11-08T13:24:00","guid":{"rendered":"https:\/\/www.camping-baden.com\/neue-sanitaranlagen-fur-campingplatze\/"},"modified":"2024-11-11T09:28:20","modified_gmt":"2024-11-11T08:28:20","slug":"neue-sanitaranlagen-fur-campingplatze","status":"publish","type":"post","link":"https:\/\/www.camping-baden.com\/de\/neue-sanitaranlagen-fur-campingplatze\/","title":{"rendered":"Neue Sanit\u00e4ranlagen f\u00fcr die Campingpl\u00e4tze"},"content":{"rendered":"\n<div class=\"wp-block-columns is-layout-flex wp-container-core-columns-is-layout-9d6595d7 wp-block-columns-is-layout-flex\">\n<div class=\"wp-block-column is-layout-flow wp-block-column-is-layout-flow\">\n<figure class=\"wp-block-gallery has-nested-images columns-default is-cropped wp-block-gallery-1 is-layout-flex wp-block-gallery-is-layout-flex\">\n<figure class=\"wp-block-image size-large\"><a href=\"https:\/\/www.camping-baden.com\/wp-content\/uploads\/2022\/11\/2022-sanitaires-bloc-2-3-1.webp\"><img decoding=\"async\" width=\"800\" height=\"600\" data-id=\"2501\" src=\"https:\/\/www.camping-baden.com\/wp-content\/uploads\/2022\/11\/2022-sanitaires-bloc-2-3-1.webp\" alt=\"Sanit&#xE4;rblock ()\" class=\"wp-image-2501\" srcset=\"https:\/\/www.camping-baden.com\/wp-content\/uploads\/2022\/11\/2022-sanitaires-bloc-2-3-1.webp 800w, https:\/\/www.camping-baden.com\/wp-content\/uploads\/2022\/11\/2022-sanitaires-bloc-2-3-1-300x225.webp 300w, https:\/\/www.camping-baden.com\/wp-content\/uploads\/2022\/11\/2022-sanitaires-bloc-2-3-1-768x576.webp 768w\" sizes=\"(max-width: 800px) 100vw, 800px\" \/><\/a><figcaption class=\"wp-element-caption\">Geschirrk\u00f6rbe und W\u00e4schek\u00f6rbe<\/figcaption><\/figure>\n\n\n\n<figure class=\"wp-block-image size-large\"><a href=\"https:\/\/www.camping-baden.com\/wp-content\/uploads\/2022\/11\/2022-sanitaires-bloc-2-4.webp\"><img decoding=\"async\" width=\"800\" height=\"576\" data-id=\"2525\" src=\"https:\/\/www.camping-baden.com\/wp-content\/uploads\/2022\/11\/2022-sanitaires-bloc-2-4.webp\" alt=\"Sanit&#xE4;rblock ()\" class=\"wp-image-2525\" srcset=\"https:\/\/www.camping-baden.com\/wp-content\/uploads\/2022\/11\/2022-sanitaires-bloc-2-4.webp 800w, https:\/\/www.camping-baden.com\/wp-content\/uploads\/2022\/11\/2022-sanitaires-bloc-2-4-300x216.webp 300w, https:\/\/www.camping-baden.com\/wp-content\/uploads\/2022\/11\/2022-sanitaires-bloc-2-4-768x553.webp 768w\" sizes=\"(max-width: 800px) 100vw, 800px\" \/><\/a><figcaption class=\"wp-element-caption\">Die neuen Sanit\u00e4ranlagen<\/figcaption><\/figure>\n\n\n\n<figure class=\"wp-block-image size-large\"><a href=\"https:\/\/www.camping-baden.com\/wp-content\/uploads\/2022\/11\/2022-sanitaires-bloc-2-6-800px-533px-min.webp\"><img decoding=\"async\" width=\"800\" height=\"533\" data-id=\"2509\" src=\"https:\/\/www.camping-baden.com\/wp-content\/uploads\/2022\/11\/2022-sanitaires-bloc-2-6-800px-533px-min.webp\" alt=\"Sanit&#xE4;rblock px px min\" class=\"wp-image-2509\" srcset=\"https:\/\/www.camping-baden.com\/wp-content\/uploads\/2022\/11\/2022-sanitaires-bloc-2-6-800px-533px-min.webp 800w, https:\/\/www.camping-baden.com\/wp-content\/uploads\/2022\/11\/2022-sanitaires-bloc-2-6-800px-533px-min-300x200.webp 300w, https:\/\/www.camping-baden.com\/wp-content\/uploads\/2022\/11\/2022-sanitaires-bloc-2-6-800px-533px-min-768x512.webp 768w\" sizes=\"(max-width: 800px) 100vw, 800px\" \/><\/a><figcaption class=\"wp-element-caption\">Kabine mit Waschbecken mit Dusche &#8211; Toilette<\/figcaption><\/figure>\n\n\n\n<figure class=\"wp-block-image size-large\"><a href=\"https:\/\/www.camping-baden.com\/wp-content\/uploads\/2022\/11\/2022-sanitaires-bloc-2-1-800px-533px-min.webp\"><img decoding=\"async\" width=\"800\" height=\"533\" data-id=\"2513\" src=\"https:\/\/www.camping-baden.com\/wp-content\/uploads\/2022\/11\/2022-sanitaires-bloc-2-1-800px-533px-min.webp\" alt=\"Sanit&#xE4;rblock px px min\" class=\"wp-image-2513\" srcset=\"https:\/\/www.camping-baden.com\/wp-content\/uploads\/2022\/11\/2022-sanitaires-bloc-2-1-800px-533px-min.webp 800w, https:\/\/www.camping-baden.com\/wp-content\/uploads\/2022\/11\/2022-sanitaires-bloc-2-1-800px-533px-min-300x200.webp 300w, https:\/\/www.camping-baden.com\/wp-content\/uploads\/2022\/11\/2022-sanitaires-bloc-2-1-800px-533px-min-768x512.webp 768w\" sizes=\"(max-width: 800px) 100vw, 800px\" \/><\/a><figcaption class=\"wp-element-caption\">Kabine f\u00fcr Familien mit Kleinkindern<\/figcaption><\/figure>\n\n\n\n<figure class=\"wp-block-image size-large\"><a href=\"https:\/\/www.camping-baden.com\/wp-content\/uploads\/2022\/11\/2022-sanitaires-bloc-2-5b.webp\"><img decoding=\"async\" width=\"800\" height=\"644\" data-id=\"2521\" src=\"https:\/\/www.camping-baden.com\/wp-content\/uploads\/2022\/11\/2022-sanitaires-bloc-2-5b.webp\" alt=\"Sanit&#xE4;rblock ()b\" class=\"wp-image-2521\" srcset=\"https:\/\/www.camping-baden.com\/wp-content\/uploads\/2022\/11\/2022-sanitaires-bloc-2-5b.webp 800w, https:\/\/www.camping-baden.com\/wp-content\/uploads\/2022\/11\/2022-sanitaires-bloc-2-5b-300x242.webp 300w, https:\/\/www.camping-baden.com\/wp-content\/uploads\/2022\/11\/2022-sanitaires-bloc-2-5b-768x618.webp 768w\" sizes=\"(max-width: 800px) 100vw, 800px\" \/><\/a><figcaption class=\"wp-element-caption\">Duschkabine, Waschbecken und Toilette f\u00fcr Personen mit eingeschr\u00e4nkter Mobilit\u00e4t<\/figcaption><\/figure>\n\n\n\n<figure class=\"wp-block-image size-large\"><a href=\"https:\/\/www.camping-baden.com\/wp-content\/uploads\/2022\/11\/2022-barbecue-commun-pres-de-sanitaires2-1.webp\"><img decoding=\"async\" width=\"800\" height=\"512\" data-id=\"2497\" src=\"https:\/\/www.camping-baden.com\/wp-content\/uploads\/2022\/11\/2022-barbecue-commun-pres-de-sanitaires2-1.webp\" alt=\"Gemeinsamer Grill in der N&#xE4;he der Sanit&#xE4;ranlagen ()\" class=\"wp-image-2497\" srcset=\"https:\/\/www.camping-baden.com\/wp-content\/uploads\/2022\/11\/2022-barbecue-commun-pres-de-sanitaires2-1.webp 800w, https:\/\/www.camping-baden.com\/wp-content\/uploads\/2022\/11\/2022-barbecue-commun-pres-de-sanitaires2-1-300x192.webp 300w, https:\/\/www.camping-baden.com\/wp-content\/uploads\/2022\/11\/2022-barbecue-commun-pres-de-sanitaires2-1-768x492.webp 768w\" sizes=\"(max-width: 800px) 100vw, 800px\" \/><\/a><figcaption class=\"wp-element-caption\">Neuer Grillplatz f\u00fcr Camper<\/figcaption><\/figure>\n\n\n\n<figure class=\"wp-block-image size-large\"><a href=\"https:\/\/www.camping-baden.com\/wp-content\/uploads\/2022\/11\/2022-sanitaires-bloc-2-2-1.webp\"><img decoding=\"async\" width=\"800\" height=\"600\" data-id=\"2505\" src=\"https:\/\/www.camping-baden.com\/wp-content\/uploads\/2022\/11\/2022-sanitaires-bloc-2-2-1.webp\" alt=\"Sanit&#xE4;rblock ()\" class=\"wp-image-2505\" srcset=\"https:\/\/www.camping-baden.com\/wp-content\/uploads\/2022\/11\/2022-sanitaires-bloc-2-2-1.webp 800w, https:\/\/www.camping-baden.com\/wp-content\/uploads\/2022\/11\/2022-sanitaires-bloc-2-2-1-300x225.webp 300w, https:\/\/www.camping-baden.com\/wp-content\/uploads\/2022\/11\/2022-sanitaires-bloc-2-2-1-768x576.webp 768w\" sizes=\"(max-width: 800px) 100vw, 800px\" \/><\/a><figcaption class=\"wp-element-caption\">Neue Sanit\u00e4ranlagen f\u00fcr die Campingpl\u00e4tze<\/figcaption><\/figure>\n<\/figure>\n<\/div>\n\n\n\n<div class=\"wp-block-column is-layout-flow wp-block-column-is-layout-flow\">\n<div id=\"ls-heading ls-titre-div-block_2cfc5af5d689d52c8e1e6f2c91617618\" class=\"ls-titre-div h2-like has-text-color has-color-3-color\" >\n    Camper lieben die neuen Sanit\u00e4ranlagen!<\/div>\n\n\n\n<p class=\"ls-paragraph\"><strong>Die neue Sanit\u00e4ranlage ist komfortabel und sch\u00f6n gestaltet und wird sehr gesch\u00e4tzt.<\/strong><\/p>\n\n\n\n<p class=\"ls-paragraph\">Der neue Sanit\u00e4rblock verf\u00fcgt \u00fcber eine Reihe von Toiletten, Duschkabinen mit Waschbecken oder Einzelduschen, eine Kabine f\u00fcr Behinderte, Kindertoiletten und eine gro\u00dfe Kabine f\u00fcr Familien mit kleinen Kindern und Babys. Im \u00fcberdachten Au\u00dfenbereich finden Sie die Geschirr- und W\u00e4schebeh\u00e4lter. <\/p>\n\n\n\n<p class=\"ls-paragraph\"><strong>In der N\u00e4he steht den Campern ein neuer Grillplatz zur Verf\u00fcgung.<\/strong><\/p>\n\n\n\n<a href=\"https:\/\/www.camping-baden.com\/de\/stellplatzvermietung-baden\/\" id=\"ls-button-block_73a63aed91d022f873ea5f603694ee29\" target=\"\" rel=\"\" class=\"ls-button\" >\n    <span>Siehe die Standorte<\/span><i class=\"mane-fleche\"><\/i>\n<\/a><\/div>\n<\/div>\n","protected":false},"excerpt":{"rendered":"<p>Die neue Sanit\u00e4ranlage ist komfortabel und sch\u00f6n gestaltet und wird sehr gesch\u00e4tzt. Der neue Sanit\u00e4rblock verf\u00fcgt \u00fcber eine Reihe von Toiletten, Duschkabinen mit Waschbecken oder Einzelduschen, eine Kabine f\u00fcr Behinderte, Kindertoiletten und eine gro\u00dfe Kabine f\u00fcr Familien mit kleinen Kindern und Babys. Im \u00fcberdachten Au\u00dfenbereich finden Sie die Geschirr- und W\u00e4schebeh\u00e4lter. In der N\u00e4he steht [&hellip;]<\/p>\n","protected":false},"author":1,"featured_media":2496,"comment_status":"closed","ping_status":"closed","sticky":false,"template":"","format":"standard","meta":{"_acf_changed":false,"footnotes":""},"categories":[206],"tags":[],"sujet":[],"class_list":["post-11901","post","type-post","status-publish","format-standard","has-post-thumbnail","hentry","category-nachrichten"],"acf":[],"yoast_head":"<!-- This site is optimized with the Yoast SEO plugin v25.3 - https:\/\/yoast.com\/wordpress\/plugins\/seo\/ -->\n<title>Neue Sanit\u00e4ranlagen f\u00fcr die Campingpl\u00e4tze<\/title>\n<meta name=\"robots\" content=\"index, follow, max-snippet:-1, max-image-preview:large, max-video-preview:-1\" \/>\n<link rel=\"canonical\" href=\"https:\/\/www.camping-baden.com\/de\/neue-sanitaranlagen-fur-campingplatze\/\" \/>\n<meta property=\"og:locale\" content=\"de_DE\" \/>\n<meta property=\"og:type\" content=\"article\" \/>\n<meta property=\"og:title\" content=\"Neue Sanit\u00e4ranlagen f\u00fcr die Campingpl\u00e4tze\" \/>\n<meta property=\"og:description\" content=\"Die neue Sanit\u00e4ranlage ist komfortabel und sch\u00f6n gestaltet und wird sehr gesch\u00e4tzt. Der neue Sanit\u00e4rblock verf\u00fcgt \u00fcber eine Reihe von Toiletten, Duschkabinen mit Waschbecken oder Einzelduschen, eine Kabine f\u00fcr Behinderte, Kindertoiletten und eine gro\u00dfe Kabine f\u00fcr Familien mit kleinen Kindern und Babys. Im \u00fcberdachten Au\u00dfenbereich finden Sie die Geschirr- und W\u00e4schebeh\u00e4lter. In der N\u00e4he steht [&hellip;]\" \/>\n<meta property=\"og:url\" content=\"https:\/\/www.camping-baden.com\/de\/neue-sanitaranlagen-fur-campingplatze\/\" \/>\n<meta property=\"og:site_name\" content=\"Man\u00e9 Guernehu\u00e9\" \/>\n<meta property=\"article:published_time\" content=\"2022-11-08T13:24:00+00:00\" \/>\n<meta property=\"article:modified_time\" content=\"2024-11-11T08:28:20+00:00\" \/>\n<meta property=\"og:image\" content=\"https:\/\/www.camping-baden.com\/wp-content\/uploads\/2022\/11\/2022-sanitaires-bloc-2-2.webp\" \/>\n\t<meta property=\"og:image:width\" content=\"2000\" \/>\n\t<meta property=\"og:image:height\" content=\"1500\" \/>\n\t<meta property=\"og:image:type\" content=\"image\/webp\" \/>\n<meta name=\"author\" content=\"@dmin64\" \/>\n<meta name=\"twitter:card\" content=\"summary_large_image\" \/>\n<meta name=\"twitter:label1\" content=\"Verfasst von\" \/>\n\t<meta name=\"twitter:data1\" content=\"@dmin64\" \/>\n\t<meta name=\"twitter:label2\" content=\"Gesch\u00e4tzte Lesezeit\" \/>\n\t<meta name=\"twitter:data2\" content=\"1\u00a0Minute\" \/>\n<script type=\"application\/ld+json\" class=\"yoast-schema-graph\">{\"@context\":\"https:\/\/schema.org\",\"@graph\":[{\"@type\":\"Article\",\"@id\":\"https:\/\/www.camping-baden.com\/de\/neue-sanitaranlagen-fur-campingplatze\/#article\",\"isPartOf\":{\"@id\":\"https:\/\/www.camping-baden.com\/de\/neue-sanitaranlagen-fur-campingplatze\/\"},\"author\":{\"name\":\"@dmin64\",\"@id\":\"https:\/\/www.camping-baden.com\/de\/#\/schema\/person\/c6e510fdea074e9025407c05c7b117ed\"},\"headline\":\"Neue Sanit\u00e4ranlagen f\u00fcr die Campingpl\u00e4tze\",\"datePublished\":\"2022-11-08T13:24:00+00:00\",\"dateModified\":\"2024-11-11T08:28:20+00:00\",\"mainEntityOfPage\":{\"@id\":\"https:\/\/www.camping-baden.com\/de\/neue-sanitaranlagen-fur-campingplatze\/\"},\"wordCount\":131,\"publisher\":{\"@id\":\"https:\/\/www.camping-baden.com\/de\/#organization\"},\"image\":{\"@id\":\"https:\/\/www.camping-baden.com\/de\/neue-sanitaranlagen-fur-campingplatze\/#primaryimage\"},\"thumbnailUrl\":\"https:\/\/www.camping-baden.com\/wp-content\/uploads\/2022\/11\/2022-sanitaires-bloc-2-2.webp\",\"articleSection\":[\"Nachrichten\"],\"inLanguage\":\"de\"},{\"@type\":\"WebPage\",\"@id\":\"https:\/\/www.camping-baden.com\/de\/neue-sanitaranlagen-fur-campingplatze\/\",\"url\":\"https:\/\/www.camping-baden.com\/de\/neue-sanitaranlagen-fur-campingplatze\/\",\"name\":\"Neue Sanit\u00e4ranlagen f\u00fcr die Campingpl\u00e4tze\",\"isPartOf\":{\"@id\":\"https:\/\/www.camping-baden.com\/de\/#website\"},\"primaryImageOfPage\":{\"@id\":\"https:\/\/www.camping-baden.com\/de\/neue-sanitaranlagen-fur-campingplatze\/#primaryimage\"},\"image\":{\"@id\":\"https:\/\/www.camping-baden.com\/de\/neue-sanitaranlagen-fur-campingplatze\/#primaryimage\"},\"thumbnailUrl\":\"https:\/\/www.camping-baden.com\/wp-content\/uploads\/2022\/11\/2022-sanitaires-bloc-2-2.webp\",\"datePublished\":\"2022-11-08T13:24:00+00:00\",\"dateModified\":\"2024-11-11T08:28:20+00:00\",\"breadcrumb\":{\"@id\":\"https:\/\/www.camping-baden.com\/de\/neue-sanitaranlagen-fur-campingplatze\/#breadcrumb\"},\"inLanguage\":\"de\",\"potentialAction\":[{\"@type\":\"ReadAction\",\"target\":[\"https:\/\/www.camping-baden.com\/de\/neue-sanitaranlagen-fur-campingplatze\/\"]}]},{\"@type\":\"ImageObject\",\"inLanguage\":\"de\",\"@id\":\"https:\/\/www.camping-baden.com\/de\/neue-sanitaranlagen-fur-campingplatze\/#primaryimage\",\"url\":\"https:\/\/www.camping-baden.com\/wp-content\/uploads\/2022\/11\/2022-sanitaires-bloc-2-2.webp\",\"contentUrl\":\"https:\/\/www.camping-baden.com\/wp-content\/uploads\/2022\/11\/2022-sanitaires-bloc-2-2.webp\",\"width\":2000,\"height\":1500,\"caption\":\"Sanit\u00e4rblock ()\"},{\"@type\":\"BreadcrumbList\",\"@id\":\"https:\/\/www.camping-baden.com\/de\/neue-sanitaranlagen-fur-campingplatze\/#breadcrumb\",\"itemListElement\":[{\"@type\":\"ListItem\",\"position\":1,\"name\":\"Camping Golfe du Morbihan\",\"item\":\"https:\/\/www.camping-baden.com\/de\/\"},{\"@type\":\"ListItem\",\"position\":2,\"name\":\"Nachrichten\",\"item\":\"https:\/\/www.camping-baden.com\/de\/nachrichten\/\"},{\"@type\":\"ListItem\",\"position\":3,\"name\":\"Neue Sanit\u00e4ranlagen f\u00fcr die Campingpl\u00e4tze\"}]},{\"@type\":\"WebSite\",\"@id\":\"https:\/\/www.camping-baden.com\/de\/#website\",\"url\":\"https:\/\/www.camping-baden.com\/de\/\",\"name\":\"Man\u00e9 Guernehu\u00e9\",\"description\":\"\",\"publisher\":{\"@id\":\"https:\/\/www.camping-baden.com\/de\/#organization\"},\"potentialAction\":[{\"@type\":\"SearchAction\",\"target\":{\"@type\":\"EntryPoint\",\"urlTemplate\":\"https:\/\/www.camping-baden.com\/de\/?s={search_term_string}\"},\"query-input\":{\"@type\":\"PropertyValueSpecification\",\"valueRequired\":true,\"valueName\":\"search_term_string\"}}],\"inLanguage\":\"de\"},{\"@type\":\"Organization\",\"@id\":\"https:\/\/www.camping-baden.com\/de\/#organization\",\"name\":\"Man\u00e9 Guernehu\u00e9\",\"url\":\"https:\/\/www.camping-baden.com\/de\/\",\"logo\":{\"@type\":\"ImageObject\",\"inLanguage\":\"de\",\"@id\":\"https:\/\/www.camping-baden.com\/de\/#\/schema\/logo\/image\/\",\"url\":\"https:\/\/www.camping-baden.com\/wp-content\/uploads\/2024\/08\/logo-camping-mane-guernehue.png\",\"contentUrl\":\"https:\/\/www.camping-baden.com\/wp-content\/uploads\/2024\/08\/logo-camping-mane-guernehue.png\",\"width\":1000,\"height\":450,\"caption\":\"Man\u00e9 Guernehu\u00e9\"},\"image\":{\"@id\":\"https:\/\/www.camping-baden.com\/de\/#\/schema\/logo\/image\/\"}},{\"@type\":\"Person\",\"@id\":\"https:\/\/www.camping-baden.com\/de\/#\/schema\/person\/c6e510fdea074e9025407c05c7b117ed\",\"name\":\"@dmin64\",\"image\":{\"@type\":\"ImageObject\",\"inLanguage\":\"de\",\"@id\":\"https:\/\/www.camping-baden.com\/de\/#\/schema\/person\/image\/\",\"url\":\"https:\/\/secure.gravatar.com\/avatar\/c139ef583a0e65260f6808f5628e6eca9fa8608b06e80bc14d5c39d32af667ca?s=96&d=mm&r=g\",\"contentUrl\":\"https:\/\/secure.gravatar.com\/avatar\/c139ef583a0e65260f6808f5628e6eca9fa8608b06e80bc14d5c39d32af667ca?s=96&d=mm&r=g\",\"caption\":\"@dmin64\"},\"sameAs\":[\"https:\/\/www.camping-baden.com\"]}]}<\/script>\n<!-- \/ Yoast SEO plugin. -->","yoast_head_json":{"title":"Neue Sanit\u00e4ranlagen f\u00fcr die Campingpl\u00e4tze","robots":{"index":"index","follow":"follow","max-snippet":"max-snippet:-1","max-image-preview":"max-image-preview:large","max-video-preview":"max-video-preview:-1"},"canonical":"https:\/\/www.camping-baden.com\/de\/neue-sanitaranlagen-fur-campingplatze\/","og_locale":"de_DE","og_type":"article","og_title":"Neue Sanit\u00e4ranlagen f\u00fcr die Campingpl\u00e4tze","og_description":"Die neue Sanit\u00e4ranlage ist komfortabel und sch\u00f6n gestaltet und wird sehr gesch\u00e4tzt. Der neue Sanit\u00e4rblock verf\u00fcgt \u00fcber eine Reihe von Toiletten, Duschkabinen mit Waschbecken oder Einzelduschen, eine Kabine f\u00fcr Behinderte, Kindertoiletten und eine gro\u00dfe Kabine f\u00fcr Familien mit kleinen Kindern und Babys. Im \u00fcberdachten Au\u00dfenbereich finden Sie die Geschirr- und W\u00e4schebeh\u00e4lter. In der N\u00e4he steht [&hellip;]","og_url":"https:\/\/www.camping-baden.com\/de\/neue-sanitaranlagen-fur-campingplatze\/","og_site_name":"Man\u00e9 Guernehu\u00e9","article_published_time":"2022-11-08T13:24:00+00:00","article_modified_time":"2024-11-11T08:28:20+00:00","og_image":[{"width":2000,"height":1500,"url":"https:\/\/www.camping-baden.com\/wp-content\/uploads\/2022\/11\/2022-sanitaires-bloc-2-2.webp","type":"image\/webp"}],"author":"@dmin64","twitter_card":"summary_large_image","twitter_misc":{"Verfasst von":"@dmin64","Gesch\u00e4tzte Lesezeit":"1\u00a0Minute"},"schema":{"@context":"https:\/\/schema.org","@graph":[{"@type":"Article","@id":"https:\/\/www.camping-baden.com\/de\/neue-sanitaranlagen-fur-campingplatze\/#article","isPartOf":{"@id":"https:\/\/www.camping-baden.com\/de\/neue-sanitaranlagen-fur-campingplatze\/"},"author":{"name":"@dmin64","@id":"https:\/\/www.camping-baden.com\/de\/#\/schema\/person\/c6e510fdea074e9025407c05c7b117ed"},"headline":"Neue Sanit\u00e4ranlagen f\u00fcr die Campingpl\u00e4tze","datePublished":"2022-11-08T13:24:00+00:00","dateModified":"2024-11-11T08:28:20+00:00","mainEntityOfPage":{"@id":"https:\/\/www.camping-baden.com\/de\/neue-sanitaranlagen-fur-campingplatze\/"},"wordCount":131,"publisher":{"@id":"https:\/\/www.camping-baden.com\/de\/#organization"},"image":{"@id":"https:\/\/www.camping-baden.com\/de\/neue-sanitaranlagen-fur-campingplatze\/#primaryimage"},"thumbnailUrl":"https:\/\/www.camping-baden.com\/wp-content\/uploads\/2022\/11\/2022-sanitaires-bloc-2-2.webp","articleSection":["Nachrichten"],"inLanguage":"de"},{"@type":"WebPage","@id":"https:\/\/www.camping-baden.com\/de\/neue-sanitaranlagen-fur-campingplatze\/","url":"https:\/\/www.camping-baden.com\/de\/neue-sanitaranlagen-fur-campingplatze\/","name":"Neue Sanit\u00e4ranlagen f\u00fcr die Campingpl\u00e4tze","isPartOf":{"@id":"https:\/\/www.camping-baden.com\/de\/#website"},"primaryImageOfPage":{"@id":"https:\/\/www.camping-baden.com\/de\/neue-sanitaranlagen-fur-campingplatze\/#primaryimage"},"image":{"@id":"https:\/\/www.camping-baden.com\/de\/neue-sanitaranlagen-fur-campingplatze\/#primaryimage"},"thumbnailUrl":"https:\/\/www.camping-baden.com\/wp-content\/uploads\/2022\/11\/2022-sanitaires-bloc-2-2.webp","datePublished":"2022-11-08T13:24:00+00:00","dateModified":"2024-11-11T08:28:20+00:00","breadcrumb":{"@id":"https:\/\/www.camping-baden.com\/de\/neue-sanitaranlagen-fur-campingplatze\/#breadcrumb"},"inLanguage":"de","potentialAction":[{"@type":"ReadAction","target":["https:\/\/www.camping-baden.com\/de\/neue-sanitaranlagen-fur-campingplatze\/"]}]},{"@type":"ImageObject","inLanguage":"de","@id":"https:\/\/www.camping-baden.com\/de\/neue-sanitaranlagen-fur-campingplatze\/#primaryimage","url":"https:\/\/www.camping-baden.com\/wp-content\/uploads\/2022\/11\/2022-sanitaires-bloc-2-2.webp","contentUrl":"https:\/\/www.camping-baden.com\/wp-content\/uploads\/2022\/11\/2022-sanitaires-bloc-2-2.webp","width":2000,"height":1500,"caption":"Sanit\u00e4rblock ()"},{"@type":"BreadcrumbList","@id":"https:\/\/www.camping-baden.com\/de\/neue-sanitaranlagen-fur-campingplatze\/#breadcrumb","itemListElement":[{"@type":"ListItem","position":1,"name":"Camping Golfe du Morbihan","item":"https:\/\/www.camping-baden.com\/de\/"},{"@type":"ListItem","position":2,"name":"Nachrichten","item":"https:\/\/www.camping-baden.com\/de\/nachrichten\/"},{"@type":"ListItem","position":3,"name":"Neue Sanit\u00e4ranlagen f\u00fcr die Campingpl\u00e4tze"}]},{"@type":"WebSite","@id":"https:\/\/www.camping-baden.com\/de\/#website","url":"https:\/\/www.camping-baden.com\/de\/","name":"Man\u00e9 Guernehu\u00e9","description":"","publisher":{"@id":"https:\/\/www.camping-baden.com\/de\/#organization"},"potentialAction":[{"@type":"SearchAction","target":{"@type":"EntryPoint","urlTemplate":"https:\/\/www.camping-baden.com\/de\/?s={search_term_string}"},"query-input":{"@type":"PropertyValueSpecification","valueRequired":true,"valueName":"search_term_string"}}],"inLanguage":"de"},{"@type":"Organization","@id":"https:\/\/www.camping-baden.com\/de\/#organization","name":"Man\u00e9 Guernehu\u00e9","url":"https:\/\/www.camping-baden.com\/de\/","logo":{"@type":"ImageObject","inLanguage":"de","@id":"https:\/\/www.camping-baden.com\/de\/#\/schema\/logo\/image\/","url":"https:\/\/www.camping-baden.com\/wp-content\/uploads\/2024\/08\/logo-camping-mane-guernehue.png","contentUrl":"https:\/\/www.camping-baden.com\/wp-content\/uploads\/2024\/08\/logo-camping-mane-guernehue.png","width":1000,"height":450,"caption":"Man\u00e9 Guernehu\u00e9"},"image":{"@id":"https:\/\/www.camping-baden.com\/de\/#\/schema\/logo\/image\/"}},{"@type":"Person","@id":"https:\/\/www.camping-baden.com\/de\/#\/schema\/person\/c6e510fdea074e9025407c05c7b117ed","name":"@dmin64","image":{"@type":"ImageObject","inLanguage":"de","@id":"https:\/\/www.camping-baden.com\/de\/#\/schema\/person\/image\/","url":"https:\/\/secure.gravatar.com\/avatar\/c139ef583a0e65260f6808f5628e6eca9fa8608b06e80bc14d5c39d32af667ca?s=96&d=mm&r=g","contentUrl":"https:\/\/secure.gravatar.com\/avatar\/c139ef583a0e65260f6808f5628e6eca9fa8608b06e80bc14d5c39d32af667ca?s=96&d=mm&r=g","caption":"@dmin64"},"sameAs":["https:\/\/www.camping-baden.com"]}]}},"_links":{"self":[{"href":"https:\/\/www.camping-baden.com\/de\/wp-json\/wp\/v2\/posts\/11901","targetHints":{"allow":["GET"]}}],"collection":[{"href":"https:\/\/www.camping-baden.com\/de\/wp-json\/wp\/v2\/posts"}],"about":[{"href":"https:\/\/www.camping-baden.com\/de\/wp-json\/wp\/v2\/types\/post"}],"author":[{"embeddable":true,"href":"https:\/\/www.camping-baden.com\/de\/wp-json\/wp\/v2\/users\/1"}],"replies":[{"embeddable":true,"href":"https:\/\/www.camping-baden.com\/de\/wp-json\/wp\/v2\/comments?post=11901"}],"version-history":[{"count":1,"href":"https:\/\/www.camping-baden.com\/de\/wp-json\/wp\/v2\/posts\/11901\/revisions"}],"predecessor-version":[{"id":11902,"href":"https:\/\/www.camping-baden.com\/de\/wp-json\/wp\/v2\/posts\/11901\/revisions\/11902"}],"wp:featuredmedia":[{"embeddable":true,"href":"https:\/\/www.camping-baden.com\/de\/wp-json\/wp\/v2\/media\/2496"}],"wp:attachment":[{"href":"https:\/\/www.camping-baden.com\/de\/wp-json\/wp\/v2\/media?parent=11901"}],"wp:term":[{"taxonomy":"category","embeddable":true,"href":"https:\/\/www.camping-baden.com\/de\/wp-json\/wp\/v2\/categories?post=11901"},{"taxonomy":"post_tag","embeddable":true,"href":"https:\/\/www.camping-baden.com\/de\/wp-json\/wp\/v2\/tags?post=11901"},{"taxonomy":"sujet","embeddable":true,"href":"https:\/\/www.camping-baden.com\/de\/wp-json\/wp\/v2\/sujet?post=11901"}],"curies":[{"name":"wp","href":"https:\/\/api.w.org\/{rel}","templated":true}]}}