{"id":11877,"date":"2020-07-28T13:22:00","date_gmt":"2020-07-28T11:22:00","guid":{"rendered":"https:\/\/www.camping-baden.com\/touristische-spaziergange-durch-das-camping-ile-aux-moines\/"},"modified":"2024-11-11T09:28:25","modified_gmt":"2024-11-11T08:28:25","slug":"touristische-spaziergange-durch-das-camping-ile-aux-moines","status":"publish","type":"post","link":"https:\/\/www.camping-baden.com\/de\/touristische-spaziergange-durch-das-camping-ile-aux-moines\/","title":{"rendered":"Vom Campingplatz organisierte Ausfl\u00fcge: L&#8217;Ile aux Moines"},"content":{"rendered":"\n<div id=\"ls-heading ls-titre-div-block_d49373636381809707675f41d0a9d176\" class=\"ls-titre-div aligncenter h2-like has-text-color has-color-1-color\" >\n    Entdecken Sie die Landschaften und die Geschichte der Ile aux Moines auf einem 7 km langen gef\u00fchrten Spaziergang.<\/div>\n\n<div class=\"wp-block-columns is-layout-flex wp-container-core-columns-is-layout-9d6595d7 wp-block-columns-is-layout-flex\">\n<div class=\"wp-block-column is-layout-flow wp-block-column-is-layout-flow\">\n<figure class=\"wp-block-gallery has-nested-images columns-default is-cropped wp-block-gallery-1 is-layout-flex wp-block-gallery-is-layout-flex\">\n<figure class=\"wp-block-image size-large\"><a href=\"https:\/\/www.camping-baden.com\/wp-content\/uploads\/2020\/07\/2020-juillet-ile-aux-moines-grande-plage-800px.webp\"><img decoding=\"async\" width=\"800\" height=\"533\" data-id=\"2233\" src=\"https:\/\/www.camping-baden.com\/wp-content\/uploads\/2020\/07\/2020-juillet-ile-aux-moines-grande-plage-800px.webp\" alt=\"Juli ile aux moines gro&#xDF;er Strand px\" class=\"wp-image-2233\" srcset=\"https:\/\/www.camping-baden.com\/wp-content\/uploads\/2020\/07\/2020-juillet-ile-aux-moines-grande-plage-800px.webp 800w, https:\/\/www.camping-baden.com\/wp-content\/uploads\/2020\/07\/2020-juillet-ile-aux-moines-grande-plage-800px-300x200.webp 300w, https:\/\/www.camping-baden.com\/wp-content\/uploads\/2020\/07\/2020-juillet-ile-aux-moines-grande-plage-800px-768x512.webp 768w\" sizes=\"(max-width: 800px) 100vw, 800px\" \/><\/a><figcaption class=\"wp-element-caption\">Der gro\u00dfe Strand der \u00cele aux Moines<br\/><\/figcaption><\/figure>\n\n\n\n<figure class=\"wp-block-image size-large\"><a href=\"https:\/\/www.camping-baden.com\/wp-content\/uploads\/2020\/07\/2020-juillet-ile-aux-moines-grande-plage-catamarans-800px.webp\"><img decoding=\"async\" width=\"800\" height=\"533\" data-id=\"2229\" src=\"https:\/\/www.camping-baden.com\/wp-content\/uploads\/2020\/07\/2020-juillet-ile-aux-moines-grande-plage-catamarans-800px.webp\" alt=\"Juli ile aux moines gro&#xDF;er Strand Katamarane px\" class=\"wp-image-2229\" srcset=\"https:\/\/www.camping-baden.com\/wp-content\/uploads\/2020\/07\/2020-juillet-ile-aux-moines-grande-plage-catamarans-800px.webp 800w, https:\/\/www.camping-baden.com\/wp-content\/uploads\/2020\/07\/2020-juillet-ile-aux-moines-grande-plage-catamarans-800px-300x200.webp 300w, https:\/\/www.camping-baden.com\/wp-content\/uploads\/2020\/07\/2020-juillet-ile-aux-moines-grande-plage-catamarans-800px-768x512.webp 768w\" sizes=\"(max-width: 800px) 100vw, 800px\" \/><\/a><figcaption class=\"wp-element-caption\">Die Segelschule Caseneuve<\/figcaption><\/figure>\n\n\n\n<figure class=\"wp-block-image size-large\"><a href=\"https:\/\/www.camping-baden.com\/wp-content\/uploads\/2020\/07\/2020-juillet-ile-aux-moines-groupe-2-800px.webp\"><img decoding=\"async\" width=\"800\" height=\"533\" data-id=\"2225\" src=\"https:\/\/www.camping-baden.com\/wp-content\/uploads\/2020\/07\/2020-juillet-ile-aux-moines-groupe-2-800px.webp\" alt=\"Juli ile aux moines Gruppe px\" class=\"wp-image-2225\" srcset=\"https:\/\/www.camping-baden.com\/wp-content\/uploads\/2020\/07\/2020-juillet-ile-aux-moines-groupe-2-800px.webp 800w, https:\/\/www.camping-baden.com\/wp-content\/uploads\/2020\/07\/2020-juillet-ile-aux-moines-groupe-2-800px-300x200.webp 300w, https:\/\/www.camping-baden.com\/wp-content\/uploads\/2020\/07\/2020-juillet-ile-aux-moines-groupe-2-800px-768x512.webp 768w\" sizes=\"(max-width: 800px) 100vw, 800px\" \/><\/a><figcaption class=\"wp-element-caption\">Gruppe vor den H\u00fctten am gro\u00dfen Strand<\/figcaption><\/figure>\n\n\n\n<figure class=\"wp-block-image size-large\"><a href=\"https:\/\/www.camping-baden.com\/wp-content\/uploads\/2020\/07\/2020-juillet-ile-aux-moines-croix-vue-mer-800px.webp\"><img decoding=\"async\" width=\"800\" height=\"533\" data-id=\"2241\" src=\"https:\/\/www.camping-baden.com\/wp-content\/uploads\/2020\/07\/2020-juillet-ile-aux-moines-croix-vue-mer-800px.webp\" alt=\"Juli ile aux moines Kreuz mit Meerblick px\" class=\"wp-image-2241\" srcset=\"https:\/\/www.camping-baden.com\/wp-content\/uploads\/2020\/07\/2020-juillet-ile-aux-moines-croix-vue-mer-800px.webp 800w, https:\/\/www.camping-baden.com\/wp-content\/uploads\/2020\/07\/2020-juillet-ile-aux-moines-croix-vue-mer-800px-300x200.webp 300w, https:\/\/www.camping-baden.com\/wp-content\/uploads\/2020\/07\/2020-juillet-ile-aux-moines-croix-vue-mer-800px-768x512.webp 768w\" sizes=\"(max-width: 800px) 100vw, 800px\" \/><\/a><figcaption class=\"wp-element-caption\">Blick auf den Golf von Morbihan<\/figcaption><\/figure>\n\n\n\n<figure class=\"wp-block-image size-large\"><a href=\"https:\/\/www.camping-baden.com\/wp-content\/uploads\/2020\/07\/2020-juillet-ile-aux-moines-eglise-et-jardin-800px.webp\"><img decoding=\"async\" width=\"800\" height=\"533\" data-id=\"2237\" src=\"https:\/\/www.camping-baden.com\/wp-content\/uploads\/2020\/07\/2020-juillet-ile-aux-moines-eglise-et-jardin-800px.webp\" alt=\"Juli ile aux moines Kirche und Garten px\" class=\"wp-image-2237\" srcset=\"https:\/\/www.camping-baden.com\/wp-content\/uploads\/2020\/07\/2020-juillet-ile-aux-moines-eglise-et-jardin-800px.webp 800w, https:\/\/www.camping-baden.com\/wp-content\/uploads\/2020\/07\/2020-juillet-ile-aux-moines-eglise-et-jardin-800px-300x200.webp 300w, https:\/\/www.camping-baden.com\/wp-content\/uploads\/2020\/07\/2020-juillet-ile-aux-moines-eglise-et-jardin-800px-768x512.webp 768w\" sizes=\"(max-width: 800px) 100vw, 800px\" \/><\/a><figcaption class=\"wp-element-caption\">Die Kirche Saint Michel und ein Garten<\/figcaption><\/figure>\n\n\n\n<figure class=\"wp-block-image size-large\"><a href=\"https:\/\/www.camping-baden.com\/wp-content\/uploads\/2020\/07\/2020-juillet-ile-aux-moines-sentier-cotier-800px.webp\"><img decoding=\"async\" width=\"800\" height=\"533\" data-id=\"2209\" src=\"https:\/\/www.camping-baden.com\/wp-content\/uploads\/2020\/07\/2020-juillet-ile-aux-moines-sentier-cotier-800px.webp\" alt=\"Juli ile aux moines K&#xFC;stenpfad px\" class=\"wp-image-2209\" srcset=\"https:\/\/www.camping-baden.com\/wp-content\/uploads\/2020\/07\/2020-juillet-ile-aux-moines-sentier-cotier-800px.webp 800w, https:\/\/www.camping-baden.com\/wp-content\/uploads\/2020\/07\/2020-juillet-ile-aux-moines-sentier-cotier-800px-300x200.webp 300w, https:\/\/www.camping-baden.com\/wp-content\/uploads\/2020\/07\/2020-juillet-ile-aux-moines-sentier-cotier-800px-768x512.webp 768w\" sizes=\"(max-width: 800px) 100vw, 800px\" \/><\/a><figcaption class=\"wp-element-caption\">Wanderung entlang der K\u00fcstenpfade<\/figcaption><\/figure>\n\n\n\n<figure class=\"wp-block-image size-large\"><a href=\"https:\/\/www.camping-baden.com\/wp-content\/uploads\/2020\/07\/2020-juillet-ile-aux-moines-plage-gored-800px.webp\"><img decoding=\"async\" width=\"800\" height=\"533\" data-id=\"2213\" src=\"https:\/\/www.camping-baden.com\/wp-content\/uploads\/2020\/07\/2020-juillet-ile-aux-moines-plage-gored-800px.webp\" alt=\"Juli ile aux moines Strand gored px\" class=\"wp-image-2213\" srcset=\"https:\/\/www.camping-baden.com\/wp-content\/uploads\/2020\/07\/2020-juillet-ile-aux-moines-plage-gored-800px.webp 800w, https:\/\/www.camping-baden.com\/wp-content\/uploads\/2020\/07\/2020-juillet-ile-aux-moines-plage-gored-800px-300x200.webp 300w, https:\/\/www.camping-baden.com\/wp-content\/uploads\/2020\/07\/2020-juillet-ile-aux-moines-plage-gored-800px-768x512.webp 768w\" sizes=\"(max-width: 800px) 100vw, 800px\" \/><\/a><figcaption class=\"wp-element-caption\">Sch\u00f6ne Aussicht auf den Strand von Gored<\/figcaption><\/figure>\n\n\n\n<figure class=\"wp-block-image size-large\"><a href=\"https:\/\/www.camping-baden.com\/wp-content\/uploads\/2020\/07\/2020-juillet-ile-aux-moines-groupe-avec-jackie-800px.webp\"><img decoding=\"async\" width=\"800\" height=\"533\" data-id=\"2221\" src=\"https:\/\/www.camping-baden.com\/wp-content\/uploads\/2020\/07\/2020-juillet-ile-aux-moines-groupe-avec-jackie-800px.webp\" alt=\"Juli ile aux moines Gruppe mit Jackie px\" class=\"wp-image-2221\" srcset=\"https:\/\/www.camping-baden.com\/wp-content\/uploads\/2020\/07\/2020-juillet-ile-aux-moines-groupe-avec-jackie-800px.webp 800w, https:\/\/www.camping-baden.com\/wp-content\/uploads\/2020\/07\/2020-juillet-ile-aux-moines-groupe-avec-jackie-800px-300x200.webp 300w, https:\/\/www.camping-baden.com\/wp-content\/uploads\/2020\/07\/2020-juillet-ile-aux-moines-groupe-avec-jackie-800px-768x512.webp 768w\" sizes=\"(max-width: 800px) 100vw, 800px\" \/><\/a><figcaption class=\"wp-element-caption\">Organisierter Ausflug auf die \u00cele aux Moines<\/figcaption><\/figure>\n\n\n\n<figure class=\"wp-block-image size-large\"><a href=\"https:\/\/www.camping-baden.com\/wp-content\/uploads\/2020\/07\/2020-juillet-ile-aux-moines-sentier-cotier-vue-mer-800px.webp\"><img decoding=\"async\" width=\"800\" height=\"533\" data-id=\"2205\" src=\"https:\/\/www.camping-baden.com\/wp-content\/uploads\/2020\/07\/2020-juillet-ile-aux-moines-sentier-cotier-vue-mer-800px.webp\" alt=\"Juli ile aux moines K&#xFC;stenpfad Meerblick px\" class=\"wp-image-2205\" srcset=\"https:\/\/www.camping-baden.com\/wp-content\/uploads\/2020\/07\/2020-juillet-ile-aux-moines-sentier-cotier-vue-mer-800px.webp 800w, https:\/\/www.camping-baden.com\/wp-content\/uploads\/2020\/07\/2020-juillet-ile-aux-moines-sentier-cotier-vue-mer-800px-300x200.webp 300w, https:\/\/www.camping-baden.com\/wp-content\/uploads\/2020\/07\/2020-juillet-ile-aux-moines-sentier-cotier-vue-mer-800px-768x512.webp 768w\" sizes=\"(max-width: 800px) 100vw, 800px\" \/><\/a><figcaption class=\"wp-element-caption\">Wanderung entlang der K\u00fcstenpfade<\/figcaption><\/figure>\n\n\n\n<figure class=\"wp-block-image size-large\"><a href=\"https:\/\/www.camping-baden.com\/wp-content\/uploads\/2020\/07\/2020-juillet-ile-aux-moines-plage-800px.webp\"><img decoding=\"async\" width=\"800\" height=\"533\" data-id=\"2217\" src=\"https:\/\/www.camping-baden.com\/wp-content\/uploads\/2020\/07\/2020-juillet-ile-aux-moines-plage-800px.webp\" alt=\"Juli ile aux moines Strand px\" class=\"wp-image-2217\" srcset=\"https:\/\/www.camping-baden.com\/wp-content\/uploads\/2020\/07\/2020-juillet-ile-aux-moines-plage-800px.webp 800w, https:\/\/www.camping-baden.com\/wp-content\/uploads\/2020\/07\/2020-juillet-ile-aux-moines-plage-800px-300x200.webp 300w, https:\/\/www.camping-baden.com\/wp-content\/uploads\/2020\/07\/2020-juillet-ile-aux-moines-plage-800px-768x512.webp 768w\" sizes=\"(max-width: 800px) 100vw, 800px\" \/><\/a><figcaption class=\"wp-element-caption\">Wilder Strand<\/figcaption><\/figure>\n\n\n\n<figure class=\"wp-block-image size-large\"><a href=\"https:\/\/www.camping-baden.com\/wp-content\/uploads\/2020\/07\/2020-juillet-port-blanc-800px.webp\"><img decoding=\"async\" width=\"800\" height=\"533\" data-id=\"2197\" src=\"https:\/\/www.camping-baden.com\/wp-content\/uploads\/2020\/07\/2020-juillet-port-blanc-800px.webp\" alt=\"Juli port blanc px\" class=\"wp-image-2197\" srcset=\"https:\/\/www.camping-baden.com\/wp-content\/uploads\/2020\/07\/2020-juillet-port-blanc-800px.webp 800w, https:\/\/www.camping-baden.com\/wp-content\/uploads\/2020\/07\/2020-juillet-port-blanc-800px-300x200.webp 300w, https:\/\/www.camping-baden.com\/wp-content\/uploads\/2020\/07\/2020-juillet-port-blanc-800px-768x512.webp 768w\" sizes=\"(max-width: 800px) 100vw, 800px\" \/><\/a><figcaption class=\"wp-element-caption\">Anlegestelle f\u00fcr die Ile aux Moines in Port Blanc<\/figcaption><\/figure>\n\n\n\n<figure class=\"wp-block-image size-large\"><a href=\"https:\/\/www.camping-baden.com\/wp-content\/uploads\/2020\/07\/2020-juillet-navette-800px.webp\"><img decoding=\"async\" width=\"800\" height=\"533\" data-id=\"2201\" src=\"https:\/\/www.camping-baden.com\/wp-content\/uploads\/2020\/07\/2020-juillet-navette-800px.webp\" alt=\"Juli Shuttle px\" class=\"wp-image-2201\" srcset=\"https:\/\/www.camping-baden.com\/wp-content\/uploads\/2020\/07\/2020-juillet-navette-800px.webp 800w, https:\/\/www.camping-baden.com\/wp-content\/uploads\/2020\/07\/2020-juillet-navette-800px-300x200.webp 300w, https:\/\/www.camping-baden.com\/wp-content\/uploads\/2020\/07\/2020-juillet-navette-800px-768x512.webp 768w\" sizes=\"(max-width: 800px) 100vw, 800px\" \/><\/a><figcaption class=\"wp-element-caption\">Kostenloser Shuttle-Bus von Port Blanc zum Campingplatz<\/figcaption><\/figure>\n<\/figure>\n<\/div>\n\n\n\n<div class=\"wp-block-column is-layout-flow wp-block-column-is-layout-flow\">\n<p class=\"ls-paragraph\"><strong>Besuchen Sie zwischen Land und Meer die Ile aux Moines, die gr\u00f6\u00dfte der Inseln im Golf von Morbihan.<\/strong><\/p>\n\n\n\n<p class=\"ls-paragraph\">Diese kurze Wanderung f\u00fchrt Sie durch die Natur, die Gassen und die emblematischen Orte der Insel mit den ber\u00fchmten Megalithen und der wilden Landschaft.<\/p>\n\n\n\n<p class=\"ls-paragraph\">Lassen Sie sich von der atemberaubenden Aussicht auf den Golf von Morbihan, die Inseln und Inselchen, die Str\u00e4nde und die farbenpr\u00e4chtige Wasserfl\u00e4che verzaubern, wenn Sie einen K\u00fcstenpfad entlanggehen.<\/p>\n\n\n\n<blockquote class=\"wp-block-quote has-color-6-background-color has-background is-layout-flow wp-block-quote-is-layout-flow\">\n<p class=\"ls-paragraph\"><strong>Vom Campingplatz organisierter Ausflug<\/strong>: Entdecken Sie die Umgebung des Golfs von Morbihan entlang der K\u00fcstenwege, die bemerkenswerten Aussichtspunkte, die Geschichte der Orte, die Fauna und die Flora.<\/p>\n\n\n\n<p class=\"ls-paragraph\"><strong>Die Ausfl\u00fcge werden vom Campingplatz angeboten.<\/strong> Eine Geb\u00fchr wird erhoben, wenn Sie ein Kanu mieten oder mit dem Boot \u00fcbersetzen.<br\/><strong>Beispiele f\u00fcr Ausfl\u00fcge<\/strong>: Arradon, Le Bono, Baden, Canoe \u00e0 Brech, Ile d&#8217;Arz, Ile Berder, Ile aux Moines..<strong>.<\/strong><br\/><strong>Siehe den Zeitplan auf der Animationstafel, Anmeldung an der Rezeption<\/strong>.<\/p>\n\n\n\n<p class=\"ls-paragraph\">Vom Campingplatz aus: kostenloser Pendelbus oder Fahrgemeinschaften, \u00dcberfahrt zur Ile aux Moines mit dem Pendelbus Izenah.<\/p>\n<\/blockquote>\n<\/div>\n<\/div>\n","protected":false},"excerpt":{"rendered":"<p>Besuchen Sie zwischen Land und Meer die Ile aux Moines, die gr\u00f6\u00dfte der Inseln im Golf von Morbihan. Diese kurze Wanderung f\u00fchrt Sie durch die Natur, die Gassen und die emblematischen Orte der Insel mit den ber\u00fchmten Megalithen und der wilden Landschaft. Lassen Sie sich von der atemberaubenden Aussicht auf den Golf von Morbihan, die [&hellip;]<\/p>\n","protected":false},"author":1,"featured_media":2196,"comment_status":"closed","ping_status":"closed","sticky":false,"template":"","format":"standard","meta":{"_acf_changed":false,"footnotes":""},"categories":[206],"tags":[],"sujet":[],"class_list":["post-11877","post","type-post","status-publish","format-standard","has-post-thumbnail","hentry","category-nachrichten"],"acf":[],"yoast_head":"<!-- This site is optimized with the Yoast SEO plugin v25.3 - https:\/\/yoast.com\/wordpress\/plugins\/seo\/ -->\n<title>Vom Campingplatz organisierte Ausfl\u00fcge: L&#039;Ile aux Moines<\/title>\n<meta name=\"robots\" content=\"index, follow, max-snippet:-1, max-image-preview:large, max-video-preview:-1\" \/>\n<link rel=\"canonical\" href=\"https:\/\/www.camping-baden.com\/de\/touristische-spaziergange-durch-das-camping-ile-aux-moines\/\" \/>\n<meta property=\"og:locale\" content=\"de_DE\" \/>\n<meta property=\"og:type\" content=\"article\" \/>\n<meta property=\"og:title\" content=\"Vom Campingplatz organisierte Ausfl\u00fcge: L&#039;Ile aux Moines\" \/>\n<meta property=\"og:description\" content=\"Besuchen Sie zwischen Land und Meer die Ile aux Moines, die gr\u00f6\u00dfte der Inseln im Golf von Morbihan. Diese kurze Wanderung f\u00fchrt Sie durch die Natur, die Gassen und die emblematischen Orte der Insel mit den ber\u00fchmten Megalithen und der wilden Landschaft. Lassen Sie sich von der atemberaubenden Aussicht auf den Golf von Morbihan, die [&hellip;]\" \/>\n<meta property=\"og:url\" content=\"https:\/\/www.camping-baden.com\/de\/touristische-spaziergange-durch-das-camping-ile-aux-moines\/\" \/>\n<meta property=\"og:site_name\" content=\"Man\u00e9 Guernehu\u00e9\" \/>\n<meta property=\"article:published_time\" content=\"2020-07-28T11:22:00+00:00\" \/>\n<meta property=\"article:modified_time\" content=\"2024-11-11T08:28:25+00:00\" \/>\n<meta property=\"og:image\" content=\"https:\/\/www.camping-baden.com\/wp-content\/uploads\/2020\/07\/balade-ile-aux-moines.webp\" \/>\n\t<meta property=\"og:image:width\" content=\"2000\" \/>\n\t<meta property=\"og:image:height\" content=\"1350\" \/>\n\t<meta property=\"og:image:type\" content=\"image\/webp\" \/>\n<meta name=\"author\" content=\"@dmin64\" \/>\n<meta name=\"twitter:card\" content=\"summary_large_image\" \/>\n<meta name=\"twitter:label1\" content=\"Verfasst von\" \/>\n\t<meta name=\"twitter:data1\" content=\"@dmin64\" \/>\n\t<meta name=\"twitter:label2\" content=\"Gesch\u00e4tzte Lesezeit\" \/>\n\t<meta name=\"twitter:data2\" content=\"1\u00a0Minute\" \/>\n<script type=\"application\/ld+json\" class=\"yoast-schema-graph\">{\"@context\":\"https:\/\/schema.org\",\"@graph\":[{\"@type\":\"Article\",\"@id\":\"https:\/\/www.camping-baden.com\/de\/touristische-spaziergange-durch-das-camping-ile-aux-moines\/#article\",\"isPartOf\":{\"@id\":\"https:\/\/www.camping-baden.com\/de\/touristische-spaziergange-durch-das-camping-ile-aux-moines\/\"},\"author\":{\"name\":\"@dmin64\",\"@id\":\"https:\/\/www.camping-baden.com\/de\/#\/schema\/person\/c6e510fdea074e9025407c05c7b117ed\"},\"headline\":\"Vom Campingplatz organisierte Ausfl\u00fcge: L&#8217;Ile aux Moines\",\"datePublished\":\"2020-07-28T11:22:00+00:00\",\"dateModified\":\"2024-11-11T08:28:25+00:00\",\"mainEntityOfPage\":{\"@id\":\"https:\/\/www.camping-baden.com\/de\/touristische-spaziergange-durch-das-camping-ile-aux-moines\/\"},\"wordCount\":258,\"publisher\":{\"@id\":\"https:\/\/www.camping-baden.com\/de\/#organization\"},\"image\":{\"@id\":\"https:\/\/www.camping-baden.com\/de\/touristische-spaziergange-durch-das-camping-ile-aux-moines\/#primaryimage\"},\"thumbnailUrl\":\"https:\/\/www.camping-baden.com\/wp-content\/uploads\/2020\/07\/balade-ile-aux-moines.webp\",\"articleSection\":[\"Nachrichten\"],\"inLanguage\":\"de\"},{\"@type\":\"WebPage\",\"@id\":\"https:\/\/www.camping-baden.com\/de\/touristische-spaziergange-durch-das-camping-ile-aux-moines\/\",\"url\":\"https:\/\/www.camping-baden.com\/de\/touristische-spaziergange-durch-das-camping-ile-aux-moines\/\",\"name\":\"Vom Campingplatz organisierte Ausfl\u00fcge: L'Ile aux Moines\",\"isPartOf\":{\"@id\":\"https:\/\/www.camping-baden.com\/de\/#website\"},\"primaryImageOfPage\":{\"@id\":\"https:\/\/www.camping-baden.com\/de\/touristische-spaziergange-durch-das-camping-ile-aux-moines\/#primaryimage\"},\"image\":{\"@id\":\"https:\/\/www.camping-baden.com\/de\/touristische-spaziergange-durch-das-camping-ile-aux-moines\/#primaryimage\"},\"thumbnailUrl\":\"https:\/\/www.camping-baden.com\/wp-content\/uploads\/2020\/07\/balade-ile-aux-moines.webp\",\"datePublished\":\"2020-07-28T11:22:00+00:00\",\"dateModified\":\"2024-11-11T08:28:25+00:00\",\"breadcrumb\":{\"@id\":\"https:\/\/www.camping-baden.com\/de\/touristische-spaziergange-durch-das-camping-ile-aux-moines\/#breadcrumb\"},\"inLanguage\":\"de\",\"potentialAction\":[{\"@type\":\"ReadAction\",\"target\":[\"https:\/\/www.camping-baden.com\/de\/touristische-spaziergange-durch-das-camping-ile-aux-moines\/\"]}]},{\"@type\":\"ImageObject\",\"inLanguage\":\"de\",\"@id\":\"https:\/\/www.camping-baden.com\/de\/touristische-spaziergange-durch-das-camping-ile-aux-moines\/#primaryimage\",\"url\":\"https:\/\/www.camping-baden.com\/wp-content\/uploads\/2020\/07\/balade-ile-aux-moines.webp\",\"contentUrl\":\"https:\/\/www.camping-baden.com\/wp-content\/uploads\/2020\/07\/balade-ile-aux-moines.webp\",\"width\":2000,\"height\":1350,\"caption\":\"Spaziergang auf der Ile aux moines\"},{\"@type\":\"BreadcrumbList\",\"@id\":\"https:\/\/www.camping-baden.com\/de\/touristische-spaziergange-durch-das-camping-ile-aux-moines\/#breadcrumb\",\"itemListElement\":[{\"@type\":\"ListItem\",\"position\":1,\"name\":\"Camping Golfe du Morbihan\",\"item\":\"https:\/\/www.camping-baden.com\/de\/\"},{\"@type\":\"ListItem\",\"position\":2,\"name\":\"Nachrichten\",\"item\":\"https:\/\/www.camping-baden.com\/de\/nachrichten\/\"},{\"@type\":\"ListItem\",\"position\":3,\"name\":\"Vom Campingplatz organisierte Ausfl\u00fcge: L&rsquo;Ile aux Moines\"}]},{\"@type\":\"WebSite\",\"@id\":\"https:\/\/www.camping-baden.com\/de\/#website\",\"url\":\"https:\/\/www.camping-baden.com\/de\/\",\"name\":\"Man\u00e9 Guernehu\u00e9\",\"description\":\"\",\"publisher\":{\"@id\":\"https:\/\/www.camping-baden.com\/de\/#organization\"},\"potentialAction\":[{\"@type\":\"SearchAction\",\"target\":{\"@type\":\"EntryPoint\",\"urlTemplate\":\"https:\/\/www.camping-baden.com\/de\/?s={search_term_string}\"},\"query-input\":{\"@type\":\"PropertyValueSpecification\",\"valueRequired\":true,\"valueName\":\"search_term_string\"}}],\"inLanguage\":\"de\"},{\"@type\":\"Organization\",\"@id\":\"https:\/\/www.camping-baden.com\/de\/#organization\",\"name\":\"Man\u00e9 Guernehu\u00e9\",\"url\":\"https:\/\/www.camping-baden.com\/de\/\",\"logo\":{\"@type\":\"ImageObject\",\"inLanguage\":\"de\",\"@id\":\"https:\/\/www.camping-baden.com\/de\/#\/schema\/logo\/image\/\",\"url\":\"https:\/\/www.camping-baden.com\/wp-content\/uploads\/2024\/08\/logo-camping-mane-guernehue.png\",\"contentUrl\":\"https:\/\/www.camping-baden.com\/wp-content\/uploads\/2024\/08\/logo-camping-mane-guernehue.png\",\"width\":1000,\"height\":450,\"caption\":\"Man\u00e9 Guernehu\u00e9\"},\"image\":{\"@id\":\"https:\/\/www.camping-baden.com\/de\/#\/schema\/logo\/image\/\"}},{\"@type\":\"Person\",\"@id\":\"https:\/\/www.camping-baden.com\/de\/#\/schema\/person\/c6e510fdea074e9025407c05c7b117ed\",\"name\":\"@dmin64\",\"image\":{\"@type\":\"ImageObject\",\"inLanguage\":\"de\",\"@id\":\"https:\/\/www.camping-baden.com\/de\/#\/schema\/person\/image\/\",\"url\":\"https:\/\/secure.gravatar.com\/avatar\/c139ef583a0e65260f6808f5628e6eca9fa8608b06e80bc14d5c39d32af667ca?s=96&d=mm&r=g\",\"contentUrl\":\"https:\/\/secure.gravatar.com\/avatar\/c139ef583a0e65260f6808f5628e6eca9fa8608b06e80bc14d5c39d32af667ca?s=96&d=mm&r=g\",\"caption\":\"@dmin64\"},\"sameAs\":[\"https:\/\/www.camping-baden.com\"]}]}<\/script>\n<!-- \/ Yoast SEO plugin. -->","yoast_head_json":{"title":"Vom Campingplatz organisierte Ausfl\u00fcge: L'Ile aux Moines","robots":{"index":"index","follow":"follow","max-snippet":"max-snippet:-1","max-image-preview":"max-image-preview:large","max-video-preview":"max-video-preview:-1"},"canonical":"https:\/\/www.camping-baden.com\/de\/touristische-spaziergange-durch-das-camping-ile-aux-moines\/","og_locale":"de_DE","og_type":"article","og_title":"Vom Campingplatz organisierte Ausfl\u00fcge: L'Ile aux Moines","og_description":"Besuchen Sie zwischen Land und Meer die Ile aux Moines, die gr\u00f6\u00dfte der Inseln im Golf von Morbihan. Diese kurze Wanderung f\u00fchrt Sie durch die Natur, die Gassen und die emblematischen Orte der Insel mit den ber\u00fchmten Megalithen und der wilden Landschaft. Lassen Sie sich von der atemberaubenden Aussicht auf den Golf von Morbihan, die [&hellip;]","og_url":"https:\/\/www.camping-baden.com\/de\/touristische-spaziergange-durch-das-camping-ile-aux-moines\/","og_site_name":"Man\u00e9 Guernehu\u00e9","article_published_time":"2020-07-28T11:22:00+00:00","article_modified_time":"2024-11-11T08:28:25+00:00","og_image":[{"width":2000,"height":1350,"url":"https:\/\/www.camping-baden.com\/wp-content\/uploads\/2020\/07\/balade-ile-aux-moines.webp","type":"image\/webp"}],"author":"@dmin64","twitter_card":"summary_large_image","twitter_misc":{"Verfasst von":"@dmin64","Gesch\u00e4tzte Lesezeit":"1\u00a0Minute"},"schema":{"@context":"https:\/\/schema.org","@graph":[{"@type":"Article","@id":"https:\/\/www.camping-baden.com\/de\/touristische-spaziergange-durch-das-camping-ile-aux-moines\/#article","isPartOf":{"@id":"https:\/\/www.camping-baden.com\/de\/touristische-spaziergange-durch-das-camping-ile-aux-moines\/"},"author":{"name":"@dmin64","@id":"https:\/\/www.camping-baden.com\/de\/#\/schema\/person\/c6e510fdea074e9025407c05c7b117ed"},"headline":"Vom Campingplatz organisierte Ausfl\u00fcge: L&#8217;Ile aux Moines","datePublished":"2020-07-28T11:22:00+00:00","dateModified":"2024-11-11T08:28:25+00:00","mainEntityOfPage":{"@id":"https:\/\/www.camping-baden.com\/de\/touristische-spaziergange-durch-das-camping-ile-aux-moines\/"},"wordCount":258,"publisher":{"@id":"https:\/\/www.camping-baden.com\/de\/#organization"},"image":{"@id":"https:\/\/www.camping-baden.com\/de\/touristische-spaziergange-durch-das-camping-ile-aux-moines\/#primaryimage"},"thumbnailUrl":"https:\/\/www.camping-baden.com\/wp-content\/uploads\/2020\/07\/balade-ile-aux-moines.webp","articleSection":["Nachrichten"],"inLanguage":"de"},{"@type":"WebPage","@id":"https:\/\/www.camping-baden.com\/de\/touristische-spaziergange-durch-das-camping-ile-aux-moines\/","url":"https:\/\/www.camping-baden.com\/de\/touristische-spaziergange-durch-das-camping-ile-aux-moines\/","name":"Vom Campingplatz organisierte Ausfl\u00fcge: L'Ile aux Moines","isPartOf":{"@id":"https:\/\/www.camping-baden.com\/de\/#website"},"primaryImageOfPage":{"@id":"https:\/\/www.camping-baden.com\/de\/touristische-spaziergange-durch-das-camping-ile-aux-moines\/#primaryimage"},"image":{"@id":"https:\/\/www.camping-baden.com\/de\/touristische-spaziergange-durch-das-camping-ile-aux-moines\/#primaryimage"},"thumbnailUrl":"https:\/\/www.camping-baden.com\/wp-content\/uploads\/2020\/07\/balade-ile-aux-moines.webp","datePublished":"2020-07-28T11:22:00+00:00","dateModified":"2024-11-11T08:28:25+00:00","breadcrumb":{"@id":"https:\/\/www.camping-baden.com\/de\/touristische-spaziergange-durch-das-camping-ile-aux-moines\/#breadcrumb"},"inLanguage":"de","potentialAction":[{"@type":"ReadAction","target":["https:\/\/www.camping-baden.com\/de\/touristische-spaziergange-durch-das-camping-ile-aux-moines\/"]}]},{"@type":"ImageObject","inLanguage":"de","@id":"https:\/\/www.camping-baden.com\/de\/touristische-spaziergange-durch-das-camping-ile-aux-moines\/#primaryimage","url":"https:\/\/www.camping-baden.com\/wp-content\/uploads\/2020\/07\/balade-ile-aux-moines.webp","contentUrl":"https:\/\/www.camping-baden.com\/wp-content\/uploads\/2020\/07\/balade-ile-aux-moines.webp","width":2000,"height":1350,"caption":"Spaziergang auf der Ile aux moines"},{"@type":"BreadcrumbList","@id":"https:\/\/www.camping-baden.com\/de\/touristische-spaziergange-durch-das-camping-ile-aux-moines\/#breadcrumb","itemListElement":[{"@type":"ListItem","position":1,"name":"Camping Golfe du Morbihan","item":"https:\/\/www.camping-baden.com\/de\/"},{"@type":"ListItem","position":2,"name":"Nachrichten","item":"https:\/\/www.camping-baden.com\/de\/nachrichten\/"},{"@type":"ListItem","position":3,"name":"Vom Campingplatz organisierte Ausfl\u00fcge: L&rsquo;Ile aux Moines"}]},{"@type":"WebSite","@id":"https:\/\/www.camping-baden.com\/de\/#website","url":"https:\/\/www.camping-baden.com\/de\/","name":"Man\u00e9 Guernehu\u00e9","description":"","publisher":{"@id":"https:\/\/www.camping-baden.com\/de\/#organization"},"potentialAction":[{"@type":"SearchAction","target":{"@type":"EntryPoint","urlTemplate":"https:\/\/www.camping-baden.com\/de\/?s={search_term_string}"},"query-input":{"@type":"PropertyValueSpecification","valueRequired":true,"valueName":"search_term_string"}}],"inLanguage":"de"},{"@type":"Organization","@id":"https:\/\/www.camping-baden.com\/de\/#organization","name":"Man\u00e9 Guernehu\u00e9","url":"https:\/\/www.camping-baden.com\/de\/","logo":{"@type":"ImageObject","inLanguage":"de","@id":"https:\/\/www.camping-baden.com\/de\/#\/schema\/logo\/image\/","url":"https:\/\/www.camping-baden.com\/wp-content\/uploads\/2024\/08\/logo-camping-mane-guernehue.png","contentUrl":"https:\/\/www.camping-baden.com\/wp-content\/uploads\/2024\/08\/logo-camping-mane-guernehue.png","width":1000,"height":450,"caption":"Man\u00e9 Guernehu\u00e9"},"image":{"@id":"https:\/\/www.camping-baden.com\/de\/#\/schema\/logo\/image\/"}},{"@type":"Person","@id":"https:\/\/www.camping-baden.com\/de\/#\/schema\/person\/c6e510fdea074e9025407c05c7b117ed","name":"@dmin64","image":{"@type":"ImageObject","inLanguage":"de","@id":"https:\/\/www.camping-baden.com\/de\/#\/schema\/person\/image\/","url":"https:\/\/secure.gravatar.com\/avatar\/c139ef583a0e65260f6808f5628e6eca9fa8608b06e80bc14d5c39d32af667ca?s=96&d=mm&r=g","contentUrl":"https:\/\/secure.gravatar.com\/avatar\/c139ef583a0e65260f6808f5628e6eca9fa8608b06e80bc14d5c39d32af667ca?s=96&d=mm&r=g","caption":"@dmin64"},"sameAs":["https:\/\/www.camping-baden.com"]}]}},"_links":{"self":[{"href":"https:\/\/www.camping-baden.com\/de\/wp-json\/wp\/v2\/posts\/11877","targetHints":{"allow":["GET"]}}],"collection":[{"href":"https:\/\/www.camping-baden.com\/de\/wp-json\/wp\/v2\/posts"}],"about":[{"href":"https:\/\/www.camping-baden.com\/de\/wp-json\/wp\/v2\/types\/post"}],"author":[{"embeddable":true,"href":"https:\/\/www.camping-baden.com\/de\/wp-json\/wp\/v2\/users\/1"}],"replies":[{"embeddable":true,"href":"https:\/\/www.camping-baden.com\/de\/wp-json\/wp\/v2\/comments?post=11877"}],"version-history":[{"count":1,"href":"https:\/\/www.camping-baden.com\/de\/wp-json\/wp\/v2\/posts\/11877\/revisions"}],"predecessor-version":[{"id":11878,"href":"https:\/\/www.camping-baden.com\/de\/wp-json\/wp\/v2\/posts\/11877\/revisions\/11878"}],"wp:featuredmedia":[{"embeddable":true,"href":"https:\/\/www.camping-baden.com\/de\/wp-json\/wp\/v2\/media\/2196"}],"wp:attachment":[{"href":"https:\/\/www.camping-baden.com\/de\/wp-json\/wp\/v2\/media?parent=11877"}],"wp:term":[{"taxonomy":"category","embeddable":true,"href":"https:\/\/www.camping-baden.com\/de\/wp-json\/wp\/v2\/categories?post=11877"},{"taxonomy":"post_tag","embeddable":true,"href":"https:\/\/www.camping-baden.com\/de\/wp-json\/wp\/v2\/tags?post=11877"},{"taxonomy":"sujet","embeddable":true,"href":"https:\/\/www.camping-baden.com\/de\/wp-json\/wp\/v2\/sujet?post=11877"}],"curies":[{"name":"wp","href":"https:\/\/api.w.org\/{rel}","templated":true}]}}