{"id":11873,"date":"2020-01-08T14:33:00","date_gmt":"2020-01-08T13:33:00","guid":{"rendered":"https:\/\/www.camping-baden.com\/neues-themenviertel-cap-west\/"},"modified":"2024-11-11T09:28:27","modified_gmt":"2024-11-11T08:28:27","slug":"neues-themenviertel-cap-west","status":"publish","type":"post","link":"https:\/\/www.camping-baden.com\/de\/neues-themenviertel-cap-west\/","title":{"rendered":"Neues Themenviertel Cap West"},"content":{"rendered":"\n<div id=\"ls-heading ls-titre-div-block_ff8688c2f2123812745975c31dade5be\" class=\"ls-titre-div aligncenter h2-like has-text-color has-color-2-color\" >\n    Entdecken Sie das neue Themenviertel Cap West<\/div>\n\n<div class=\"wp-block-columns is-layout-flex wp-container-core-columns-is-layout-9d6595d7 wp-block-columns-is-layout-flex\">\n<div class=\"wp-block-column is-layout-flow wp-block-column-is-layout-flow\">\n<h2 class=\"ls__heading wp-block-heading\">Eine Einladung zu einer Reise in den Wilden Westen!<\/h2>\n\n\n\n<figure class=\"wp-block-gallery has-nested-images columns-5 is-cropped wp-block-gallery-1 is-layout-flex wp-block-gallery-is-layout-flex\">\n<figure class=\"wp-block-image size-large\"><a href=\"https:\/\/www.camping-baden.com\/wp-content\/uploads\/2020\/01\/juillet-07-quartier-cap-west-2-800px.webp\"><img decoding=\"async\" width=\"800\" height=\"533\" data-id=\"1180\" src=\"https:\/\/www.camping-baden.com\/wp-content\/uploads\/2020\/01\/juillet-07-quartier-cap-west-2-800px.webp\" alt=\"Juli Stadtteil Cape West px\" class=\"wp-image-1180\" srcset=\"https:\/\/www.camping-baden.com\/wp-content\/uploads\/2020\/01\/juillet-07-quartier-cap-west-2-800px.webp 800w, https:\/\/www.camping-baden.com\/wp-content\/uploads\/2020\/01\/juillet-07-quartier-cap-west-2-800px-300x200.webp 300w, https:\/\/www.camping-baden.com\/wp-content\/uploads\/2020\/01\/juillet-07-quartier-cap-west-2-800px-768x512.webp 768w\" sizes=\"(max-width: 800px) 100vw, 800px\" \/><\/a><figcaption class=\"wp-element-caption\">Das Westkap-Viertel und sein Totem<\/figcaption><\/figure>\n\n\n\n<figure class=\"wp-block-image size-large\"><a href=\"https:\/\/www.camping-baden.com\/wp-content\/uploads\/2020\/01\/2020-mai-19-quartier-cap-west-totem-pierre-marie-8-800px.webp\"><img decoding=\"async\" width=\"800\" height=\"533\" data-id=\"1200\" src=\"https:\/\/www.camping-baden.com\/wp-content\/uploads\/2020\/01\/2020-mai-19-quartier-cap-west-totem-pierre-marie-8-800px.webp\" alt=\"Mai Quartier Cap West Totem pierre marie px\" class=\"wp-image-1200\" srcset=\"https:\/\/www.camping-baden.com\/wp-content\/uploads\/2020\/01\/2020-mai-19-quartier-cap-west-totem-pierre-marie-8-800px.webp 800w, https:\/\/www.camping-baden.com\/wp-content\/uploads\/2020\/01\/2020-mai-19-quartier-cap-west-totem-pierre-marie-8-800px-300x200.webp 300w, https:\/\/www.camping-baden.com\/wp-content\/uploads\/2020\/01\/2020-mai-19-quartier-cap-west-totem-pierre-marie-8-800px-768x512.webp 768w\" sizes=\"(max-width: 800px) 100vw, 800px\" \/><\/a><figcaption class=\"wp-element-caption\">Pierre Marie schnitzte das Totem<\/figcaption><\/figure>\n\n\n\n<figure class=\"wp-block-image size-large\"><img decoding=\"async\" width=\"800\" height=\"533\" data-id=\"1196\" src=\"https:\/\/www.camping-baden.com\/wp-content\/uploads\/2020\/01\/2020-mai-19-quartier-cap-west-totem-pierre-marie-12-800px.webp\" alt=\"Mai Quartier Cap West Totem pierre marie px\" class=\"wp-image-1196\" srcset=\"https:\/\/www.camping-baden.com\/wp-content\/uploads\/2020\/01\/2020-mai-19-quartier-cap-west-totem-pierre-marie-12-800px.webp 800w, https:\/\/www.camping-baden.com\/wp-content\/uploads\/2020\/01\/2020-mai-19-quartier-cap-west-totem-pierre-marie-12-800px-300x200.webp 300w, https:\/\/www.camping-baden.com\/wp-content\/uploads\/2020\/01\/2020-mai-19-quartier-cap-west-totem-pierre-marie-12-800px-768x512.webp 768w\" sizes=\"(max-width: 800px) 100vw, 800px\" \/><figcaption class=\"wp-element-caption\">Totem im Bau<\/figcaption><\/figure>\n\n\n\n<figure class=\"wp-block-image size-large\"><a href=\"https:\/\/www.camping-baden.com\/wp-content\/uploads\/2020\/01\/juillet-02-mise-en-place-totem-1-800px.webp\"><img decoding=\"async\" width=\"800\" height=\"533\" data-id=\"1188\" src=\"https:\/\/www.camping-baden.com\/wp-content\/uploads\/2020\/01\/juillet-02-mise-en-place-totem-1-800px.webp\" alt=\"Juli aufstellung von totem px\" class=\"wp-image-1188\" srcset=\"https:\/\/www.camping-baden.com\/wp-content\/uploads\/2020\/01\/juillet-02-mise-en-place-totem-1-800px.webp 800w, https:\/\/www.camping-baden.com\/wp-content\/uploads\/2020\/01\/juillet-02-mise-en-place-totem-1-800px-300x200.webp 300w, https:\/\/www.camping-baden.com\/wp-content\/uploads\/2020\/01\/juillet-02-mise-en-place-totem-1-800px-768x512.webp 768w\" sizes=\"(max-width: 800px) 100vw, 800px\" \/><\/a><figcaption class=\"wp-element-caption\">Aufstellen der Totem-S\u00e4ule<\/figcaption><\/figure>\n\n\n\n<figure class=\"wp-block-image size-large\"><a href=\"https:\/\/www.camping-baden.com\/wp-content\/uploads\/2020\/01\/juillet-02-mise-en-place-totem-8-800px.webp\"><img decoding=\"async\" width=\"800\" height=\"533\" data-id=\"1184\" src=\"https:\/\/www.camping-baden.com\/wp-content\/uploads\/2020\/01\/juillet-02-mise-en-place-totem-8-800px.webp\" alt=\"Juli aufstellung von totem px\" class=\"wp-image-1184\" srcset=\"https:\/\/www.camping-baden.com\/wp-content\/uploads\/2020\/01\/juillet-02-mise-en-place-totem-8-800px.webp 800w, https:\/\/www.camping-baden.com\/wp-content\/uploads\/2020\/01\/juillet-02-mise-en-place-totem-8-800px-300x200.webp 300w, https:\/\/www.camping-baden.com\/wp-content\/uploads\/2020\/01\/juillet-02-mise-en-place-totem-8-800px-768x512.webp 768w\" sizes=\"(max-width: 800px) 100vw, 800px\" \/><\/a><figcaption class=\"wp-element-caption\">Der K\u00fcnstler und sein Werk<\/figcaption><\/figure>\n\n\n\n<figure class=\"wp-block-image size-large\"><a href=\"https:\/\/www.camping-baden.com\/wp-content\/uploads\/2020\/01\/juillet-07-quartier-cap-west-8-800px.webp\"><img decoding=\"async\" width=\"800\" height=\"533\" data-id=\"1168\" src=\"https:\/\/www.camping-baden.com\/wp-content\/uploads\/2020\/01\/juillet-07-quartier-cap-west-8-800px.webp\" alt=\"Juli Stadtteil Cape West px\" class=\"wp-image-1168\" srcset=\"https:\/\/www.camping-baden.com\/wp-content\/uploads\/2020\/01\/juillet-07-quartier-cap-west-8-800px.webp 800w, https:\/\/www.camping-baden.com\/wp-content\/uploads\/2020\/01\/juillet-07-quartier-cap-west-8-800px-300x200.webp 300w, https:\/\/www.camping-baden.com\/wp-content\/uploads\/2020\/01\/juillet-07-quartier-cap-west-8-800px-768x512.webp 768w\" sizes=\"(max-width: 800px) 100vw, 800px\" \/><\/a><figcaption class=\"wp-element-caption\">Cottage Cap West 6 Personen<\/figcaption><\/figure>\n\n\n\n<figure class=\"wp-block-image size-large\"><a href=\"https:\/\/www.camping-baden.com\/wp-content\/uploads\/2020\/01\/2020-juin-cap-west-MH-6p-800px.webp\"><img decoding=\"async\" width=\"800\" height=\"533\" data-id=\"1204\" src=\"https:\/\/www.camping-baden.com\/wp-content\/uploads\/2020\/01\/2020-juin-cap-west-MH-6p-800px.webp\" alt=\"Juni cap west MH p px\" class=\"wp-image-1204\" srcset=\"https:\/\/www.camping-baden.com\/wp-content\/uploads\/2020\/01\/2020-juin-cap-west-MH-6p-800px.webp 800w, https:\/\/www.camping-baden.com\/wp-content\/uploads\/2020\/01\/2020-juin-cap-west-MH-6p-800px-300x200.webp 300w, https:\/\/www.camping-baden.com\/wp-content\/uploads\/2020\/01\/2020-juin-cap-west-MH-6p-800px-768x512.webp 768w\" sizes=\"(max-width: 800px) 100vw, 800px\" \/><\/a><figcaption class=\"wp-element-caption\">Cottage Cap West f\u00fcr 6 Personen<\/figcaption><\/figure>\n\n\n\n<figure class=\"wp-block-image size-large\"><a href=\"https:\/\/www.camping-baden.com\/wp-content\/uploads\/2020\/01\/juillet-07-quartier-cap-west-4p-800px-533px.webp\"><img decoding=\"async\" width=\"800\" height=\"533\" data-id=\"1176\" src=\"https:\/\/www.camping-baden.com\/wp-content\/uploads\/2020\/01\/juillet-07-quartier-cap-west-4p-800px-533px.webp\" alt=\"Juli Stadtteil Cap West p px px\" class=\"wp-image-1176\" srcset=\"https:\/\/www.camping-baden.com\/wp-content\/uploads\/2020\/01\/juillet-07-quartier-cap-west-4p-800px-533px.webp 800w, https:\/\/www.camping-baden.com\/wp-content\/uploads\/2020\/01\/juillet-07-quartier-cap-west-4p-800px-533px-300x200.webp 300w, https:\/\/www.camping-baden.com\/wp-content\/uploads\/2020\/01\/juillet-07-quartier-cap-west-4p-800px-533px-768x512.webp 768w\" sizes=\"(max-width: 800px) 100vw, 800px\" \/><\/a><figcaption class=\"wp-element-caption\">Cottage Cap West 4 Personen<\/figcaption><\/figure>\n\n\n\n<figure class=\"wp-block-image size-large\"><a href=\"https:\/\/www.camping-baden.com\/wp-content\/uploads\/2020\/01\/2020-juin-cap-west-MH-4p-2-800px.webp\"><img decoding=\"async\" width=\"800\" height=\"533\" data-id=\"1135\" src=\"https:\/\/www.camping-baden.com\/wp-content\/uploads\/2020\/01\/2020-juin-cap-west-MH-4p-2-800px.webp\" alt=\"Juni cap west MH p px\" class=\"wp-image-1135\" srcset=\"https:\/\/www.camping-baden.com\/wp-content\/uploads\/2020\/01\/2020-juin-cap-west-MH-4p-2-800px.webp 800w, https:\/\/www.camping-baden.com\/wp-content\/uploads\/2020\/01\/2020-juin-cap-west-MH-4p-2-800px-300x200.webp 300w, https:\/\/www.camping-baden.com\/wp-content\/uploads\/2020\/01\/2020-juin-cap-west-MH-4p-2-800px-768x512.webp 768w\" sizes=\"(max-width: 800px) 100vw, 800px\" \/><\/a><figcaption class=\"wp-element-caption\">Cottage Cap West f\u00fcr 4 Personen<\/figcaption><\/figure>\n\n\n\n<figure class=\"wp-block-image size-large\"><a href=\"https:\/\/www.camping-baden.com\/wp-content\/uploads\/2020\/01\/mh-944-3CH-chambre-parents-2-800px-1.webp\"><img decoding=\"async\" width=\"800\" height=\"533\" data-id=\"1147\" src=\"https:\/\/www.camping-baden.com\/wp-content\/uploads\/2020\/01\/mh-944-3CH-chambre-parents-2-800px-1.webp\" alt=\"mh CH Elternschlafzimmer px\" class=\"wp-image-1147\" srcset=\"https:\/\/www.camping-baden.com\/wp-content\/uploads\/2020\/01\/mh-944-3CH-chambre-parents-2-800px-1.webp 800w, https:\/\/www.camping-baden.com\/wp-content\/uploads\/2020\/01\/mh-944-3CH-chambre-parents-2-800px-1-300x200.webp 300w, https:\/\/www.camping-baden.com\/wp-content\/uploads\/2020\/01\/mh-944-3CH-chambre-parents-2-800px-1-768x512.webp 768w\" sizes=\"(max-width: 800px) 100vw, 800px\" \/><\/a><figcaption class=\"wp-element-caption\">Cottage Cap West Elternschlafzimmer<\/figcaption><\/figure>\n\n\n\n<figure class=\"wp-block-image size-large\"><a href=\"https:\/\/www.camping-baden.com\/wp-content\/uploads\/2020\/01\/mh-944-3CH-chambre-parents-800px.webp\"><img decoding=\"async\" width=\"800\" height=\"533\" data-id=\"1143\" src=\"https:\/\/www.camping-baden.com\/wp-content\/uploads\/2020\/01\/mh-944-3CH-chambre-parents-800px.webp\" alt=\"mh CH Elternschlafzimmer px\" class=\"wp-image-1143\" srcset=\"https:\/\/www.camping-baden.com\/wp-content\/uploads\/2020\/01\/mh-944-3CH-chambre-parents-800px.webp 800w, https:\/\/www.camping-baden.com\/wp-content\/uploads\/2020\/01\/mh-944-3CH-chambre-parents-800px-300x200.webp 300w, https:\/\/www.camping-baden.com\/wp-content\/uploads\/2020\/01\/mh-944-3CH-chambre-parents-800px-768x512.webp 768w\" sizes=\"(max-width: 800px) 100vw, 800px\" \/><\/a><figcaption class=\"wp-element-caption\">Cottage Cap West Elternschlafzimmer<\/figcaption><\/figure>\n\n\n\n<figure class=\"wp-block-image size-large\"><a href=\"https:\/\/www.camping-baden.com\/wp-content\/uploads\/2020\/01\/mh-944-3ch-sejour-800px.webp\"><img decoding=\"async\" width=\"800\" height=\"533\" data-id=\"1139\" src=\"https:\/\/www.camping-baden.com\/wp-content\/uploads\/2020\/01\/mh-944-3ch-sejour-800px.webp\" alt=\"mh ch Aufenthalt px\" class=\"wp-image-1139\" srcset=\"https:\/\/www.camping-baden.com\/wp-content\/uploads\/2020\/01\/mh-944-3ch-sejour-800px.webp 800w, https:\/\/www.camping-baden.com\/wp-content\/uploads\/2020\/01\/mh-944-3ch-sejour-800px-300x200.webp 300w, https:\/\/www.camping-baden.com\/wp-content\/uploads\/2020\/01\/mh-944-3ch-sejour-800px-768x512.webp 768w\" sizes=\"(max-width: 800px) 100vw, 800px\" \/><\/a><figcaption class=\"wp-element-caption\">Wohnzimmer des Cottage mit 3 Schlafzimmern<\/figcaption><\/figure>\n\n\n\n<figure class=\"wp-block-image size-large\"><a href=\"https:\/\/www.camping-baden.com\/wp-content\/uploads\/2020\/01\/mh-944-3CH-chambre-enfants-653px.webp\"><img decoding=\"async\" width=\"800\" height=\"651\" data-id=\"1152\" src=\"https:\/\/www.camping-baden.com\/wp-content\/uploads\/2020\/01\/mh-944-3CH-chambre-enfants-653px.webp\" alt=\"mh CH Kinderzimmer px\" class=\"wp-image-1152\" srcset=\"https:\/\/www.camping-baden.com\/wp-content\/uploads\/2020\/01\/mh-944-3CH-chambre-enfants-653px.webp 800w, https:\/\/www.camping-baden.com\/wp-content\/uploads\/2020\/01\/mh-944-3CH-chambre-enfants-653px-300x244.webp 300w, https:\/\/www.camping-baden.com\/wp-content\/uploads\/2020\/01\/mh-944-3CH-chambre-enfants-653px-768x625.webp 768w\" sizes=\"(max-width: 800px) 100vw, 800px\" \/><\/a><figcaption class=\"wp-element-caption\">Cottage Cap West 3 Zimmer: Kinderzimmer mit Mezzanin<\/figcaption><\/figure>\n\n\n\n<figure class=\"wp-block-image size-large\"><a href=\"https:\/\/www.camping-baden.com\/wp-content\/uploads\/2020\/01\/mh-844-4P-sejour-salon-800px-533px.webp\"><img decoding=\"async\" width=\"800\" height=\"533\" data-id=\"1156\" src=\"https:\/\/www.camping-baden.com\/wp-content\/uploads\/2020\/01\/mh-844-4P-sejour-salon-800px-533px.webp\" alt=\"mh P Wohnzimmer Wohnzimmer px px\" class=\"wp-image-1156\" srcset=\"https:\/\/www.camping-baden.com\/wp-content\/uploads\/2020\/01\/mh-844-4P-sejour-salon-800px-533px.webp 800w, https:\/\/www.camping-baden.com\/wp-content\/uploads\/2020\/01\/mh-844-4P-sejour-salon-800px-533px-300x200.webp 300w, https:\/\/www.camping-baden.com\/wp-content\/uploads\/2020\/01\/mh-844-4P-sejour-salon-800px-533px-768x512.webp 768w\" sizes=\"(max-width: 800px) 100vw, 800px\" \/><\/a><figcaption class=\"wp-element-caption\">Wohnzimmer und K\u00fcche des Cottage Cap West mit 2 Schlafzimmern<\/figcaption><\/figure>\n\n\n\n<figure class=\"wp-block-image size-large\"><a href=\"https:\/\/www.camping-baden.com\/wp-content\/uploads\/2020\/01\/mh-844-4P-salle-de-bain-537px-533px.webp\"><img decoding=\"async\" width=\"800\" height=\"794\" data-id=\"1160\" src=\"https:\/\/www.camping-baden.com\/wp-content\/uploads\/2020\/01\/mh-844-4P-salle-de-bain-537px-533px.webp\" alt=\"mh P Badezimmer px px\" class=\"wp-image-1160\" srcset=\"https:\/\/www.camping-baden.com\/wp-content\/uploads\/2020\/01\/mh-844-4P-salle-de-bain-537px-533px.webp 800w, https:\/\/www.camping-baden.com\/wp-content\/uploads\/2020\/01\/mh-844-4P-salle-de-bain-537px-533px-300x298.webp 300w, https:\/\/www.camping-baden.com\/wp-content\/uploads\/2020\/01\/mh-844-4P-salle-de-bain-537px-533px-150x150.webp 150w, https:\/\/www.camping-baden.com\/wp-content\/uploads\/2020\/01\/mh-844-4P-salle-de-bain-537px-533px-768x762.webp 768w\" sizes=\"(max-width: 800px) 100vw, 800px\" \/><\/a><figcaption class=\"wp-element-caption\">Badezimmer mit gro\u00dfer Dusche (100x80cm)<\/figcaption><\/figure>\n\n\n\n<figure class=\"wp-block-image size-large\"><a href=\"https:\/\/www.camping-baden.com\/wp-content\/uploads\/2020\/01\/mh-844-4P-chambre-enfants-800px-533px.webp\"><img decoding=\"async\" width=\"800\" height=\"533\" data-id=\"1164\" src=\"https:\/\/www.camping-baden.com\/wp-content\/uploads\/2020\/01\/mh-844-4P-chambre-enfants-800px-533px.webp\" alt=\"mh P Kinderzimmer px px\" class=\"wp-image-1164\" srcset=\"https:\/\/www.camping-baden.com\/wp-content\/uploads\/2020\/01\/mh-844-4P-chambre-enfants-800px-533px.webp 800w, https:\/\/www.camping-baden.com\/wp-content\/uploads\/2020\/01\/mh-844-4P-chambre-enfants-800px-533px-300x200.webp 300w, https:\/\/www.camping-baden.com\/wp-content\/uploads\/2020\/01\/mh-844-4P-chambre-enfants-800px-533px-768x512.webp 768w\" sizes=\"(max-width: 800px) 100vw, 800px\" \/><\/a><figcaption class=\"wp-element-caption\">Kinderzimmer mit 2 Einzelbetten<\/figcaption><\/figure>\n\n\n\n<figure class=\"wp-block-image size-large\"><a href=\"https:\/\/www.camping-baden.com\/wp-content\/uploads\/2020\/01\/inspiration-far-west-800px.webp\"><img decoding=\"async\" width=\"800\" height=\"533\" data-id=\"1192\" src=\"https:\/\/www.camping-baden.com\/wp-content\/uploads\/2020\/01\/inspiration-far-west-800px.webp\" alt=\"Inspiration Far West px\" class=\"wp-image-1192\" srcset=\"https:\/\/www.camping-baden.com\/wp-content\/uploads\/2020\/01\/inspiration-far-west-800px.webp 800w, https:\/\/www.camping-baden.com\/wp-content\/uploads\/2020\/01\/inspiration-far-west-800px-300x200.webp 300w, https:\/\/www.camping-baden.com\/wp-content\/uploads\/2020\/01\/inspiration-far-west-800px-768x512.webp 768w\" sizes=\"(max-width: 800px) 100vw, 800px\" \/><\/a><figcaption class=\"wp-element-caption\">Inspirationsquellen f\u00fcr das Viertel Far West<\/figcaption><\/figure>\n\n\n\n<figure class=\"wp-block-image size-large\"><a href=\"https:\/\/www.camping-baden.com\/wp-content\/uploads\/2020\/01\/juillet-07-quartier-cap-west-7-800px.webp\"><img decoding=\"async\" width=\"800\" height=\"533\" data-id=\"1172\" src=\"https:\/\/www.camping-baden.com\/wp-content\/uploads\/2020\/01\/juillet-07-quartier-cap-west-7-800px.webp\" alt=\"Juli Stadtteil Cape West px\" class=\"wp-image-1172\" srcset=\"https:\/\/www.camping-baden.com\/wp-content\/uploads\/2020\/01\/juillet-07-quartier-cap-west-7-800px.webp 800w, https:\/\/www.camping-baden.com\/wp-content\/uploads\/2020\/01\/juillet-07-quartier-cap-west-7-800px-300x200.webp 300w, https:\/\/www.camping-baden.com\/wp-content\/uploads\/2020\/01\/juillet-07-quartier-cap-west-7-800px-768x512.webp 768w\" sizes=\"(max-width: 800px) 100vw, 800px\" \/><\/a><figcaption class=\"wp-element-caption\">Auf der Seite des Reitzentrums<\/figcaption><\/figure>\n<\/figure>\n\n\n\n<p class=\"ls-paragraph\">Fotos nicht vertraglich bindend<\/p>\n<\/div>\n\n\n\n<div class=\"wp-block-column is-layout-flow wp-block-column-is-layout-flow\">\n<h2 class=\"ls__heading wp-block-heading\">Entdecken Sie das neue Themenviertel Cap West!<\/h2>\n\n\n\n<p class=\"ls-paragraph\">In der N\u00e4he des Reitzentrums l\u00e4dt Sie das neue Themenviertel Cap West mit seinem Totem und seiner warmen Dekoration zu einer Reise in den Wilden Westen ein!<\/p>\n\n\n\n<p class=\"ls-paragraph\">Genie\u00dfen Sie angenehme Momente mit der Familie auf der Terrasse im Schatten der h\u00f6lzernen Pergola und nutzen Sie die Gelegenheit zum Reiten!<\/p>\n\n\n\n<p class=\"ls-paragraph\">Die Cottages Cap West 4 Blumen sind mit allem Komfort ausgestattet: Fernseher, Geschirrsp\u00fcler, Grill, kostenlose Bettw\u00e4sche und Handt\u00fccher&#8230;<\/p>\n\n\n\n<p class=\"ls-paragraph\">Die hellen R\u00e4ume, die moderne und gepflegte Dekoration und die Holzatmosph\u00e4re werden Ihnen gefallen.<\/p>\n\n\n\n<p class=\"ls-paragraph\"><strong>Buchen Sie die brandneuen Cottages Cap West :<\/strong><\/p>\n\n\n\n<ul class=\"ls-list ls-list-undefined wp-block-list\">\n<li><a href=\"https:\/\/www.camping-baden.com\/de\/vermietung-von-mobilheimen-baden\/\">Cottage Cap West 4 Personen 2 Zimmer<\/a><\/li>\n\n\n\n<li><a href=\"https:\/\/www.camping-baden.com\/de\/vermietung-von-mobilheimen-baden\/\">Cottage Cap West 6 Personen 3 Zimmer<\/a><\/li>\n<\/ul>\n<\/div>\n<\/div>\n","protected":false},"excerpt":{"rendered":"<p>Eine Einladung zu einer Reise in den Wilden Westen! Fotos nicht vertraglich bindend Entdecken Sie das neue Themenviertel Cap West! In der N\u00e4he des Reitzentrums l\u00e4dt Sie das neue Themenviertel Cap West mit seinem Totem und seiner warmen Dekoration zu einer Reise in den Wilden Westen ein! Genie\u00dfen Sie angenehme Momente mit der Familie auf [&hellip;]<\/p>\n","protected":false},"author":1,"featured_media":1223,"comment_status":"closed","ping_status":"closed","sticky":false,"template":"","format":"standard","meta":{"_acf_changed":false,"footnotes":""},"categories":[206],"tags":[],"sujet":[],"class_list":["post-11873","post","type-post","status-publish","format-standard","has-post-thumbnail","hentry","category-nachrichten"],"acf":[],"yoast_head":"<!-- This site is optimized with the Yoast SEO plugin v25.3 - https:\/\/yoast.com\/wordpress\/plugins\/seo\/ -->\n<title>Neues Themenviertel Cap West<\/title>\n<meta name=\"robots\" content=\"index, follow, max-snippet:-1, max-image-preview:large, max-video-preview:-1\" \/>\n<link rel=\"canonical\" href=\"https:\/\/www.camping-baden.com\/de\/neues-themenviertel-cap-west\/\" \/>\n<meta property=\"og:locale\" content=\"de_DE\" \/>\n<meta property=\"og:type\" content=\"article\" \/>\n<meta property=\"og:title\" content=\"Neues Themenviertel Cap West\" \/>\n<meta property=\"og:description\" content=\"Eine Einladung zu einer Reise in den Wilden Westen! Fotos nicht vertraglich bindend Entdecken Sie das neue Themenviertel Cap West! In der N\u00e4he des Reitzentrums l\u00e4dt Sie das neue Themenviertel Cap West mit seinem Totem und seiner warmen Dekoration zu einer Reise in den Wilden Westen ein! Genie\u00dfen Sie angenehme Momente mit der Familie auf [&hellip;]\" \/>\n<meta property=\"og:url\" content=\"https:\/\/www.camping-baden.com\/de\/neues-themenviertel-cap-west\/\" \/>\n<meta property=\"og:site_name\" content=\"Man\u00e9 Guernehu\u00e9\" \/>\n<meta property=\"article:published_time\" content=\"2020-01-08T13:33:00+00:00\" \/>\n<meta property=\"article:modified_time\" content=\"2024-11-11T08:28:27+00:00\" \/>\n<meta property=\"og:image\" content=\"https:\/\/www.camping-baden.com\/wp-content\/uploads\/2020\/01\/2020-juin-cap-west-MH-4p-2-800px_upscayl_2x_realesrgan-x4plus.webp\" \/>\n\t<meta property=\"og:image:width\" content=\"2000\" \/>\n\t<meta property=\"og:image:height\" content=\"1333\" \/>\n\t<meta property=\"og:image:type\" content=\"image\/webp\" \/>\n<meta name=\"author\" content=\"@dmin64\" \/>\n<meta name=\"twitter:card\" content=\"summary_large_image\" \/>\n<meta name=\"twitter:label1\" content=\"Verfasst von\" \/>\n\t<meta name=\"twitter:data1\" content=\"@dmin64\" \/>\n\t<meta name=\"twitter:label2\" content=\"Gesch\u00e4tzte Lesezeit\" \/>\n\t<meta name=\"twitter:data2\" content=\"1\u00a0Minute\" \/>\n<script type=\"application\/ld+json\" class=\"yoast-schema-graph\">{\"@context\":\"https:\/\/schema.org\",\"@graph\":[{\"@type\":\"Article\",\"@id\":\"https:\/\/www.camping-baden.com\/de\/neues-themenviertel-cap-west\/#article\",\"isPartOf\":{\"@id\":\"https:\/\/www.camping-baden.com\/de\/neues-themenviertel-cap-west\/\"},\"author\":{\"name\":\"@dmin64\",\"@id\":\"https:\/\/www.camping-baden.com\/de\/#\/schema\/person\/c6e510fdea074e9025407c05c7b117ed\"},\"headline\":\"Neues Themenviertel Cap West\",\"datePublished\":\"2020-01-08T13:33:00+00:00\",\"dateModified\":\"2024-11-11T08:28:27+00:00\",\"mainEntityOfPage\":{\"@id\":\"https:\/\/www.camping-baden.com\/de\/neues-themenviertel-cap-west\/\"},\"wordCount\":225,\"publisher\":{\"@id\":\"https:\/\/www.camping-baden.com\/de\/#organization\"},\"image\":{\"@id\":\"https:\/\/www.camping-baden.com\/de\/neues-themenviertel-cap-west\/#primaryimage\"},\"thumbnailUrl\":\"https:\/\/www.camping-baden.com\/wp-content\/uploads\/2020\/01\/2020-juin-cap-west-MH-4p-2-800px_upscayl_2x_realesrgan-x4plus.webp\",\"articleSection\":[\"Nachrichten\"],\"inLanguage\":\"de\"},{\"@type\":\"WebPage\",\"@id\":\"https:\/\/www.camping-baden.com\/de\/neues-themenviertel-cap-west\/\",\"url\":\"https:\/\/www.camping-baden.com\/de\/neues-themenviertel-cap-west\/\",\"name\":\"Neues Themenviertel Cap West\",\"isPartOf\":{\"@id\":\"https:\/\/www.camping-baden.com\/de\/#website\"},\"primaryImageOfPage\":{\"@id\":\"https:\/\/www.camping-baden.com\/de\/neues-themenviertel-cap-west\/#primaryimage\"},\"image\":{\"@id\":\"https:\/\/www.camping-baden.com\/de\/neues-themenviertel-cap-west\/#primaryimage\"},\"thumbnailUrl\":\"https:\/\/www.camping-baden.com\/wp-content\/uploads\/2020\/01\/2020-juin-cap-west-MH-4p-2-800px_upscayl_2x_realesrgan-x4plus.webp\",\"datePublished\":\"2020-01-08T13:33:00+00:00\",\"dateModified\":\"2024-11-11T08:28:27+00:00\",\"breadcrumb\":{\"@id\":\"https:\/\/www.camping-baden.com\/de\/neues-themenviertel-cap-west\/#breadcrumb\"},\"inLanguage\":\"de\",\"potentialAction\":[{\"@type\":\"ReadAction\",\"target\":[\"https:\/\/www.camping-baden.com\/de\/neues-themenviertel-cap-west\/\"]}]},{\"@type\":\"ImageObject\",\"inLanguage\":\"de\",\"@id\":\"https:\/\/www.camping-baden.com\/de\/neues-themenviertel-cap-west\/#primaryimage\",\"url\":\"https:\/\/www.camping-baden.com\/wp-content\/uploads\/2020\/01\/2020-juin-cap-west-MH-4p-2-800px_upscayl_2x_realesrgan-x4plus.webp\",\"contentUrl\":\"https:\/\/www.camping-baden.com\/wp-content\/uploads\/2020\/01\/2020-juin-cap-west-MH-4p-2-800px_upscayl_2x_realesrgan-x4plus.webp\",\"width\":2000,\"height\":1333,\"caption\":\"Juni Westkap MH\"},{\"@type\":\"BreadcrumbList\",\"@id\":\"https:\/\/www.camping-baden.com\/de\/neues-themenviertel-cap-west\/#breadcrumb\",\"itemListElement\":[{\"@type\":\"ListItem\",\"position\":1,\"name\":\"Camping Golfe du Morbihan\",\"item\":\"https:\/\/www.camping-baden.com\/de\/\"},{\"@type\":\"ListItem\",\"position\":2,\"name\":\"Nachrichten\",\"item\":\"https:\/\/www.camping-baden.com\/de\/nachrichten\/\"},{\"@type\":\"ListItem\",\"position\":3,\"name\":\"Neues Themenviertel Cap West\"}]},{\"@type\":\"WebSite\",\"@id\":\"https:\/\/www.camping-baden.com\/de\/#website\",\"url\":\"https:\/\/www.camping-baden.com\/de\/\",\"name\":\"Man\u00e9 Guernehu\u00e9\",\"description\":\"\",\"publisher\":{\"@id\":\"https:\/\/www.camping-baden.com\/de\/#organization\"},\"potentialAction\":[{\"@type\":\"SearchAction\",\"target\":{\"@type\":\"EntryPoint\",\"urlTemplate\":\"https:\/\/www.camping-baden.com\/de\/?s={search_term_string}\"},\"query-input\":{\"@type\":\"PropertyValueSpecification\",\"valueRequired\":true,\"valueName\":\"search_term_string\"}}],\"inLanguage\":\"de\"},{\"@type\":\"Organization\",\"@id\":\"https:\/\/www.camping-baden.com\/de\/#organization\",\"name\":\"Man\u00e9 Guernehu\u00e9\",\"url\":\"https:\/\/www.camping-baden.com\/de\/\",\"logo\":{\"@type\":\"ImageObject\",\"inLanguage\":\"de\",\"@id\":\"https:\/\/www.camping-baden.com\/de\/#\/schema\/logo\/image\/\",\"url\":\"https:\/\/www.camping-baden.com\/wp-content\/uploads\/2024\/08\/logo-camping-mane-guernehue.png\",\"contentUrl\":\"https:\/\/www.camping-baden.com\/wp-content\/uploads\/2024\/08\/logo-camping-mane-guernehue.png\",\"width\":1000,\"height\":450,\"caption\":\"Man\u00e9 Guernehu\u00e9\"},\"image\":{\"@id\":\"https:\/\/www.camping-baden.com\/de\/#\/schema\/logo\/image\/\"}},{\"@type\":\"Person\",\"@id\":\"https:\/\/www.camping-baden.com\/de\/#\/schema\/person\/c6e510fdea074e9025407c05c7b117ed\",\"name\":\"@dmin64\",\"image\":{\"@type\":\"ImageObject\",\"inLanguage\":\"de\",\"@id\":\"https:\/\/www.camping-baden.com\/de\/#\/schema\/person\/image\/\",\"url\":\"https:\/\/secure.gravatar.com\/avatar\/c139ef583a0e65260f6808f5628e6eca9fa8608b06e80bc14d5c39d32af667ca?s=96&d=mm&r=g\",\"contentUrl\":\"https:\/\/secure.gravatar.com\/avatar\/c139ef583a0e65260f6808f5628e6eca9fa8608b06e80bc14d5c39d32af667ca?s=96&d=mm&r=g\",\"caption\":\"@dmin64\"},\"sameAs\":[\"https:\/\/www.camping-baden.com\"]}]}<\/script>\n<!-- \/ Yoast SEO plugin. -->","yoast_head_json":{"title":"Neues Themenviertel Cap West","robots":{"index":"index","follow":"follow","max-snippet":"max-snippet:-1","max-image-preview":"max-image-preview:large","max-video-preview":"max-video-preview:-1"},"canonical":"https:\/\/www.camping-baden.com\/de\/neues-themenviertel-cap-west\/","og_locale":"de_DE","og_type":"article","og_title":"Neues Themenviertel Cap West","og_description":"Eine Einladung zu einer Reise in den Wilden Westen! Fotos nicht vertraglich bindend Entdecken Sie das neue Themenviertel Cap West! In der N\u00e4he des Reitzentrums l\u00e4dt Sie das neue Themenviertel Cap West mit seinem Totem und seiner warmen Dekoration zu einer Reise in den Wilden Westen ein! Genie\u00dfen Sie angenehme Momente mit der Familie auf [&hellip;]","og_url":"https:\/\/www.camping-baden.com\/de\/neues-themenviertel-cap-west\/","og_site_name":"Man\u00e9 Guernehu\u00e9","article_published_time":"2020-01-08T13:33:00+00:00","article_modified_time":"2024-11-11T08:28:27+00:00","og_image":[{"width":2000,"height":1333,"url":"https:\/\/www.camping-baden.com\/wp-content\/uploads\/2020\/01\/2020-juin-cap-west-MH-4p-2-800px_upscayl_2x_realesrgan-x4plus.webp","type":"image\/webp"}],"author":"@dmin64","twitter_card":"summary_large_image","twitter_misc":{"Verfasst von":"@dmin64","Gesch\u00e4tzte Lesezeit":"1\u00a0Minute"},"schema":{"@context":"https:\/\/schema.org","@graph":[{"@type":"Article","@id":"https:\/\/www.camping-baden.com\/de\/neues-themenviertel-cap-west\/#article","isPartOf":{"@id":"https:\/\/www.camping-baden.com\/de\/neues-themenviertel-cap-west\/"},"author":{"name":"@dmin64","@id":"https:\/\/www.camping-baden.com\/de\/#\/schema\/person\/c6e510fdea074e9025407c05c7b117ed"},"headline":"Neues Themenviertel Cap West","datePublished":"2020-01-08T13:33:00+00:00","dateModified":"2024-11-11T08:28:27+00:00","mainEntityOfPage":{"@id":"https:\/\/www.camping-baden.com\/de\/neues-themenviertel-cap-west\/"},"wordCount":225,"publisher":{"@id":"https:\/\/www.camping-baden.com\/de\/#organization"},"image":{"@id":"https:\/\/www.camping-baden.com\/de\/neues-themenviertel-cap-west\/#primaryimage"},"thumbnailUrl":"https:\/\/www.camping-baden.com\/wp-content\/uploads\/2020\/01\/2020-juin-cap-west-MH-4p-2-800px_upscayl_2x_realesrgan-x4plus.webp","articleSection":["Nachrichten"],"inLanguage":"de"},{"@type":"WebPage","@id":"https:\/\/www.camping-baden.com\/de\/neues-themenviertel-cap-west\/","url":"https:\/\/www.camping-baden.com\/de\/neues-themenviertel-cap-west\/","name":"Neues Themenviertel Cap West","isPartOf":{"@id":"https:\/\/www.camping-baden.com\/de\/#website"},"primaryImageOfPage":{"@id":"https:\/\/www.camping-baden.com\/de\/neues-themenviertel-cap-west\/#primaryimage"},"image":{"@id":"https:\/\/www.camping-baden.com\/de\/neues-themenviertel-cap-west\/#primaryimage"},"thumbnailUrl":"https:\/\/www.camping-baden.com\/wp-content\/uploads\/2020\/01\/2020-juin-cap-west-MH-4p-2-800px_upscayl_2x_realesrgan-x4plus.webp","datePublished":"2020-01-08T13:33:00+00:00","dateModified":"2024-11-11T08:28:27+00:00","breadcrumb":{"@id":"https:\/\/www.camping-baden.com\/de\/neues-themenviertel-cap-west\/#breadcrumb"},"inLanguage":"de","potentialAction":[{"@type":"ReadAction","target":["https:\/\/www.camping-baden.com\/de\/neues-themenviertel-cap-west\/"]}]},{"@type":"ImageObject","inLanguage":"de","@id":"https:\/\/www.camping-baden.com\/de\/neues-themenviertel-cap-west\/#primaryimage","url":"https:\/\/www.camping-baden.com\/wp-content\/uploads\/2020\/01\/2020-juin-cap-west-MH-4p-2-800px_upscayl_2x_realesrgan-x4plus.webp","contentUrl":"https:\/\/www.camping-baden.com\/wp-content\/uploads\/2020\/01\/2020-juin-cap-west-MH-4p-2-800px_upscayl_2x_realesrgan-x4plus.webp","width":2000,"height":1333,"caption":"Juni Westkap MH"},{"@type":"BreadcrumbList","@id":"https:\/\/www.camping-baden.com\/de\/neues-themenviertel-cap-west\/#breadcrumb","itemListElement":[{"@type":"ListItem","position":1,"name":"Camping Golfe du Morbihan","item":"https:\/\/www.camping-baden.com\/de\/"},{"@type":"ListItem","position":2,"name":"Nachrichten","item":"https:\/\/www.camping-baden.com\/de\/nachrichten\/"},{"@type":"ListItem","position":3,"name":"Neues Themenviertel Cap West"}]},{"@type":"WebSite","@id":"https:\/\/www.camping-baden.com\/de\/#website","url":"https:\/\/www.camping-baden.com\/de\/","name":"Man\u00e9 Guernehu\u00e9","description":"","publisher":{"@id":"https:\/\/www.camping-baden.com\/de\/#organization"},"potentialAction":[{"@type":"SearchAction","target":{"@type":"EntryPoint","urlTemplate":"https:\/\/www.camping-baden.com\/de\/?s={search_term_string}"},"query-input":{"@type":"PropertyValueSpecification","valueRequired":true,"valueName":"search_term_string"}}],"inLanguage":"de"},{"@type":"Organization","@id":"https:\/\/www.camping-baden.com\/de\/#organization","name":"Man\u00e9 Guernehu\u00e9","url":"https:\/\/www.camping-baden.com\/de\/","logo":{"@type":"ImageObject","inLanguage":"de","@id":"https:\/\/www.camping-baden.com\/de\/#\/schema\/logo\/image\/","url":"https:\/\/www.camping-baden.com\/wp-content\/uploads\/2024\/08\/logo-camping-mane-guernehue.png","contentUrl":"https:\/\/www.camping-baden.com\/wp-content\/uploads\/2024\/08\/logo-camping-mane-guernehue.png","width":1000,"height":450,"caption":"Man\u00e9 Guernehu\u00e9"},"image":{"@id":"https:\/\/www.camping-baden.com\/de\/#\/schema\/logo\/image\/"}},{"@type":"Person","@id":"https:\/\/www.camping-baden.com\/de\/#\/schema\/person\/c6e510fdea074e9025407c05c7b117ed","name":"@dmin64","image":{"@type":"ImageObject","inLanguage":"de","@id":"https:\/\/www.camping-baden.com\/de\/#\/schema\/person\/image\/","url":"https:\/\/secure.gravatar.com\/avatar\/c139ef583a0e65260f6808f5628e6eca9fa8608b06e80bc14d5c39d32af667ca?s=96&d=mm&r=g","contentUrl":"https:\/\/secure.gravatar.com\/avatar\/c139ef583a0e65260f6808f5628e6eca9fa8608b06e80bc14d5c39d32af667ca?s=96&d=mm&r=g","caption":"@dmin64"},"sameAs":["https:\/\/www.camping-baden.com"]}]}},"_links":{"self":[{"href":"https:\/\/www.camping-baden.com\/de\/wp-json\/wp\/v2\/posts\/11873","targetHints":{"allow":["GET"]}}],"collection":[{"href":"https:\/\/www.camping-baden.com\/de\/wp-json\/wp\/v2\/posts"}],"about":[{"href":"https:\/\/www.camping-baden.com\/de\/wp-json\/wp\/v2\/types\/post"}],"author":[{"embeddable":true,"href":"https:\/\/www.camping-baden.com\/de\/wp-json\/wp\/v2\/users\/1"}],"replies":[{"embeddable":true,"href":"https:\/\/www.camping-baden.com\/de\/wp-json\/wp\/v2\/comments?post=11873"}],"version-history":[{"count":1,"href":"https:\/\/www.camping-baden.com\/de\/wp-json\/wp\/v2\/posts\/11873\/revisions"}],"predecessor-version":[{"id":11874,"href":"https:\/\/www.camping-baden.com\/de\/wp-json\/wp\/v2\/posts\/11873\/revisions\/11874"}],"wp:featuredmedia":[{"embeddable":true,"href":"https:\/\/www.camping-baden.com\/de\/wp-json\/wp\/v2\/media\/1223"}],"wp:attachment":[{"href":"https:\/\/www.camping-baden.com\/de\/wp-json\/wp\/v2\/media?parent=11873"}],"wp:term":[{"taxonomy":"category","embeddable":true,"href":"https:\/\/www.camping-baden.com\/de\/wp-json\/wp\/v2\/categories?post=11873"},{"taxonomy":"post_tag","embeddable":true,"href":"https:\/\/www.camping-baden.com\/de\/wp-json\/wp\/v2\/tags?post=11873"},{"taxonomy":"sujet","embeddable":true,"href":"https:\/\/www.camping-baden.com\/de\/wp-json\/wp\/v2\/sujet?post=11873"}],"curies":[{"name":"wp","href":"https:\/\/api.w.org\/{rel}","templated":true}]}}