{"id":11855,"date":"2017-04-24T12:05:00","date_gmt":"2017-04-24T10:05:00","guid":{"rendered":"https:\/\/www.camping-baden.com\/das-ikonische-golfe-du-morbihan-im-magazin-der-welt-der-freiheit\/"},"modified":"2024-11-11T09:28:31","modified_gmt":"2024-11-11T08:28:31","slug":"das-ikonische-golfe-du-morbihan-im-magazin-der-welt-der-freiheit","status":"publish","type":"post","link":"https:\/\/www.camping-baden.com\/de\/das-ikonische-golfe-du-morbihan-im-magazin-der-welt-der-freiheit\/","title":{"rendered":"Der unumg\u00e4ngliche Golf von Morbihan in der Zeitschrift Le Monde du Plein Air"},"content":{"rendered":"\n<div class=\"wp-block-columns is-layout-flex wp-container-core-columns-is-layout-9d6595d7 wp-block-columns-is-layout-flex\">\n<div class=\"wp-block-column is-layout-flow wp-block-column-is-layout-flow\" style=\"flex-basis:66.66%\">\n<h3 class=\"ls__heading wp-block-heading\">Lesenswert ist ein sehr sch\u00f6ner Artikel von St\u00e9phane Brochard im Magazin Le Monde du Plein Air Nr. 1 f\u00fcr Camping-Caravaning, Ausgabe Mai-Juni 2017.<\/h3>\n\n\n\n<p class=\"ls-paragraph\">Hier einige Ausz\u00fcge:<\/p>\n\n\n\n<h2 class=\"ls__heading wp-block-heading has-color-1-color has-text-color has-link-color wp-elements-1ac7bedabd943c9c6a835a9b8b827df2\">&#8222;Spezial am Meer: Der Golf von Morbihan, ein Rendezvous mit der Natur<\/h2>\n\n\n\n<h3 class=\"ls__heading wp-block-heading has-color-2-color has-text-color has-link-color wp-elements-215a2851e159556a3309bc71246be692\">Der unumg\u00e4ngliche Golf von Morbihan<\/h3>\n\n\n\n<p class=\"ls-paragraph\">Morbihan, das &#8222;kleine Meer&#8220; auf Bretonisch, birgt viele touristische Sch\u00e4tze, von denen jeder einen mehrt\u00e4gigen Aufenthalt verdient. Die hier unternommene Reise f\u00fchrt uns von den sanften Grash\u00e4ngen, die in Larmor-Baden in den Golf abfallen, \u00fcber die tragische Sch\u00f6nheit der Klippen an der wilden K\u00fcste von Belliloise, die tellurische Magie der Alignements von Carnac und die schlanken Str\u00e4nde der Bucht von Quiberon. <\/p>\n\n\n\n<h3 class=\"ls__heading wp-block-heading has-color-2-color has-text-color has-link-color wp-elements-6880f57a15dd01709281dff9c430e0fc\">S\u00fc\u00dfes Leben<\/h3>\n\n\n\n<p class=\"ls-paragraph\">Wohlbefinden und Sch\u00f6nheit &#8211; das ist es, was die wundersch\u00f6ne, relativ flache Landschaft von Larmor-Baden bis Carnac am besten charakterisiert. Diese Abfolge von kleinen Halbinseln mit ruhigen Str\u00e4nden, charmanten H\u00e4fen und grasbewachsenen H\u00e4ngen, die sich sanft bis zum Ozean erstrecken, vermittelt ein angenehmes Lebensgef\u00fchl. Ein Spaziergang entlang des K\u00fcstenpfades ist ein Muss. Die gezackte K\u00fcste bietet immer wieder neue Ausblicke.   <br\/>Die Entdeckung der bemerkenswert gut erhaltenen megalithischen St\u00e4tten ist immer ein Ereignis, da der Zauber noch Tausende von Jahren sp\u00e4ter wirkt. Viele H\u00e4fen, wie Bono, La Trinit\u00e9 oder Vannes, sind einen Besuch wert. Die Atmosph\u00e4re ist sehr angenehm, die Gesch\u00e4fte sind zahlreich und im Sommer gibt es viel Unterhaltung. Aber es ist nicht nur ein Ort der Entdeckung, sondern auch ein Ort, an dem es sich einfach gut leben l\u00e4sst. Das Klima ist mild, die Tourismuswirtschaft ist dynamisch und die hochwertige Infrastruktur erm\u00f6glicht den Empfang der vielen Urlauber, die sich jedes Jahr f\u00fcr dieses Ziel entscheiden.&#8220;&#8230;     <\/p>\n<\/div>\n\n\n\n<div class=\"wp-block-column is-layout-flow wp-block-column-is-layout-flow\" style=\"flex-basis:33.33%\">\n<figure class=\"wp-block-gallery has-nested-images columns-default is-cropped wp-block-gallery-1 is-layout-flex wp-block-gallery-is-layout-flex\">\n<figure class=\"wp-block-image size-large\"><a href=\"https:\/\/www.camping-baden.com\/wp-content\/uploads\/2024\/08\/ker-eden-monde-du-plein-air.webp\"><img decoding=\"async\" width=\"800\" height=\"539\" data-id=\"721\" src=\"https:\/\/www.camping-baden.com\/wp-content\/uploads\/2024\/08\/ker-eden-monde-du-plein-air.webp\" alt=\"ker-eden-monde-du-plein-air\" class=\"wp-image-721\" srcset=\"https:\/\/www.camping-baden.com\/wp-content\/uploads\/2024\/08\/ker-eden-monde-du-plein-air.webp 800w, https:\/\/www.camping-baden.com\/wp-content\/uploads\/2024\/08\/ker-eden-monde-du-plein-air-300x202.webp 300w, https:\/\/www.camping-baden.com\/wp-content\/uploads\/2024\/08\/ker-eden-monde-du-plein-air-768x517.webp 768w\" sizes=\"(max-width: 800px) 100vw, 800px\" \/><\/a><\/figure>\n\n\n\n<figure class=\"wp-block-image size-large\"><a href=\"https:\/\/www.camping-baden.com\/wp-content\/uploads\/2024\/08\/plein-air-golfe-du-morbihan-800px-2.webp\"><img decoding=\"async\" width=\"800\" height=\"539\" data-id=\"725\" src=\"https:\/\/www.camping-baden.com\/wp-content\/uploads\/2024\/08\/plein-air-golfe-du-morbihan-800px-2.webp\" alt=\"plein-air-golfe-du-morbihan-800px-2\" class=\"wp-image-725\" srcset=\"https:\/\/www.camping-baden.com\/wp-content\/uploads\/2024\/08\/plein-air-golfe-du-morbihan-800px-2.webp 800w, https:\/\/www.camping-baden.com\/wp-content\/uploads\/2024\/08\/plein-air-golfe-du-morbihan-800px-2-300x202.webp 300w, https:\/\/www.camping-baden.com\/wp-content\/uploads\/2024\/08\/plein-air-golfe-du-morbihan-800px-2-768x517.webp 768w\" sizes=\"(max-width: 800px) 100vw, 800px\" \/><\/a><\/figure>\n\n\n\n<figure class=\"wp-block-image size-large\"><a href=\"https:\/\/www.camping-baden.com\/wp-content\/uploads\/2024\/08\/magazine-camping-plein-air-800px-3-1.webp\"><img decoding=\"async\" width=\"800\" height=\"539\" data-id=\"733\" src=\"https:\/\/www.camping-baden.com\/wp-content\/uploads\/2024\/08\/magazine-camping-plein-air-800px-3-1.webp\" alt=\"magazine-camping-plein-air-800px-3-1\" class=\"wp-image-733\" srcset=\"https:\/\/www.camping-baden.com\/wp-content\/uploads\/2024\/08\/magazine-camping-plein-air-800px-3-1.webp 800w, https:\/\/www.camping-baden.com\/wp-content\/uploads\/2024\/08\/magazine-camping-plein-air-800px-3-1-300x202.webp 300w, https:\/\/www.camping-baden.com\/wp-content\/uploads\/2024\/08\/magazine-camping-plein-air-800px-3-1-768x517.webp 768w\" sizes=\"(max-width: 800px) 100vw, 800px\" \/><\/a><\/figure>\n\n\n\n<figure class=\"wp-block-image size-large\"><a href=\"https:\/\/www.camping-baden.com\/wp-content\/uploads\/2024\/08\/plein-air-golfe-du-morbihan-800px.webp\"><img decoding=\"async\" width=\"800\" height=\"539\" data-id=\"729\" src=\"https:\/\/www.camping-baden.com\/wp-content\/uploads\/2024\/08\/plein-air-golfe-du-morbihan-800px.webp\" alt=\"plein-air-golfe-du-morbihan-800px\" class=\"wp-image-729\" srcset=\"https:\/\/www.camping-baden.com\/wp-content\/uploads\/2024\/08\/plein-air-golfe-du-morbihan-800px.webp 800w, https:\/\/www.camping-baden.com\/wp-content\/uploads\/2024\/08\/plein-air-golfe-du-morbihan-800px-300x202.webp 300w, https:\/\/www.camping-baden.com\/wp-content\/uploads\/2024\/08\/plein-air-golfe-du-morbihan-800px-768x517.webp 768w\" sizes=\"(max-width: 800px) 100vw, 800px\" \/><\/a><figcaption class=\"wp-element-caption\">Das unumg\u00e4ngliche Golfe du Morbihan Magazin Le Monde du Plein Air<br\/><a href=\"javascript:;\"><\/a><\/figcaption><\/figure>\n<\/figure>\n<\/div>\n<\/div>\n\n<p class=\"ls-paragraph\">Die Fortsetzung in der Zeitschrift Le Monde du Plein Air Nr. 1 f\u00fcr Camping-Caravaning, zweimonatlich Nr. 136, Mai-Juni 2017.<br\/><\/p>\n","protected":false},"excerpt":{"rendered":"<p>Lesenswert ist ein sehr sch\u00f6ner Artikel von St\u00e9phane Brochard im Magazin Le Monde du Plein Air Nr. 1 f\u00fcr Camping-Caravaning, Ausgabe Mai-Juni 2017. Hier einige Ausz\u00fcge: &#8222;Spezial am Meer: Der Golf von Morbihan, ein Rendezvous mit der Natur Der unumg\u00e4ngliche Golf von Morbihan Morbihan, das &#8222;kleine Meer&#8220; auf Bretonisch, birgt viele touristische Sch\u00e4tze, von denen [&hellip;]<\/p>\n","protected":false},"author":1,"featured_media":2165,"comment_status":"closed","ping_status":"closed","sticky":false,"template":"","format":"standard","meta":{"_acf_changed":false,"footnotes":""},"categories":[206],"tags":[],"sujet":[],"class_list":["post-11855","post","type-post","status-publish","format-standard","has-post-thumbnail","hentry","category-nachrichten"],"acf":[],"yoast_head":"<!-- This site is optimized with the Yoast SEO plugin v25.3 - https:\/\/yoast.com\/wordpress\/plugins\/seo\/ -->\n<title>Der unumg\u00e4ngliche Golf von Morbihan in der Zeitschrift Le Monde du Plein Air<\/title>\n<meta name=\"robots\" content=\"index, follow, max-snippet:-1, max-image-preview:large, max-video-preview:-1\" \/>\n<link rel=\"canonical\" href=\"https:\/\/www.camping-baden.com\/de\/das-ikonische-golfe-du-morbihan-im-magazin-der-welt-der-freiheit\/\" \/>\n<meta property=\"og:locale\" content=\"de_DE\" \/>\n<meta property=\"og:type\" content=\"article\" \/>\n<meta property=\"og:title\" content=\"Der unumg\u00e4ngliche Golf von Morbihan in der Zeitschrift Le Monde du Plein Air\" \/>\n<meta property=\"og:description\" content=\"Lesenswert ist ein sehr sch\u00f6ner Artikel von St\u00e9phane Brochard im Magazin Le Monde du Plein Air Nr. 1 f\u00fcr Camping-Caravaning, Ausgabe Mai-Juni 2017. Hier einige Ausz\u00fcge: &#8222;Spezial am Meer: Der Golf von Morbihan, ein Rendezvous mit der Natur Der unumg\u00e4ngliche Golf von Morbihan Morbihan, das &#8222;kleine Meer&#8220; auf Bretonisch, birgt viele touristische Sch\u00e4tze, von denen [&hellip;]\" \/>\n<meta property=\"og:url\" content=\"https:\/\/www.camping-baden.com\/de\/das-ikonische-golfe-du-morbihan-im-magazin-der-welt-der-freiheit\/\" \/>\n<meta property=\"og:site_name\" content=\"Man\u00e9 Guernehu\u00e9\" \/>\n<meta property=\"article:published_time\" content=\"2017-04-24T10:05:00+00:00\" \/>\n<meta property=\"article:modified_time\" content=\"2024-11-11T08:28:31+00:00\" \/>\n<meta property=\"og:image\" content=\"https:\/\/www.camping-baden.com\/wp-content\/uploads\/2017\/04\/golfe-du-morbihan.webp\" \/>\n\t<meta property=\"og:image:width\" content=\"2000\" \/>\n\t<meta property=\"og:image:height\" content=\"1350\" \/>\n\t<meta property=\"og:image:type\" content=\"image\/webp\" \/>\n<meta name=\"author\" content=\"@dmin64\" \/>\n<meta name=\"twitter:card\" content=\"summary_large_image\" \/>\n<meta name=\"twitter:label1\" content=\"Verfasst von\" \/>\n\t<meta name=\"twitter:data1\" content=\"@dmin64\" \/>\n\t<meta name=\"twitter:label2\" content=\"Gesch\u00e4tzte Lesezeit\" \/>\n\t<meta name=\"twitter:data2\" content=\"2\u00a0Minuten\" \/>\n<script type=\"application\/ld+json\" class=\"yoast-schema-graph\">{\"@context\":\"https:\/\/schema.org\",\"@graph\":[{\"@type\":\"Article\",\"@id\":\"https:\/\/www.camping-baden.com\/de\/das-ikonische-golfe-du-morbihan-im-magazin-der-welt-der-freiheit\/#article\",\"isPartOf\":{\"@id\":\"https:\/\/www.camping-baden.com\/de\/das-ikonische-golfe-du-morbihan-im-magazin-der-welt-der-freiheit\/\"},\"author\":{\"name\":\"@dmin64\",\"@id\":\"https:\/\/www.camping-baden.com\/de\/#\/schema\/person\/c6e510fdea074e9025407c05c7b117ed\"},\"headline\":\"Der unumg\u00e4ngliche Golf von Morbihan in der Zeitschrift Le Monde du Plein Air\",\"datePublished\":\"2017-04-24T10:05:00+00:00\",\"dateModified\":\"2024-11-11T08:28:31+00:00\",\"mainEntityOfPage\":{\"@id\":\"https:\/\/www.camping-baden.com\/de\/das-ikonische-golfe-du-morbihan-im-magazin-der-welt-der-freiheit\/\"},\"wordCount\":332,\"publisher\":{\"@id\":\"https:\/\/www.camping-baden.com\/de\/#organization\"},\"image\":{\"@id\":\"https:\/\/www.camping-baden.com\/de\/das-ikonische-golfe-du-morbihan-im-magazin-der-welt-der-freiheit\/#primaryimage\"},\"thumbnailUrl\":\"https:\/\/www.camping-baden.com\/wp-content\/uploads\/2017\/04\/golfe-du-morbihan.webp\",\"articleSection\":[\"Nachrichten\"],\"inLanguage\":\"de\"},{\"@type\":\"WebPage\",\"@id\":\"https:\/\/www.camping-baden.com\/de\/das-ikonische-golfe-du-morbihan-im-magazin-der-welt-der-freiheit\/\",\"url\":\"https:\/\/www.camping-baden.com\/de\/das-ikonische-golfe-du-morbihan-im-magazin-der-welt-der-freiheit\/\",\"name\":\"Der unumg\u00e4ngliche Golf von Morbihan in der Zeitschrift Le Monde du Plein Air\",\"isPartOf\":{\"@id\":\"https:\/\/www.camping-baden.com\/de\/#website\"},\"primaryImageOfPage\":{\"@id\":\"https:\/\/www.camping-baden.com\/de\/das-ikonische-golfe-du-morbihan-im-magazin-der-welt-der-freiheit\/#primaryimage\"},\"image\":{\"@id\":\"https:\/\/www.camping-baden.com\/de\/das-ikonische-golfe-du-morbihan-im-magazin-der-welt-der-freiheit\/#primaryimage\"},\"thumbnailUrl\":\"https:\/\/www.camping-baden.com\/wp-content\/uploads\/2017\/04\/golfe-du-morbihan.webp\",\"datePublished\":\"2017-04-24T10:05:00+00:00\",\"dateModified\":\"2024-11-11T08:28:31+00:00\",\"breadcrumb\":{\"@id\":\"https:\/\/www.camping-baden.com\/de\/das-ikonische-golfe-du-morbihan-im-magazin-der-welt-der-freiheit\/#breadcrumb\"},\"inLanguage\":\"de\",\"potentialAction\":[{\"@type\":\"ReadAction\",\"target\":[\"https:\/\/www.camping-baden.com\/de\/das-ikonische-golfe-du-morbihan-im-magazin-der-welt-der-freiheit\/\"]}]},{\"@type\":\"ImageObject\",\"inLanguage\":\"de\",\"@id\":\"https:\/\/www.camping-baden.com\/de\/das-ikonische-golfe-du-morbihan-im-magazin-der-welt-der-freiheit\/#primaryimage\",\"url\":\"https:\/\/www.camping-baden.com\/wp-content\/uploads\/2017\/04\/golfe-du-morbihan.webp\",\"contentUrl\":\"https:\/\/www.camping-baden.com\/wp-content\/uploads\/2017\/04\/golfe-du-morbihan.webp\",\"width\":2000,\"height\":1350,\"caption\":\"Golf von Morbihan\"},{\"@type\":\"BreadcrumbList\",\"@id\":\"https:\/\/www.camping-baden.com\/de\/das-ikonische-golfe-du-morbihan-im-magazin-der-welt-der-freiheit\/#breadcrumb\",\"itemListElement\":[{\"@type\":\"ListItem\",\"position\":1,\"name\":\"Camping Golfe du Morbihan\",\"item\":\"https:\/\/www.camping-baden.com\/de\/\"},{\"@type\":\"ListItem\",\"position\":2,\"name\":\"Nachrichten\",\"item\":\"https:\/\/www.camping-baden.com\/de\/nachrichten\/\"},{\"@type\":\"ListItem\",\"position\":3,\"name\":\"Der unumg\u00e4ngliche Golf von Morbihan in der Zeitschrift Le Monde du Plein Air\"}]},{\"@type\":\"WebSite\",\"@id\":\"https:\/\/www.camping-baden.com\/de\/#website\",\"url\":\"https:\/\/www.camping-baden.com\/de\/\",\"name\":\"Man\u00e9 Guernehu\u00e9\",\"description\":\"\",\"publisher\":{\"@id\":\"https:\/\/www.camping-baden.com\/de\/#organization\"},\"potentialAction\":[{\"@type\":\"SearchAction\",\"target\":{\"@type\":\"EntryPoint\",\"urlTemplate\":\"https:\/\/www.camping-baden.com\/de\/?s={search_term_string}\"},\"query-input\":{\"@type\":\"PropertyValueSpecification\",\"valueRequired\":true,\"valueName\":\"search_term_string\"}}],\"inLanguage\":\"de\"},{\"@type\":\"Organization\",\"@id\":\"https:\/\/www.camping-baden.com\/de\/#organization\",\"name\":\"Man\u00e9 Guernehu\u00e9\",\"url\":\"https:\/\/www.camping-baden.com\/de\/\",\"logo\":{\"@type\":\"ImageObject\",\"inLanguage\":\"de\",\"@id\":\"https:\/\/www.camping-baden.com\/de\/#\/schema\/logo\/image\/\",\"url\":\"https:\/\/www.camping-baden.com\/wp-content\/uploads\/2024\/08\/logo-camping-mane-guernehue.png\",\"contentUrl\":\"https:\/\/www.camping-baden.com\/wp-content\/uploads\/2024\/08\/logo-camping-mane-guernehue.png\",\"width\":1000,\"height\":450,\"caption\":\"Man\u00e9 Guernehu\u00e9\"},\"image\":{\"@id\":\"https:\/\/www.camping-baden.com\/de\/#\/schema\/logo\/image\/\"}},{\"@type\":\"Person\",\"@id\":\"https:\/\/www.camping-baden.com\/de\/#\/schema\/person\/c6e510fdea074e9025407c05c7b117ed\",\"name\":\"@dmin64\",\"image\":{\"@type\":\"ImageObject\",\"inLanguage\":\"de\",\"@id\":\"https:\/\/www.camping-baden.com\/de\/#\/schema\/person\/image\/\",\"url\":\"https:\/\/secure.gravatar.com\/avatar\/c139ef583a0e65260f6808f5628e6eca9fa8608b06e80bc14d5c39d32af667ca?s=96&d=mm&r=g\",\"contentUrl\":\"https:\/\/secure.gravatar.com\/avatar\/c139ef583a0e65260f6808f5628e6eca9fa8608b06e80bc14d5c39d32af667ca?s=96&d=mm&r=g\",\"caption\":\"@dmin64\"},\"sameAs\":[\"https:\/\/www.camping-baden.com\"]}]}<\/script>\n<!-- \/ Yoast SEO plugin. -->","yoast_head_json":{"title":"Der unumg\u00e4ngliche Golf von Morbihan in der Zeitschrift Le Monde du Plein Air","robots":{"index":"index","follow":"follow","max-snippet":"max-snippet:-1","max-image-preview":"max-image-preview:large","max-video-preview":"max-video-preview:-1"},"canonical":"https:\/\/www.camping-baden.com\/de\/das-ikonische-golfe-du-morbihan-im-magazin-der-welt-der-freiheit\/","og_locale":"de_DE","og_type":"article","og_title":"Der unumg\u00e4ngliche Golf von Morbihan in der Zeitschrift Le Monde du Plein Air","og_description":"Lesenswert ist ein sehr sch\u00f6ner Artikel von St\u00e9phane Brochard im Magazin Le Monde du Plein Air Nr. 1 f\u00fcr Camping-Caravaning, Ausgabe Mai-Juni 2017. Hier einige Ausz\u00fcge: &#8222;Spezial am Meer: Der Golf von Morbihan, ein Rendezvous mit der Natur Der unumg\u00e4ngliche Golf von Morbihan Morbihan, das &#8222;kleine Meer&#8220; auf Bretonisch, birgt viele touristische Sch\u00e4tze, von denen [&hellip;]","og_url":"https:\/\/www.camping-baden.com\/de\/das-ikonische-golfe-du-morbihan-im-magazin-der-welt-der-freiheit\/","og_site_name":"Man\u00e9 Guernehu\u00e9","article_published_time":"2017-04-24T10:05:00+00:00","article_modified_time":"2024-11-11T08:28:31+00:00","og_image":[{"width":2000,"height":1350,"url":"https:\/\/www.camping-baden.com\/wp-content\/uploads\/2017\/04\/golfe-du-morbihan.webp","type":"image\/webp"}],"author":"@dmin64","twitter_card":"summary_large_image","twitter_misc":{"Verfasst von":"@dmin64","Gesch\u00e4tzte Lesezeit":"2\u00a0Minuten"},"schema":{"@context":"https:\/\/schema.org","@graph":[{"@type":"Article","@id":"https:\/\/www.camping-baden.com\/de\/das-ikonische-golfe-du-morbihan-im-magazin-der-welt-der-freiheit\/#article","isPartOf":{"@id":"https:\/\/www.camping-baden.com\/de\/das-ikonische-golfe-du-morbihan-im-magazin-der-welt-der-freiheit\/"},"author":{"name":"@dmin64","@id":"https:\/\/www.camping-baden.com\/de\/#\/schema\/person\/c6e510fdea074e9025407c05c7b117ed"},"headline":"Der unumg\u00e4ngliche Golf von Morbihan in der Zeitschrift Le Monde du Plein Air","datePublished":"2017-04-24T10:05:00+00:00","dateModified":"2024-11-11T08:28:31+00:00","mainEntityOfPage":{"@id":"https:\/\/www.camping-baden.com\/de\/das-ikonische-golfe-du-morbihan-im-magazin-der-welt-der-freiheit\/"},"wordCount":332,"publisher":{"@id":"https:\/\/www.camping-baden.com\/de\/#organization"},"image":{"@id":"https:\/\/www.camping-baden.com\/de\/das-ikonische-golfe-du-morbihan-im-magazin-der-welt-der-freiheit\/#primaryimage"},"thumbnailUrl":"https:\/\/www.camping-baden.com\/wp-content\/uploads\/2017\/04\/golfe-du-morbihan.webp","articleSection":["Nachrichten"],"inLanguage":"de"},{"@type":"WebPage","@id":"https:\/\/www.camping-baden.com\/de\/das-ikonische-golfe-du-morbihan-im-magazin-der-welt-der-freiheit\/","url":"https:\/\/www.camping-baden.com\/de\/das-ikonische-golfe-du-morbihan-im-magazin-der-welt-der-freiheit\/","name":"Der unumg\u00e4ngliche Golf von Morbihan in der Zeitschrift Le Monde du Plein Air","isPartOf":{"@id":"https:\/\/www.camping-baden.com\/de\/#website"},"primaryImageOfPage":{"@id":"https:\/\/www.camping-baden.com\/de\/das-ikonische-golfe-du-morbihan-im-magazin-der-welt-der-freiheit\/#primaryimage"},"image":{"@id":"https:\/\/www.camping-baden.com\/de\/das-ikonische-golfe-du-morbihan-im-magazin-der-welt-der-freiheit\/#primaryimage"},"thumbnailUrl":"https:\/\/www.camping-baden.com\/wp-content\/uploads\/2017\/04\/golfe-du-morbihan.webp","datePublished":"2017-04-24T10:05:00+00:00","dateModified":"2024-11-11T08:28:31+00:00","breadcrumb":{"@id":"https:\/\/www.camping-baden.com\/de\/das-ikonische-golfe-du-morbihan-im-magazin-der-welt-der-freiheit\/#breadcrumb"},"inLanguage":"de","potentialAction":[{"@type":"ReadAction","target":["https:\/\/www.camping-baden.com\/de\/das-ikonische-golfe-du-morbihan-im-magazin-der-welt-der-freiheit\/"]}]},{"@type":"ImageObject","inLanguage":"de","@id":"https:\/\/www.camping-baden.com\/de\/das-ikonische-golfe-du-morbihan-im-magazin-der-welt-der-freiheit\/#primaryimage","url":"https:\/\/www.camping-baden.com\/wp-content\/uploads\/2017\/04\/golfe-du-morbihan.webp","contentUrl":"https:\/\/www.camping-baden.com\/wp-content\/uploads\/2017\/04\/golfe-du-morbihan.webp","width":2000,"height":1350,"caption":"Golf von Morbihan"},{"@type":"BreadcrumbList","@id":"https:\/\/www.camping-baden.com\/de\/das-ikonische-golfe-du-morbihan-im-magazin-der-welt-der-freiheit\/#breadcrumb","itemListElement":[{"@type":"ListItem","position":1,"name":"Camping Golfe du Morbihan","item":"https:\/\/www.camping-baden.com\/de\/"},{"@type":"ListItem","position":2,"name":"Nachrichten","item":"https:\/\/www.camping-baden.com\/de\/nachrichten\/"},{"@type":"ListItem","position":3,"name":"Der unumg\u00e4ngliche Golf von Morbihan in der Zeitschrift Le Monde du Plein Air"}]},{"@type":"WebSite","@id":"https:\/\/www.camping-baden.com\/de\/#website","url":"https:\/\/www.camping-baden.com\/de\/","name":"Man\u00e9 Guernehu\u00e9","description":"","publisher":{"@id":"https:\/\/www.camping-baden.com\/de\/#organization"},"potentialAction":[{"@type":"SearchAction","target":{"@type":"EntryPoint","urlTemplate":"https:\/\/www.camping-baden.com\/de\/?s={search_term_string}"},"query-input":{"@type":"PropertyValueSpecification","valueRequired":true,"valueName":"search_term_string"}}],"inLanguage":"de"},{"@type":"Organization","@id":"https:\/\/www.camping-baden.com\/de\/#organization","name":"Man\u00e9 Guernehu\u00e9","url":"https:\/\/www.camping-baden.com\/de\/","logo":{"@type":"ImageObject","inLanguage":"de","@id":"https:\/\/www.camping-baden.com\/de\/#\/schema\/logo\/image\/","url":"https:\/\/www.camping-baden.com\/wp-content\/uploads\/2024\/08\/logo-camping-mane-guernehue.png","contentUrl":"https:\/\/www.camping-baden.com\/wp-content\/uploads\/2024\/08\/logo-camping-mane-guernehue.png","width":1000,"height":450,"caption":"Man\u00e9 Guernehu\u00e9"},"image":{"@id":"https:\/\/www.camping-baden.com\/de\/#\/schema\/logo\/image\/"}},{"@type":"Person","@id":"https:\/\/www.camping-baden.com\/de\/#\/schema\/person\/c6e510fdea074e9025407c05c7b117ed","name":"@dmin64","image":{"@type":"ImageObject","inLanguage":"de","@id":"https:\/\/www.camping-baden.com\/de\/#\/schema\/person\/image\/","url":"https:\/\/secure.gravatar.com\/avatar\/c139ef583a0e65260f6808f5628e6eca9fa8608b06e80bc14d5c39d32af667ca?s=96&d=mm&r=g","contentUrl":"https:\/\/secure.gravatar.com\/avatar\/c139ef583a0e65260f6808f5628e6eca9fa8608b06e80bc14d5c39d32af667ca?s=96&d=mm&r=g","caption":"@dmin64"},"sameAs":["https:\/\/www.camping-baden.com"]}]}},"_links":{"self":[{"href":"https:\/\/www.camping-baden.com\/de\/wp-json\/wp\/v2\/posts\/11855","targetHints":{"allow":["GET"]}}],"collection":[{"href":"https:\/\/www.camping-baden.com\/de\/wp-json\/wp\/v2\/posts"}],"about":[{"href":"https:\/\/www.camping-baden.com\/de\/wp-json\/wp\/v2\/types\/post"}],"author":[{"embeddable":true,"href":"https:\/\/www.camping-baden.com\/de\/wp-json\/wp\/v2\/users\/1"}],"replies":[{"embeddable":true,"href":"https:\/\/www.camping-baden.com\/de\/wp-json\/wp\/v2\/comments?post=11855"}],"version-history":[{"count":1,"href":"https:\/\/www.camping-baden.com\/de\/wp-json\/wp\/v2\/posts\/11855\/revisions"}],"predecessor-version":[{"id":11856,"href":"https:\/\/www.camping-baden.com\/de\/wp-json\/wp\/v2\/posts\/11855\/revisions\/11856"}],"wp:featuredmedia":[{"embeddable":true,"href":"https:\/\/www.camping-baden.com\/de\/wp-json\/wp\/v2\/media\/2165"}],"wp:attachment":[{"href":"https:\/\/www.camping-baden.com\/de\/wp-json\/wp\/v2\/media?parent=11855"}],"wp:term":[{"taxonomy":"category","embeddable":true,"href":"https:\/\/www.camping-baden.com\/de\/wp-json\/wp\/v2\/categories?post=11855"},{"taxonomy":"post_tag","embeddable":true,"href":"https:\/\/www.camping-baden.com\/de\/wp-json\/wp\/v2\/tags?post=11855"},{"taxonomy":"sujet","embeddable":true,"href":"https:\/\/www.camping-baden.com\/de\/wp-json\/wp\/v2\/sujet?post=11855"}],"curies":[{"name":"wp","href":"https:\/\/api.w.org\/{rel}","templated":true}]}}