{"id":11841,"date":"2019-02-27T10:56:00","date_gmt":"2019-02-27T09:56:00","guid":{"rendered":"https:\/\/www.camping-baden.com\/urlaub-in-der-sudlichen-bretagne-im-golf-von-morbihan\/"},"modified":"2024-11-11T09:28:30","modified_gmt":"2024-11-11T08:28:30","slug":"urlaub-in-der-sudlichen-bretagne-im-golf-von-morbihan","status":"publish","type":"post","link":"https:\/\/www.camping-baden.com\/de\/urlaub-in-der-sudlichen-bretagne-im-golf-von-morbihan\/","title":{"rendered":"Wie verbringen Sie am liebsten Ihren Urlaub in der S\u00fcdbretagne am Golf von Morbihan?"},"content":{"rendered":"\n<div id=\"ls-heading ls-titre-div-block_4358c15d4a5914e2de1932f4a9ea0446\" class=\"ls-titre-div aligncenter h2-like has-text-color has-color-2-color\" >\n    Kultururlaub, Entspannungsurlaub, Aktivurlaub: Sie haben die Wahl!<\/div>\n\n<div class=\"wp-block-columns is-layout-flex wp-container-core-columns-is-layout-9d6595d7 wp-block-columns-is-layout-flex\">\n<div class=\"wp-block-column is-layout-flow wp-block-column-is-layout-flow\">\n<h2 class=\"ls__heading wp-block-heading\">W\u00e4hlen Sie Ihre Unterkunft nach Ihren W\u00fcnschen!<\/h2>\n\n\n\n<ul class=\"ls-list ls-list-undefined wp-block-list\">\n<li><strong>Yelloh! Village Man\u00e9 Guernehu\u00e9 <\/strong>  : Campingplatz, Mietunterk\u00fcnfte.  <a href=\"https:\/\/www.camping-baden.com\/de\/vermietung-von-mobilheimen-baden\/\">Sehen Sie sich die Unterk\u00fcnfte an<\/a><\/li>\n\n\n\n<li><strong>Camping Ker Eden *** am Meer<\/strong>: Campingplatz, Mietunterk\u00fcnfte, neue ungew\u00f6hnliche Unterk\u00fcnfte Pod &amp; Coco Sweet. <a href=\"https:\/\/camping-larmorbaden.com\/\" target=\"_blank\" rel=\"noreferrer noopener\">Zur Webseite von Camping Ker Eden<\/a><\/li>\n\n\n\n<li><strong>Authentische Ferienh\u00e4user von Meriadec<\/strong> f\u00fcr 2 bis 14 Personen in einem alten, renovierten Bauernhof. <a href=\"https:\/\/www.camping-baden.com\/de\/ferienwohnung-mieten-baden\/\">Mehr \u00fcber die Ferienh\u00e4user<\/a><\/li>\n\n\n\n<li><strong>Villa de la Plage<\/strong> f\u00fcr 8 bis 10 Personen, mit Pool, 150m vom Strand entfernt. <a href=\"https:\/\/www.camping-baden.com\/de\/ferienwohnung-mieten-baden\/\">Mehr \u00fcber Villa de la Plage<\/a><\/li>\n\n\n\n<li><strong>Les Hauts de Toulvern, Ferien<\/strong> h\u00e4user mit <strong>dem \u00d6ko-Label<\/strong>: Urlaub im Herzen der Natur in einem Appartement f\u00fcr 2 bis 6 Personen. <a href=\"https:\/\/www.camping-baden.com\/de\/vermietung-oeko-unterkuenften-baden\/\">Weitere Informationen \u00fcber Les Hauts de Toulvern<\/a><\/li>\n<\/ul>\n\n\n\n<h2 class=\"ls__heading wp-block-heading\">Sind Sie gerne auf Reisen? Was gibt es Besseres als das Au\u00dfergew\u00f6hnliche? <\/h2>\n\n\n\n<ul class=\"ls-list ls-list-undefined wp-block-list\">\n<li><strong>Besichtigungen<\/strong>: Golf von Morbihan, Vannes, Auray, Saint-Goustan, megalithische St\u00e4tten&#8230;<\/li>\n\n\n\n<li><strong>Entdeckung der Inseln im Golf von Morbihan<\/strong>: Ile aux Moines, Arz, Sept-\u00eeles&#8230;<\/li>\n\n\n\n<li><strong>Kulturelle Veranstaltungen<\/strong>: Historische Feste, Jazz in Vannes, Interkulturelles Festival von Lorient&#8230; <a href=\"https:\/\/www.camping-baden.com\/de\/veranstaltungen-sommer-saison-golf-du-morbihan-segeln-festival-bretonische-folklore-konzert-tour-de-france\/\">Sehen Sie das Programm der Saison<\/a><\/li>\n\n\n\n<li><strong>Die Sportveranstaltungen<\/strong>: Ultra Marin raid, Paddle Trophy, Morbihan Challenge&#8230; <a href=\"https:\/\/www.camping-baden.com\/de\/veranstaltungen-sommer-saison-golf-du-morbihan-segeln-festival-bretonische-folklore-konzert-tour-de-france\/\">Sehen Sie die Sportereignisse<\/a><\/li>\n\n\n\n<li><strong>Lokale M\u00e4rkte<\/strong> <a href=\"https:\/\/www.camping-baden.com\/de\/tourismus-gastronomie-markte-lokale-baden\/\">Zu den lokalen M\u00e4rkten<\/a><\/li>\n<\/ul>\n\n\n\n<p class=\"ls-paragraph\"><strong>Ein Ereignis, das Sie nicht verpassen sollten: Die Golfwoche 27. Mai bis 2. Juni<\/strong>, das Fest des Wassersports und des klassischen Segelns im Golf von Morbihan! <a href=\"https:\/\/www.camping-baden.com\/de\/semaine-du-golfe-golf-woche-unterkunft\/\">mehr \u00fcber die Golfwoche<\/a><\/p>\n<\/div>\n\n\n\n<div class=\"wp-block-column is-vertically-aligned-center is-layout-flow wp-block-column-is-layout-flow\">\n<figure class=\"wp-block-gallery has-nested-images columns-default is-cropped wp-block-gallery-1 is-layout-flex wp-block-gallery-is-layout-flex\">\n<figure class=\"wp-block-image size-large\"><a href=\"https:\/\/www.camping-baden.com\/wp-content\/uploads\/2019\/02\/vacances-golfe-morbihan-detente-plage-800px.webp\"><img decoding=\"async\" width=\"800\" height=\"533\" data-id=\"927\" src=\"https:\/\/www.camping-baden.com\/wp-content\/uploads\/2019\/02\/vacances-golfe-morbihan-detente-plage-800px.webp\" alt=\"Urlaub Golf Morbihan Entspannung Strand px\" class=\"wp-image-927\" srcset=\"https:\/\/www.camping-baden.com\/wp-content\/uploads\/2019\/02\/vacances-golfe-morbihan-detente-plage-800px.webp 800w, https:\/\/www.camping-baden.com\/wp-content\/uploads\/2019\/02\/vacances-golfe-morbihan-detente-plage-800px-300x200.webp 300w, https:\/\/www.camping-baden.com\/wp-content\/uploads\/2019\/02\/vacances-golfe-morbihan-detente-plage-800px-768x512.webp 768w\" sizes=\"(max-width: 800px) 100vw, 800px\" \/><\/a><figcaption class=\"wp-element-caption\">Entspannungsurlaub im Golf von Morbihan<br\/><a href=\"javascript:;\"><\/a><\/figcaption><\/figure>\n\n\n\n<figure class=\"wp-block-image size-large\"><a href=\"https:\/\/www.camping-baden.com\/wp-content\/uploads\/2019\/02\/vacances-camping-mane-guernehue-800px.webp\"><img decoding=\"async\" width=\"800\" height=\"533\" data-id=\"915\" src=\"https:\/\/www.camping-baden.com\/wp-content\/uploads\/2019\/02\/vacances-camping-mane-guernehue-800px.webp\" alt=\"Urlaub auf dem Campingplatz Mane Guernehue px\" class=\"wp-image-915\" srcset=\"https:\/\/www.camping-baden.com\/wp-content\/uploads\/2019\/02\/vacances-camping-mane-guernehue-800px.webp 800w, https:\/\/www.camping-baden.com\/wp-content\/uploads\/2019\/02\/vacances-camping-mane-guernehue-800px-300x200.webp 300w, https:\/\/www.camping-baden.com\/wp-content\/uploads\/2019\/02\/vacances-camping-mane-guernehue-800px-768x512.webp 768w\" sizes=\"(max-width: 800px) 100vw, 800px\" \/><\/a><figcaption class=\"wp-element-caption\">Campingplatz Man\u00e9 Guernehu\u00e9<br\/><a href=\"javascript:;\"><\/a><\/figcaption><\/figure>\n\n\n\n<figure class=\"wp-block-image size-large\"><a href=\"https:\/\/www.camping-baden.com\/wp-content\/uploads\/2019\/02\/vacances-camping-ker-eden-800px.webp\"><img decoding=\"async\" width=\"800\" height=\"533\" data-id=\"911\" src=\"https:\/\/www.camping-baden.com\/wp-content\/uploads\/2019\/02\/vacances-camping-ker-eden-800px.webp\" alt=\"Urlaub auf dem Campingplatz Ker Eden Px\" class=\"wp-image-911\" srcset=\"https:\/\/www.camping-baden.com\/wp-content\/uploads\/2019\/02\/vacances-camping-ker-eden-800px.webp 800w, https:\/\/www.camping-baden.com\/wp-content\/uploads\/2019\/02\/vacances-camping-ker-eden-800px-300x200.webp 300w, https:\/\/www.camping-baden.com\/wp-content\/uploads\/2019\/02\/vacances-camping-ker-eden-800px-768x512.webp 768w\" sizes=\"(max-width: 800px) 100vw, 800px\" \/><\/a><figcaption class=\"wp-element-caption\">Campingplatz Ker Eden Die F\u00fc\u00dfe im Wasser am Meer<br\/><a href=\"javascript:;\"><\/a><\/figcaption><\/figure>\n\n\n\n<figure class=\"wp-block-image size-large\"><a href=\"https:\/\/www.camping-baden.com\/wp-content\/uploads\/2019\/02\/vacances-golfe-morbihan-actives-800px.webp\"><img decoding=\"async\" width=\"800\" height=\"533\" data-id=\"919\" src=\"https:\/\/www.camping-baden.com\/wp-content\/uploads\/2019\/02\/vacances-golfe-morbihan-actives-800px.webp\" alt=\"Urlaub Golf Morbihan aktiv px\" class=\"wp-image-919\" srcset=\"https:\/\/www.camping-baden.com\/wp-content\/uploads\/2019\/02\/vacances-golfe-morbihan-actives-800px.webp 800w, https:\/\/www.camping-baden.com\/wp-content\/uploads\/2019\/02\/vacances-golfe-morbihan-actives-800px-300x200.webp 300w, https:\/\/www.camping-baden.com\/wp-content\/uploads\/2019\/02\/vacances-golfe-morbihan-actives-800px-768x512.webp 768w\" sizes=\"(max-width: 800px) 100vw, 800px\" \/><\/a><figcaption class=\"wp-element-caption\">Aktivurlaub im Golf von Morbihan<br\/><a href=\"javascript:;\"><\/a><\/figcaption><\/figure>\n\n\n\n<figure class=\"wp-block-image size-large\"><a href=\"https:\/\/www.camping-baden.com\/wp-content\/uploads\/2019\/02\/gites-de-meriadec-800px.webp\"><img decoding=\"async\" width=\"800\" height=\"533\" data-id=\"907\" src=\"https:\/\/www.camping-baden.com\/wp-content\/uploads\/2019\/02\/gites-de-meriadec-800px.webp\" alt=\"ferienwohnungen meriadec px\" class=\"wp-image-907\" srcset=\"https:\/\/www.camping-baden.com\/wp-content\/uploads\/2019\/02\/gites-de-meriadec-800px.webp 800w, https:\/\/www.camping-baden.com\/wp-content\/uploads\/2019\/02\/gites-de-meriadec-800px-300x200.webp 300w, https:\/\/www.camping-baden.com\/wp-content\/uploads\/2019\/02\/gites-de-meriadec-800px-768x512.webp 768w\" sizes=\"(max-width: 800px) 100vw, 800px\" \/><\/a><figcaption class=\"wp-element-caption\">Die authentischen Ferienh\u00e4user von Meriadec<br\/><a href=\"javascript:;\"><\/a><\/figcaption><\/figure>\n\n\n\n<figure class=\"wp-block-image size-large\"><a href=\"https:\/\/www.camping-baden.com\/wp-content\/uploads\/2019\/02\/vacances-les-hauts-de-toulvern-800px.webp\"><img decoding=\"async\" width=\"800\" height=\"533\" data-id=\"931\" src=\"https:\/\/www.camping-baden.com\/wp-content\/uploads\/2019\/02\/vacances-les-hauts-de-toulvern-800px.webp\" alt=\"Urlaub les hauts de toulvern px\" class=\"wp-image-931\" srcset=\"https:\/\/www.camping-baden.com\/wp-content\/uploads\/2019\/02\/vacances-les-hauts-de-toulvern-800px.webp 800w, https:\/\/www.camping-baden.com\/wp-content\/uploads\/2019\/02\/vacances-les-hauts-de-toulvern-800px-300x200.webp 300w, https:\/\/www.camping-baden.com\/wp-content\/uploads\/2019\/02\/vacances-les-hauts-de-toulvern-800px-768x512.webp 768w\" sizes=\"(max-width: 800px) 100vw, 800px\" \/><\/a><figcaption class=\"wp-element-caption\">Ferienh\u00e4user mit dem \u00d6kolabel Les Hauts de Toulvern<br\/><a href=\"javascript:;\"><\/a><\/figcaption><\/figure>\n\n\n\n<figure class=\"wp-block-image size-large\"><a href=\"https:\/\/www.camping-baden.com\/wp-content\/uploads\/2019\/02\/vacances-golfe-morbihan-culture-800px.webp\"><img decoding=\"async\" width=\"800\" height=\"533\" data-id=\"923\" src=\"https:\/\/www.camping-baden.com\/wp-content\/uploads\/2019\/02\/vacances-golfe-morbihan-culture-800px.webp\" alt=\"Urlaub Golf Morbihan Kultur px\" class=\"wp-image-923\" srcset=\"https:\/\/www.camping-baden.com\/wp-content\/uploads\/2019\/02\/vacances-golfe-morbihan-culture-800px.webp 800w, https:\/\/www.camping-baden.com\/wp-content\/uploads\/2019\/02\/vacances-golfe-morbihan-culture-800px-300x200.webp 300w, https:\/\/www.camping-baden.com\/wp-content\/uploads\/2019\/02\/vacances-golfe-morbihan-culture-800px-768x512.webp 768w\" sizes=\"(max-width: 800px) 100vw, 800px\" \/><\/a><figcaption class=\"wp-element-caption\">Urlaub im Golf von Morbihan<br\/><a href=\"javascript:;\"><\/a><\/figcaption><\/figure>\n<\/figure>\n<\/div>\n<\/div>\n\n<h2 class=\"ls__heading wp-block-heading\">M\u00f6gen Sie Entspannung? Bevorzugen Sie den Strand oder ein Spa? <\/h2>\n\n<ul class=\"ls-list ls-list-undefined wp-block-list\">\n<li><strong>Die Str\u00e4nde des Golfs von Morbihan<\/strong>: ruhige und wilde Sandstr\u00e4nde, ruhiges und temperiertes Wasser. <a href=\"https:\/\/www.camping-baden.com\/de\/tourismus-baden-larmor-baden\/\">Weitere Informationen<\/a><\/li>\n\n\n\n<li><strong>Die Str\u00e4nde der Bucht von Quiberon<\/strong>: gro\u00dfe Fl\u00e4chen feinen Sandes, die Wellen des Ozeans. <a href=\"https:\/\/www.camping-baden.com\/de\/tourismus-carnac-baie-de-quiberon\/\">Weitere Informationen<\/a><\/li>\n\n\n\n<li><strong>Spa Douc&#8217;heure du Golfe<\/strong>: Aqua-Zen-Bereich, Gesichts- und K\u00f6rperbehandlungen&#8230; <a href=\"https:\/\/www.camping-baden.com\/de\/campingplatz-spa-wohlbefinden-baden\/\">Weitere<\/a> Informationen<\/li>\n<\/ul>\n\n<h2 class=\"ls__heading wp-block-heading\">Bewegen Sie sich gerne? Dann machen Sie sich auf den Weg zu einer Vielzahl von Aktivit\u00e4ten! <\/h2>\n\n<ul class=\"ls-list ls-list-undefined wp-block-list\">\n<li><strong>Naturaktivit\u00e4ten im Golf von Morbihan<\/strong>: Wandern auf den K\u00fcstenpfaden, Radfahren, Segeln, Kajakfahren&#8230; <a href=\"https:\/\/www.camping-baden.com\/de\/tourismus-golf-von-morbihan\/\">mehr erfahren<\/a><\/li>\n\n\n\n<li><strong>Reiten im Reitzentrum Man\u00e9 Guernehu\u00e9<\/strong>: Kurse, Praktika, Ponyreiten f\u00fcr die J\u00fcngsten, betreute Ausritte&#8230; <a href=\"https:\/\/www.camping-baden.com\/de\/reitzentrum-baden\/\">mehr \u00fcber das Reitzentrum<\/a><\/li>\n\n\n\n<li><strong>Aktivit\u00e4ten auf dem Campingplatz Man\u00e9 Guernehu\u00e9<\/strong>: Wasserpark, Aquapark, beheiztes Hallenbad, Spielpl\u00e4tze, gro\u00dfe Trampoline, Minigolf, Seilrutsche, Kinderclubs, Abendveranstaltungen&#8230; <a href=\"https:\/\/www.camping-baden.com\/de\/camping-aktivitaeten-kinder-jugendliche-baden\/\">Siehe Spiele &amp; Aktivit\u00e4ten<\/a><br\/>Neu in Man\u00e9 Guernehu\u00e9: <a href=\"https:\/\/www.camping-baden.com\/nouveau-trampoforest-parcours-accrobranche-activite-famille\/\">Der Tramp\u00d4forest\u00ae<\/a>!<\/li>\n\n\n\n<li><strong>Aktivit\u00e4ten auf dem Campingplatz Ker Eden<\/strong>: neuer Pool, neuer Spielplatz, gro\u00dfe Trampoline, Tischtennis, Multisportplatz, Spiel und Entspannung am Strand, K\u00fcstenpfad &#8230; <a href=\"https:\/\/camping-larmorbaden.com\/\" target=\"_blank\" rel=\"noreferrer noopener\">Zur Webseite des Campingplatzes Ker Eden<\/a><\/li>\n<\/ul>\n","protected":false},"excerpt":{"rendered":"<p>W\u00e4hlen Sie Ihre Unterkunft nach Ihren W\u00fcnschen! Sind Sie gerne auf Reisen? Was gibt es Besseres als das Au\u00dfergew\u00f6hnliche? Ein Ereignis, das Sie nicht verpassen sollten: Die Golfwoche 27. Mai bis 2. Juni, das Fest des Wassersports und des klassischen Segelns im Golf von Morbihan! mehr \u00fcber die Golfwoche M\u00f6gen Sie Entspannung? Bevorzugen Sie den [&hellip;]<\/p>\n","protected":false},"author":1,"featured_media":2160,"comment_status":"closed","ping_status":"closed","sticky":false,"template":"","format":"standard","meta":{"_acf_changed":false,"footnotes":""},"categories":[206],"tags":[],"sujet":[],"class_list":["post-11841","post","type-post","status-publish","format-standard","has-post-thumbnail","hentry","category-nachrichten"],"acf":[],"yoast_head":"<!-- This site is optimized with the Yoast SEO plugin v25.3 - https:\/\/yoast.com\/wordpress\/plugins\/seo\/ -->\n<title>Ihr Urlaub in der S\u00fcdbretagne im Golf von Morbihan<\/title>\n<meta name=\"robots\" content=\"index, follow, max-snippet:-1, max-image-preview:large, max-video-preview:-1\" \/>\n<link rel=\"canonical\" href=\"https:\/\/www.camping-baden.com\/de\/urlaub-in-der-sudlichen-bretagne-im-golf-von-morbihan\/\" \/>\n<meta property=\"og:locale\" content=\"de_DE\" \/>\n<meta property=\"og:type\" content=\"article\" \/>\n<meta property=\"og:title\" content=\"Ihr Urlaub in der S\u00fcdbretagne im Golf von Morbihan\" \/>\n<meta property=\"og:description\" content=\"W\u00e4hlen Sie Ihre Unterkunft nach Ihren W\u00fcnschen! Sind Sie gerne auf Reisen? Was gibt es Besseres als das Au\u00dfergew\u00f6hnliche? Ein Ereignis, das Sie nicht verpassen sollten: Die Golfwoche 27. Mai bis 2. Juni, das Fest des Wassersports und des klassischen Segelns im Golf von Morbihan! mehr \u00fcber die Golfwoche M\u00f6gen Sie Entspannung? Bevorzugen Sie den [&hellip;]\" \/>\n<meta property=\"og:url\" content=\"https:\/\/www.camping-baden.com\/de\/urlaub-in-der-sudlichen-bretagne-im-golf-von-morbihan\/\" \/>\n<meta property=\"og:site_name\" content=\"Man\u00e9 Guernehu\u00e9\" \/>\n<meta property=\"article:published_time\" content=\"2019-02-27T09:56:00+00:00\" \/>\n<meta property=\"article:modified_time\" content=\"2024-11-11T08:28:30+00:00\" \/>\n<meta property=\"og:image\" content=\"https:\/\/www.camping-baden.com\/wp-content\/uploads\/2019\/02\/vacances-bretagne-sud_Martin-VIEZZER.webp\" \/>\n\t<meta property=\"og:image:width\" content=\"2000\" \/>\n\t<meta property=\"og:image:height\" content=\"1335\" \/>\n\t<meta property=\"og:image:type\" content=\"image\/webp\" \/>\n<meta name=\"author\" content=\"@dmin64\" \/>\n<meta name=\"twitter:card\" content=\"summary_large_image\" \/>\n<meta name=\"twitter:label1\" content=\"Verfasst von\" \/>\n\t<meta name=\"twitter:data1\" content=\"@dmin64\" \/>\n\t<meta name=\"twitter:label2\" content=\"Gesch\u00e4tzte Lesezeit\" \/>\n\t<meta name=\"twitter:data2\" content=\"2\u00a0Minuten\" \/>\n<script type=\"application\/ld+json\" class=\"yoast-schema-graph\">{\"@context\":\"https:\/\/schema.org\",\"@graph\":[{\"@type\":\"Article\",\"@id\":\"https:\/\/www.camping-baden.com\/de\/urlaub-in-der-sudlichen-bretagne-im-golf-von-morbihan\/#article\",\"isPartOf\":{\"@id\":\"https:\/\/www.camping-baden.com\/de\/urlaub-in-der-sudlichen-bretagne-im-golf-von-morbihan\/\"},\"author\":{\"name\":\"@dmin64\",\"@id\":\"https:\/\/www.camping-baden.com\/de\/#\/schema\/person\/c6e510fdea074e9025407c05c7b117ed\"},\"headline\":\"Wie verbringen Sie am liebsten Ihren Urlaub in der S\u00fcdbretagne am Golf von Morbihan?\",\"datePublished\":\"2019-02-27T09:56:00+00:00\",\"dateModified\":\"2024-11-11T08:28:30+00:00\",\"mainEntityOfPage\":{\"@id\":\"https:\/\/www.camping-baden.com\/de\/urlaub-in-der-sudlichen-bretagne-im-golf-von-morbihan\/\"},\"wordCount\":448,\"publisher\":{\"@id\":\"https:\/\/www.camping-baden.com\/de\/#organization\"},\"image\":{\"@id\":\"https:\/\/www.camping-baden.com\/de\/urlaub-in-der-sudlichen-bretagne-im-golf-von-morbihan\/#primaryimage\"},\"thumbnailUrl\":\"https:\/\/www.camping-baden.com\/wp-content\/uploads\/2019\/02\/vacances-bretagne-sud_Martin-VIEZZER.webp\",\"articleSection\":[\"Nachrichten\"],\"inLanguage\":\"de\"},{\"@type\":\"WebPage\",\"@id\":\"https:\/\/www.camping-baden.com\/de\/urlaub-in-der-sudlichen-bretagne-im-golf-von-morbihan\/\",\"url\":\"https:\/\/www.camping-baden.com\/de\/urlaub-in-der-sudlichen-bretagne-im-golf-von-morbihan\/\",\"name\":\"Ihr Urlaub in der S\u00fcdbretagne im Golf von Morbihan\",\"isPartOf\":{\"@id\":\"https:\/\/www.camping-baden.com\/de\/#website\"},\"primaryImageOfPage\":{\"@id\":\"https:\/\/www.camping-baden.com\/de\/urlaub-in-der-sudlichen-bretagne-im-golf-von-morbihan\/#primaryimage\"},\"image\":{\"@id\":\"https:\/\/www.camping-baden.com\/de\/urlaub-in-der-sudlichen-bretagne-im-golf-von-morbihan\/#primaryimage\"},\"thumbnailUrl\":\"https:\/\/www.camping-baden.com\/wp-content\/uploads\/2019\/02\/vacances-bretagne-sud_Martin-VIEZZER.webp\",\"datePublished\":\"2019-02-27T09:56:00+00:00\",\"dateModified\":\"2024-11-11T08:28:30+00:00\",\"breadcrumb\":{\"@id\":\"https:\/\/www.camping-baden.com\/de\/urlaub-in-der-sudlichen-bretagne-im-golf-von-morbihan\/#breadcrumb\"},\"inLanguage\":\"de\",\"potentialAction\":[{\"@type\":\"ReadAction\",\"target\":[\"https:\/\/www.camping-baden.com\/de\/urlaub-in-der-sudlichen-bretagne-im-golf-von-morbihan\/\"]}]},{\"@type\":\"ImageObject\",\"inLanguage\":\"de\",\"@id\":\"https:\/\/www.camping-baden.com\/de\/urlaub-in-der-sudlichen-bretagne-im-golf-von-morbihan\/#primaryimage\",\"url\":\"https:\/\/www.camping-baden.com\/wp-content\/uploads\/2019\/02\/vacances-bretagne-sud_Martin-VIEZZER.webp\",\"contentUrl\":\"https:\/\/www.camping-baden.com\/wp-content\/uploads\/2019\/02\/vacances-bretagne-sud_Martin-VIEZZER.webp\",\"width\":2000,\"height\":1335,\"caption\":\"Urlaub in der Bretagne S\u00fcd Martin VIEZZER\"},{\"@type\":\"BreadcrumbList\",\"@id\":\"https:\/\/www.camping-baden.com\/de\/urlaub-in-der-sudlichen-bretagne-im-golf-von-morbihan\/#breadcrumb\",\"itemListElement\":[{\"@type\":\"ListItem\",\"position\":1,\"name\":\"Camping Golfe du Morbihan\",\"item\":\"https:\/\/www.camping-baden.com\/de\/\"},{\"@type\":\"ListItem\",\"position\":2,\"name\":\"Nachrichten\",\"item\":\"https:\/\/www.camping-baden.com\/de\/nachrichten\/\"},{\"@type\":\"ListItem\",\"position\":3,\"name\":\"Wie verbringen Sie am liebsten Ihren Urlaub in der S\u00fcdbretagne am Golf von Morbihan?\"}]},{\"@type\":\"WebSite\",\"@id\":\"https:\/\/www.camping-baden.com\/de\/#website\",\"url\":\"https:\/\/www.camping-baden.com\/de\/\",\"name\":\"Man\u00e9 Guernehu\u00e9\",\"description\":\"\",\"publisher\":{\"@id\":\"https:\/\/www.camping-baden.com\/de\/#organization\"},\"potentialAction\":[{\"@type\":\"SearchAction\",\"target\":{\"@type\":\"EntryPoint\",\"urlTemplate\":\"https:\/\/www.camping-baden.com\/de\/?s={search_term_string}\"},\"query-input\":{\"@type\":\"PropertyValueSpecification\",\"valueRequired\":true,\"valueName\":\"search_term_string\"}}],\"inLanguage\":\"de\"},{\"@type\":\"Organization\",\"@id\":\"https:\/\/www.camping-baden.com\/de\/#organization\",\"name\":\"Man\u00e9 Guernehu\u00e9\",\"url\":\"https:\/\/www.camping-baden.com\/de\/\",\"logo\":{\"@type\":\"ImageObject\",\"inLanguage\":\"de\",\"@id\":\"https:\/\/www.camping-baden.com\/de\/#\/schema\/logo\/image\/\",\"url\":\"https:\/\/www.camping-baden.com\/wp-content\/uploads\/2024\/08\/logo-camping-mane-guernehue.png\",\"contentUrl\":\"https:\/\/www.camping-baden.com\/wp-content\/uploads\/2024\/08\/logo-camping-mane-guernehue.png\",\"width\":1000,\"height\":450,\"caption\":\"Man\u00e9 Guernehu\u00e9\"},\"image\":{\"@id\":\"https:\/\/www.camping-baden.com\/de\/#\/schema\/logo\/image\/\"}},{\"@type\":\"Person\",\"@id\":\"https:\/\/www.camping-baden.com\/de\/#\/schema\/person\/c6e510fdea074e9025407c05c7b117ed\",\"name\":\"@dmin64\",\"image\":{\"@type\":\"ImageObject\",\"inLanguage\":\"de\",\"@id\":\"https:\/\/www.camping-baden.com\/de\/#\/schema\/person\/image\/\",\"url\":\"https:\/\/secure.gravatar.com\/avatar\/c139ef583a0e65260f6808f5628e6eca9fa8608b06e80bc14d5c39d32af667ca?s=96&d=mm&r=g\",\"contentUrl\":\"https:\/\/secure.gravatar.com\/avatar\/c139ef583a0e65260f6808f5628e6eca9fa8608b06e80bc14d5c39d32af667ca?s=96&d=mm&r=g\",\"caption\":\"@dmin64\"},\"sameAs\":[\"https:\/\/www.camping-baden.com\"]}]}<\/script>\n<!-- \/ Yoast SEO plugin. -->","yoast_head_json":{"title":"Ihr Urlaub in der S\u00fcdbretagne im Golf von Morbihan","robots":{"index":"index","follow":"follow","max-snippet":"max-snippet:-1","max-image-preview":"max-image-preview:large","max-video-preview":"max-video-preview:-1"},"canonical":"https:\/\/www.camping-baden.com\/de\/urlaub-in-der-sudlichen-bretagne-im-golf-von-morbihan\/","og_locale":"de_DE","og_type":"article","og_title":"Ihr Urlaub in der S\u00fcdbretagne im Golf von Morbihan","og_description":"W\u00e4hlen Sie Ihre Unterkunft nach Ihren W\u00fcnschen! Sind Sie gerne auf Reisen? Was gibt es Besseres als das Au\u00dfergew\u00f6hnliche? Ein Ereignis, das Sie nicht verpassen sollten: Die Golfwoche 27. Mai bis 2. Juni, das Fest des Wassersports und des klassischen Segelns im Golf von Morbihan! mehr \u00fcber die Golfwoche M\u00f6gen Sie Entspannung? Bevorzugen Sie den [&hellip;]","og_url":"https:\/\/www.camping-baden.com\/de\/urlaub-in-der-sudlichen-bretagne-im-golf-von-morbihan\/","og_site_name":"Man\u00e9 Guernehu\u00e9","article_published_time":"2019-02-27T09:56:00+00:00","article_modified_time":"2024-11-11T08:28:30+00:00","og_image":[{"width":2000,"height":1335,"url":"https:\/\/www.camping-baden.com\/wp-content\/uploads\/2019\/02\/vacances-bretagne-sud_Martin-VIEZZER.webp","type":"image\/webp"}],"author":"@dmin64","twitter_card":"summary_large_image","twitter_misc":{"Verfasst von":"@dmin64","Gesch\u00e4tzte Lesezeit":"2\u00a0Minuten"},"schema":{"@context":"https:\/\/schema.org","@graph":[{"@type":"Article","@id":"https:\/\/www.camping-baden.com\/de\/urlaub-in-der-sudlichen-bretagne-im-golf-von-morbihan\/#article","isPartOf":{"@id":"https:\/\/www.camping-baden.com\/de\/urlaub-in-der-sudlichen-bretagne-im-golf-von-morbihan\/"},"author":{"name":"@dmin64","@id":"https:\/\/www.camping-baden.com\/de\/#\/schema\/person\/c6e510fdea074e9025407c05c7b117ed"},"headline":"Wie verbringen Sie am liebsten Ihren Urlaub in der S\u00fcdbretagne am Golf von Morbihan?","datePublished":"2019-02-27T09:56:00+00:00","dateModified":"2024-11-11T08:28:30+00:00","mainEntityOfPage":{"@id":"https:\/\/www.camping-baden.com\/de\/urlaub-in-der-sudlichen-bretagne-im-golf-von-morbihan\/"},"wordCount":448,"publisher":{"@id":"https:\/\/www.camping-baden.com\/de\/#organization"},"image":{"@id":"https:\/\/www.camping-baden.com\/de\/urlaub-in-der-sudlichen-bretagne-im-golf-von-morbihan\/#primaryimage"},"thumbnailUrl":"https:\/\/www.camping-baden.com\/wp-content\/uploads\/2019\/02\/vacances-bretagne-sud_Martin-VIEZZER.webp","articleSection":["Nachrichten"],"inLanguage":"de"},{"@type":"WebPage","@id":"https:\/\/www.camping-baden.com\/de\/urlaub-in-der-sudlichen-bretagne-im-golf-von-morbihan\/","url":"https:\/\/www.camping-baden.com\/de\/urlaub-in-der-sudlichen-bretagne-im-golf-von-morbihan\/","name":"Ihr Urlaub in der S\u00fcdbretagne im Golf von Morbihan","isPartOf":{"@id":"https:\/\/www.camping-baden.com\/de\/#website"},"primaryImageOfPage":{"@id":"https:\/\/www.camping-baden.com\/de\/urlaub-in-der-sudlichen-bretagne-im-golf-von-morbihan\/#primaryimage"},"image":{"@id":"https:\/\/www.camping-baden.com\/de\/urlaub-in-der-sudlichen-bretagne-im-golf-von-morbihan\/#primaryimage"},"thumbnailUrl":"https:\/\/www.camping-baden.com\/wp-content\/uploads\/2019\/02\/vacances-bretagne-sud_Martin-VIEZZER.webp","datePublished":"2019-02-27T09:56:00+00:00","dateModified":"2024-11-11T08:28:30+00:00","breadcrumb":{"@id":"https:\/\/www.camping-baden.com\/de\/urlaub-in-der-sudlichen-bretagne-im-golf-von-morbihan\/#breadcrumb"},"inLanguage":"de","potentialAction":[{"@type":"ReadAction","target":["https:\/\/www.camping-baden.com\/de\/urlaub-in-der-sudlichen-bretagne-im-golf-von-morbihan\/"]}]},{"@type":"ImageObject","inLanguage":"de","@id":"https:\/\/www.camping-baden.com\/de\/urlaub-in-der-sudlichen-bretagne-im-golf-von-morbihan\/#primaryimage","url":"https:\/\/www.camping-baden.com\/wp-content\/uploads\/2019\/02\/vacances-bretagne-sud_Martin-VIEZZER.webp","contentUrl":"https:\/\/www.camping-baden.com\/wp-content\/uploads\/2019\/02\/vacances-bretagne-sud_Martin-VIEZZER.webp","width":2000,"height":1335,"caption":"Urlaub in der Bretagne S\u00fcd Martin VIEZZER"},{"@type":"BreadcrumbList","@id":"https:\/\/www.camping-baden.com\/de\/urlaub-in-der-sudlichen-bretagne-im-golf-von-morbihan\/#breadcrumb","itemListElement":[{"@type":"ListItem","position":1,"name":"Camping Golfe du Morbihan","item":"https:\/\/www.camping-baden.com\/de\/"},{"@type":"ListItem","position":2,"name":"Nachrichten","item":"https:\/\/www.camping-baden.com\/de\/nachrichten\/"},{"@type":"ListItem","position":3,"name":"Wie verbringen Sie am liebsten Ihren Urlaub in der S\u00fcdbretagne am Golf von Morbihan?"}]},{"@type":"WebSite","@id":"https:\/\/www.camping-baden.com\/de\/#website","url":"https:\/\/www.camping-baden.com\/de\/","name":"Man\u00e9 Guernehu\u00e9","description":"","publisher":{"@id":"https:\/\/www.camping-baden.com\/de\/#organization"},"potentialAction":[{"@type":"SearchAction","target":{"@type":"EntryPoint","urlTemplate":"https:\/\/www.camping-baden.com\/de\/?s={search_term_string}"},"query-input":{"@type":"PropertyValueSpecification","valueRequired":true,"valueName":"search_term_string"}}],"inLanguage":"de"},{"@type":"Organization","@id":"https:\/\/www.camping-baden.com\/de\/#organization","name":"Man\u00e9 Guernehu\u00e9","url":"https:\/\/www.camping-baden.com\/de\/","logo":{"@type":"ImageObject","inLanguage":"de","@id":"https:\/\/www.camping-baden.com\/de\/#\/schema\/logo\/image\/","url":"https:\/\/www.camping-baden.com\/wp-content\/uploads\/2024\/08\/logo-camping-mane-guernehue.png","contentUrl":"https:\/\/www.camping-baden.com\/wp-content\/uploads\/2024\/08\/logo-camping-mane-guernehue.png","width":1000,"height":450,"caption":"Man\u00e9 Guernehu\u00e9"},"image":{"@id":"https:\/\/www.camping-baden.com\/de\/#\/schema\/logo\/image\/"}},{"@type":"Person","@id":"https:\/\/www.camping-baden.com\/de\/#\/schema\/person\/c6e510fdea074e9025407c05c7b117ed","name":"@dmin64","image":{"@type":"ImageObject","inLanguage":"de","@id":"https:\/\/www.camping-baden.com\/de\/#\/schema\/person\/image\/","url":"https:\/\/secure.gravatar.com\/avatar\/c139ef583a0e65260f6808f5628e6eca9fa8608b06e80bc14d5c39d32af667ca?s=96&d=mm&r=g","contentUrl":"https:\/\/secure.gravatar.com\/avatar\/c139ef583a0e65260f6808f5628e6eca9fa8608b06e80bc14d5c39d32af667ca?s=96&d=mm&r=g","caption":"@dmin64"},"sameAs":["https:\/\/www.camping-baden.com"]}]}},"_links":{"self":[{"href":"https:\/\/www.camping-baden.com\/de\/wp-json\/wp\/v2\/posts\/11841","targetHints":{"allow":["GET"]}}],"collection":[{"href":"https:\/\/www.camping-baden.com\/de\/wp-json\/wp\/v2\/posts"}],"about":[{"href":"https:\/\/www.camping-baden.com\/de\/wp-json\/wp\/v2\/types\/post"}],"author":[{"embeddable":true,"href":"https:\/\/www.camping-baden.com\/de\/wp-json\/wp\/v2\/users\/1"}],"replies":[{"embeddable":true,"href":"https:\/\/www.camping-baden.com\/de\/wp-json\/wp\/v2\/comments?post=11841"}],"version-history":[{"count":1,"href":"https:\/\/www.camping-baden.com\/de\/wp-json\/wp\/v2\/posts\/11841\/revisions"}],"predecessor-version":[{"id":11842,"href":"https:\/\/www.camping-baden.com\/de\/wp-json\/wp\/v2\/posts\/11841\/revisions\/11842"}],"wp:featuredmedia":[{"embeddable":true,"href":"https:\/\/www.camping-baden.com\/de\/wp-json\/wp\/v2\/media\/2160"}],"wp:attachment":[{"href":"https:\/\/www.camping-baden.com\/de\/wp-json\/wp\/v2\/media?parent=11841"}],"wp:term":[{"taxonomy":"category","embeddable":true,"href":"https:\/\/www.camping-baden.com\/de\/wp-json\/wp\/v2\/categories?post=11841"},{"taxonomy":"post_tag","embeddable":true,"href":"https:\/\/www.camping-baden.com\/de\/wp-json\/wp\/v2\/tags?post=11841"},{"taxonomy":"sujet","embeddable":true,"href":"https:\/\/www.camping-baden.com\/de\/wp-json\/wp\/v2\/sujet?post=11841"}],"curies":[{"name":"wp","href":"https:\/\/api.w.org\/{rel}","templated":true}]}}