{"id":11769,"date":"2024-03-02T16:00:00","date_gmt":"2024-03-02T15:00:00","guid":{"rendered":"https:\/\/www.camping-baden.com\/pferdehof-pferde-zentrum-reiterhof\/"},"modified":"2024-12-10T15:35:23","modified_gmt":"2024-12-10T14:35:23","slug":"pferdehof-pferde-zentrum-reiterhof","status":"publish","type":"post","link":"https:\/\/www.camping-baden.com\/de\/pferdehof-pferde-zentrum-reiterhof\/","title":{"rendered":"Ferienaufenthalt Reiten"},"content":{"rendered":"\n<div id=\"ls-heading ls-titre-div-block_6ccdf56352824d3ef7a21d2cbf20d2be\" class=\"ls-titre-div aligncenter h2-like\" >\n    Nutzen Sie Ihren Urlaub in einem Ferienhaus oder auf dem Campingplatz, um zu reiten!<\/div>\n\n<div class=\"wp-block-columns is-layout-flex wp-container-core-columns-is-layout-9d6595d7 wp-block-columns-is-layout-flex\">\n<div class=\"wp-block-column is-vertically-aligned-center is-layout-flow wp-block-column-is-layout-flow\">\n<h2 class=\"ls__heading wp-block-heading\">In jeder Saison: Aufenthalt in einem Ferienhaus am Golf von Morbihan, ganzj\u00e4hrig ge\u00f6ffnet.<\/h2>\n\n\n\n<p class=\"ls-paragraph\"><strong>Die authentischen Ferienh\u00e4user von M\u00e9ridac<\/strong> befinden sich in alten, renovierten Bauernh\u00e4usern aus Stein. 6 Ferienh\u00e4user f\u00fcr 2 bis 8 Personen empfangen Sie das ganze Jahr \u00fcber im Dorf M\u00e9riadec, einem authentischen bretonischen Dorf, <strong>300m vom Reitzentrum<\/strong> entfernt. <\/p>\n\n\n\n<p class=\"ls-paragraph\"><strong>Freistehende Villen mit einem gro\u00dfen Garten:<\/strong><\/p>\n\n\n\n<p class=\"ls-paragraph\"><strong>Die Villa er Scoudec<\/strong>, ein gro\u00dfes Wohnzimmer, eine neue K\u00fcche, 6 Schlafzimmer, 3 Badezimmer, ein gro\u00dfer Landschaftspark und eine Veranda, bietet Platz f\u00fcr 14 Personen.<\/p>\n\n\n\n<p class=\"ls-paragraph\"><strong>Die Villa de la Plage 8\/10 P in Larmor Baden<\/strong>, 3 km entfernt, befindet sich 150 m vom Strand entfernt.<\/p>\n\n\n\n<p class=\"ls-paragraph\"><strong>Les Hauts de Toulvern<\/strong> empf\u00e4ngt Sie f\u00fcr einen Natururlaub in \u00f6kologischen Ferienh\u00e4usern inmitten der Natur, 300 m vom Reitzentrum entfernt.<\/p>\n\n\n\n<p class=\"ls-paragraph\"><strong>Ab dem 11. April 2025: Aufenthalt auf dem Campingplatz Man\u00e9 Guernehu\u00e9, 300 m vom Reitzentrum entfernt, in einem Mobilheim oder auf dem Campingplatz.<\/strong><\/p>\n\n\n\n<p class=\"ls-paragraph\">Die Bewohner der Ferienh\u00e4user und des Campingplatzes erhalten au\u00dferdem einen Vorzugspreis f\u00fcr Reitkurse.<\/p>\n<\/div>\n\n\n\n<div class=\"wp-block-column is-vertically-aligned-center is-layout-flow wp-block-column-is-layout-flow\"><div class=\"wp-block-image\">\n<figure class=\"alignright size-full is-resized\"><img decoding=\"async\" width=\"2278\" height=\"600\" src=\"https:\/\/www.camping-baden.com\/wp-content\/uploads\/2024\/03\/logos-ffe-cheval-poney-1-300x79-1.webp\" alt=\"ffe-Logos Pferd Pony x\" class=\"wp-image-3106\" style=\"width:300px\" srcset=\"https:\/\/www.camping-baden.com\/wp-content\/uploads\/2024\/03\/logos-ffe-cheval-poney-1-300x79-1.webp 2278w, https:\/\/www.camping-baden.com\/wp-content\/uploads\/2024\/03\/logos-ffe-cheval-poney-1-300x79-1-300x79.webp 300w, https:\/\/www.camping-baden.com\/wp-content\/uploads\/2024\/03\/logos-ffe-cheval-poney-1-300x79-1-1024x270.webp 1024w, https:\/\/www.camping-baden.com\/wp-content\/uploads\/2024\/03\/logos-ffe-cheval-poney-1-300x79-1-768x202.webp 768w, https:\/\/www.camping-baden.com\/wp-content\/uploads\/2024\/03\/logos-ffe-cheval-poney-1-300x79-1-1536x405.webp 1536w, https:\/\/www.camping-baden.com\/wp-content\/uploads\/2024\/03\/logos-ffe-cheval-poney-1-300x79-1-2048x539.webp 2048w\" sizes=\"(max-width: 2278px) 100vw, 2278px\" \/><\/figure>\n<\/div>\n\n\n<figure class=\"wp-block-gallery aligncenter has-nested-images columns-default is-cropped wp-block-gallery-1 is-layout-flex wp-block-gallery-is-layout-flex\">\n<figure class=\"wp-block-image size-large\"><a href=\"https:\/\/www.camping-baden.com\/wp-content\/uploads\/2024\/03\/enfant-centre-equestre-ete-2019-800px.webp\"><img decoding=\"async\" width=\"901\" height=\"600\" data-id=\"3097\" src=\"https:\/\/www.camping-baden.com\/wp-content\/uploads\/2024\/03\/enfant-centre-equestre-ete-2019-800px.webp\" alt=\"Kind Reitzentrum Sommer px\" class=\"wp-image-3097\" srcset=\"https:\/\/www.camping-baden.com\/wp-content\/uploads\/2024\/03\/enfant-centre-equestre-ete-2019-800px.webp 901w, https:\/\/www.camping-baden.com\/wp-content\/uploads\/2024\/03\/enfant-centre-equestre-ete-2019-800px-300x200.webp 300w, https:\/\/www.camping-baden.com\/wp-content\/uploads\/2024\/03\/enfant-centre-equestre-ete-2019-800px-768x511.webp 768w\" sizes=\"(max-width: 901px) 100vw, 901px\" \/><\/a><figcaption class=\"wp-element-caption\">F\u00fcr Reitbegeisterte<\/figcaption><\/figure>\n\n\n\n<figure class=\"wp-block-image size-large\"><a href=\"https:\/\/www.camping-baden.com\/wp-content\/uploads\/2023\/09\/gites-de-meriadec-ecurie-pressoir-grange-800px-min.webp\"><img decoding=\"async\" width=\"891\" height=\"600\" data-id=\"3052\" src=\"https:\/\/www.camping-baden.com\/wp-content\/uploads\/2023\/09\/gites-de-meriadec-ecurie-pressoir-grange-800px-min.webp\" alt=\"ferienwohnungen meriadec ecurie pressoir grange px min\" class=\"wp-image-3052\" srcset=\"https:\/\/www.camping-baden.com\/wp-content\/uploads\/2023\/09\/gites-de-meriadec-ecurie-pressoir-grange-800px-min.webp 891w, https:\/\/www.camping-baden.com\/wp-content\/uploads\/2023\/09\/gites-de-meriadec-ecurie-pressoir-grange-800px-min-300x202.webp 300w, https:\/\/www.camping-baden.com\/wp-content\/uploads\/2023\/09\/gites-de-meriadec-ecurie-pressoir-grange-800px-min-768x517.webp 768w\" sizes=\"(max-width: 891px) 100vw, 891px\" \/><\/a><figcaption class=\"wp-element-caption\">Ferienwohnungen von M\u00e9riadec<\/figcaption><\/figure>\n\n\n\n<figure class=\"wp-block-image size-large\"><a href=\"https:\/\/www.camping-baden.com\/wp-content\/uploads\/2024\/03\/cours-equitation3-ete-2019-800px.webp\"><img decoding=\"async\" width=\"901\" height=\"600\" data-id=\"3101\" src=\"https:\/\/www.camping-baden.com\/wp-content\/uploads\/2024\/03\/cours-equitation3-ete-2019-800px.webp\" alt=\"Reitunterricht im Sommer px\" class=\"wp-image-3101\" srcset=\"https:\/\/www.camping-baden.com\/wp-content\/uploads\/2024\/03\/cours-equitation3-ete-2019-800px.webp 901w, https:\/\/www.camping-baden.com\/wp-content\/uploads\/2024\/03\/cours-equitation3-ete-2019-800px-300x200.webp 300w, https:\/\/www.camping-baden.com\/wp-content\/uploads\/2024\/03\/cours-equitation3-ete-2019-800px-768x511.webp 768w\" sizes=\"(max-width: 901px) 100vw, 901px\" \/><\/a><figcaption class=\"wp-element-caption\">Reitunterricht und Praktikum in Man\u00e9 Guernehu\u00e9<\/figcaption><\/figure>\n\n\n\n<figure class=\"wp-block-image size-large\"><a href=\"https:\/\/www.camping-baden.com\/wp-content\/uploads\/2021\/05\/villa-de-la-plage-exterieur-piscine-800px-min.webp\"><img decoding=\"async\" width=\"800\" height=\"569\" data-id=\"1375\" src=\"https:\/\/www.camping-baden.com\/wp-content\/uploads\/2021\/05\/villa-de-la-plage-exterieur-piscine-800px-min.webp\" alt=\"Strandvilla mit Au&#xDF;enpool px min\" class=\"wp-image-1375\" srcset=\"https:\/\/www.camping-baden.com\/wp-content\/uploads\/2021\/05\/villa-de-la-plage-exterieur-piscine-800px-min.webp 800w, https:\/\/www.camping-baden.com\/wp-content\/uploads\/2021\/05\/villa-de-la-plage-exterieur-piscine-800px-min-300x213.webp 300w, https:\/\/www.camping-baden.com\/wp-content\/uploads\/2021\/05\/villa-de-la-plage-exterieur-piscine-800px-min-768x546.webp 768w\" sizes=\"(max-width: 800px) 100vw, 800px\" \/><\/a><figcaption class=\"wp-element-caption\">Villa de la Plage mit Pool<\/figcaption><\/figure>\n\n\n\n<figure class=\"wp-block-image size-large\"><a href=\"https:\/\/www.camping-baden.com\/wp-content\/uploads\/2021\/05\/Gites-de-meridadec-800px.webp\"><img decoding=\"async\" width=\"800\" height=\"533\" data-id=\"1323\" src=\"https:\/\/www.camping-baden.com\/wp-content\/uploads\/2021\/05\/Gites-de-meridadec-800px.webp\" alt=\"Ferienwohnungen von meridadec px\" class=\"wp-image-1323\" srcset=\"https:\/\/www.camping-baden.com\/wp-content\/uploads\/2021\/05\/Gites-de-meridadec-800px.webp 800w, https:\/\/www.camping-baden.com\/wp-content\/uploads\/2021\/05\/Gites-de-meridadec-800px-300x200.webp 300w, https:\/\/www.camping-baden.com\/wp-content\/uploads\/2021\/05\/Gites-de-meridadec-800px-768x512.webp 768w\" sizes=\"(max-width: 800px) 100vw, 800px\" \/><\/a><figcaption class=\"wp-element-caption\">Authentische Ferienh\u00e4user von M\u00e9riadec<\/figcaption><\/figure>\n\n\n\n<figure class=\"wp-block-image size-large\"><a href=\"https:\/\/www.camping-baden.com\/wp-content\/uploads\/2021\/03\/promenade-a-poney-baden-centre-equestre-800px.webp\"><img decoding=\"async\" width=\"800\" height=\"533\" data-id=\"2313\" src=\"https:\/\/www.camping-baden.com\/wp-content\/uploads\/2021\/03\/promenade-a-poney-baden-centre-equestre-800px.webp\" alt=\"Ponyreiten baden reitzentrum px\" class=\"wp-image-2313\" srcset=\"https:\/\/www.camping-baden.com\/wp-content\/uploads\/2021\/03\/promenade-a-poney-baden-centre-equestre-800px.webp 800w, https:\/\/www.camping-baden.com\/wp-content\/uploads\/2021\/03\/promenade-a-poney-baden-centre-equestre-800px-300x200.webp 300w, https:\/\/www.camping-baden.com\/wp-content\/uploads\/2021\/03\/promenade-a-poney-baden-centre-equestre-800px-768x512.webp 768w\" sizes=\"(max-width: 800px) 100vw, 800px\" \/><\/a><figcaption class=\"wp-element-caption\">Ponyreiten auf dem Campingplatz in Baden<\/figcaption><\/figure>\n\n\n\n<figure class=\"wp-block-image size-large\"><a href=\"https:\/\/www.camping-baden.com\/wp-content\/uploads\/2024\/01\/centre-equestre-mane-couvert-800px.webp\"><img decoding=\"async\" width=\"800\" height=\"533\" data-id=\"2839\" src=\"https:\/\/www.camping-baden.com\/wp-content\/uploads\/2024\/01\/centre-equestre-mane-couvert-800px.webp\" alt=\"reitzentrum mane &#xFC;berdacht px\" class=\"wp-image-2839\" srcset=\"https:\/\/www.camping-baden.com\/wp-content\/uploads\/2024\/01\/centre-equestre-mane-couvert-800px.webp 800w, https:\/\/www.camping-baden.com\/wp-content\/uploads\/2024\/01\/centre-equestre-mane-couvert-800px-300x200.webp 300w, https:\/\/www.camping-baden.com\/wp-content\/uploads\/2024\/01\/centre-equestre-mane-couvert-800px-768x512.webp 768w\" sizes=\"(max-width: 800px) 100vw, 800px\" \/><\/a><figcaption class=\"wp-element-caption\">\u00dcberdachte Reithalle des Reitzentrums<\/figcaption><\/figure>\n\n\n\n<figure class=\"wp-block-image size-large\"><a href=\"https:\/\/www.camping-baden.com\/wp-content\/uploads\/2021\/03\/balade-centre-equestre-mane-guernehue-etang-800px.webp\"><img decoding=\"async\" width=\"800\" height=\"533\" data-id=\"2349\" src=\"https:\/\/www.camping-baden.com\/wp-content\/uploads\/2021\/03\/balade-centre-equestre-mane-guernehue-etang-800px.webp\" alt=\"Ausritt Reitzentrum Mane Guernehue etang px\" class=\"wp-image-2349\" srcset=\"https:\/\/www.camping-baden.com\/wp-content\/uploads\/2021\/03\/balade-centre-equestre-mane-guernehue-etang-800px.webp 800w, https:\/\/www.camping-baden.com\/wp-content\/uploads\/2021\/03\/balade-centre-equestre-mane-guernehue-etang-800px-300x200.webp 300w, https:\/\/www.camping-baden.com\/wp-content\/uploads\/2021\/03\/balade-centre-equestre-mane-guernehue-etang-800px-768x512.webp 768w\" sizes=\"(max-width: 800px) 100vw, 800px\" \/><\/a><figcaption class=\"wp-element-caption\">Ausritt am Teich in Man\u00e9 Guernehu\u00e9<\/figcaption><\/figure>\n\n\n\n<figure class=\"wp-block-image size-large\"><a href=\"https:\/\/www.camping-baden.com\/wp-content\/uploads\/2021\/03\/centre-equestre-saut.webp\"><img decoding=\"async\" width=\"800\" height=\"539\" data-id=\"2333\" src=\"https:\/\/www.camping-baden.com\/wp-content\/uploads\/2021\/03\/centre-equestre-saut.webp\" alt=\"Springreiterzentrum\" class=\"wp-image-2333\" srcset=\"https:\/\/www.camping-baden.com\/wp-content\/uploads\/2021\/03\/centre-equestre-saut.webp 800w, https:\/\/www.camping-baden.com\/wp-content\/uploads\/2021\/03\/centre-equestre-saut-300x202.webp 300w, https:\/\/www.camping-baden.com\/wp-content\/uploads\/2021\/03\/centre-equestre-saut-768x517.webp 768w\" sizes=\"(max-width: 800px) 100vw, 800px\" \/><\/a><figcaption class=\"wp-element-caption\">Springreiten im Reitzentrum<\/figcaption><\/figure>\n<\/figure>\n<\/div>\n<\/div>\n\n<div class=\"wp-block-columns is-layout-flex wp-container-core-columns-is-layout-9d6595d7 wp-block-columns-is-layout-flex\">\n<div class=\"wp-block-column is-layout-flow wp-block-column-is-layout-flow\">\n<h2 class=\"ls__heading wp-block-heading\">Reitkurse in den Ferien von Allerheiligen, Februar, Fr\u00fchling, Himmelfahrt oder diesen Sommer<\/h2>\n\n\n\n<p class=\"ls-paragraph\"><strong>W\u00e4hrend der Februar- und Osterferien, im Sommer oder an Allerheiligen bietet der Reitlehrer Reitkurse, Ponyreiten und gef\u00fchrte Ausritte an.<\/strong><\/p>\n\n\n\n<p class=\"ls-paragraph\"><strong>Ein geselliger 5-t\u00e4giger Kurs im Freien, bei dem Sie Spa\u00df haben und gleichzeitig Fortschritte machen k\u00f6nnen!<\/strong><\/p>\n\n\n\n<h2 class=\"ls__heading wp-block-heading\">Reitkurs Februarferien<\/h2>\n\n\n\n<ul class=\"ls-list ls-list-undefined wp-block-list\">\n<li>10. bis 14. Februar (5 Tage)<\/li>\n\n\n\n<li>17. bis 21. Februar (5 Tage)<\/li>\n<\/ul>\n\n\n\n<h2 class=\"ls__heading wp-block-heading\">Reitkurs Fr\u00fchjahrsferien<\/h2>\n\n\n\n<ul class=\"ls-list ls-list-undefined wp-block-list\">\n<li>7. bis 11. April (5 Tage)<\/li>\n\n\n\n<li>14. bis 18. April (5 Tage)<\/li>\n\n\n\n<li>21. bis 25. April (5 Tage)<\/li>\n\n\n\n<li>28. April bis 2. Mai (4 Tage &#8211; au\u00dfer 1. Mai)<\/li>\n<\/ul>\n\n\n\n<h2 class=\"ls__heading wp-block-heading\">Reitkurse jede Woche im Sommer (5 Tage)<\/h2>\n\n\n\n<ul class=\"ls-list ls-list-undefined wp-block-list\">\n<li>30. Juni bis 4. Juli<\/li>\n\n\n\n<li>7. bis 11. Juli<\/li>\n\n\n\n<li>14. bis 18. Juli<\/li>\n\n\n\n<li>21. bis 25. Juli<\/li>\n\n\n\n<li>28. Juli bis 1. August<\/li>\n\n\n\n<li>4. bis 8. August<\/li>\n\n\n\n<li>11. bis 15. August<\/li>\n\n\n\n<li>18. bis 22. August<\/li>\n\n\n\n<li>25. bis 29. August<\/li>\n<\/ul>\n<\/div>\n\n\n\n<div class=\"wp-block-column is-layout-flow wp-block-column-is-layout-flow\">\n<blockquote class=\"wp-block-quote has-color-6-background-color has-background is-layout-flow wp-block-quote-is-layout-flow\">\n<p class=\"ls-paragraph\"><strong>Weitere Informationen zu den Reitferien :<br\/><\/strong><a href=\"https:\/\/www.les-gites-de-meriadec.com\/\" target=\"_blank\" rel=\"noreferrer noopener\">Les g\u00eetes de M\u00e9riadec<\/a><br\/><a href=\"https:\/\/www.leshautsdetoulvern.com\/\" target=\"_blank\" rel=\"noreferrer noopener\">Les Hauts de Toulvern<\/a><br\/><a href=\"https:\/\/www.centre-equestre-baden.com\/\" target=\"_blank\" rel=\"noreferrer noopener\">Website des Reitzentrums<\/a><br\/><a href=\"https:\/\/camping-baden.ouiresa.fr\/#\/?type=202\" target=\"_blank\" rel=\"noreferrer noopener\">Buchen Sie online Ihre Reitaktivit\u00e4ten<\/a><\/p>\n<\/blockquote>\n\n\n\n<p class=\"ls-paragraph\"><strong>TARIFE :<\/strong><\/p>\n\n\n\n<p class=\"ls-paragraph\"><strong>Kurs nur in den Februarferien<\/strong>: 3-st\u00fcndiger, geselliger Kurs. Aktivit\u00e4ten rund um das Pferd, Spiele, Pflege, Begleitung zur Weide, 1 Stunde Reiten, au\u00dfer f\u00fcr Fortgeschrittene.   <br\/>190\u20ac 5-Tages-Kurs f\u00fcr G\u00e4ste der Ferienwohnungen oder des Campingplatzes, 210\u20ac f\u00fcr andere Reiter<\/p>\n\n\n\n<p class=\"ls-paragraph\"><strong>5-Tages-Kurs 1h zu Pferd oder auf dem Pony (1h zu Pferd + Vorbereitung 15-20min vorher und nachher)<\/strong><br\/>oder 4-Tages-Praktikum 1h15 zu Pferd oder auf dem Pony (1h15 zu Pferd + Vorbereitung 15-20 min vorher und nachher)<strong>: <\/strong><br\/>140 \u20ac 5-Tage-Kurs f\u00fcr G\u00e4ste der Ferienwohnungen oder des Campingplatzes, 160 \u20ac f\u00fcr andere Reiter.<\/p>\n\n\n\n<p class=\"ls-paragraph\"><strong>Gelegentlicher Gruppenunterricht<\/strong> : auf Anfrage<br\/><strong>Vom Reitlehrer<\/strong> <strong>begleitete Ausritte<\/strong> : 1 Stunde 28\u20ac<br\/><strong>Von den Eltern begleitete Ponyausritte f\u00fcr j\u00fcngere Kinder<\/strong> :12\u20ac pro 1\/2 Stunde.<\/p>\n\n\n\n<p class=\"ls-paragraph\"><strong>Buchen Sie Ihren Reitkurs zusammen mit Ihrem Urlaub: F\u00fcgen Sie &#8222;Reitkurs&#8220; zu &#8222;Sport und Freizeit&#8220; hinzu.<\/strong><\/p>\n<\/div>\n<\/div>\n","protected":false},"excerpt":{"rendered":"<p>In jeder Saison: Aufenthalt in einem Ferienhaus am Golf von Morbihan, ganzj\u00e4hrig ge\u00f6ffnet. Die authentischen Ferienh\u00e4user von M\u00e9ridac befinden sich in alten, renovierten Bauernh\u00e4usern aus Stein. 6 Ferienh\u00e4user f\u00fcr 2 bis 8 Personen empfangen Sie das ganze Jahr \u00fcber im Dorf M\u00e9riadec, einem authentischen bretonischen Dorf, 300m vom Reitzentrum entfernt. Freistehende Villen mit einem gro\u00dfen [&hellip;]<\/p>\n","protected":false},"author":1,"featured_media":2361,"comment_status":"closed","ping_status":"closed","sticky":false,"template":"","format":"standard","meta":{"_acf_changed":false,"footnotes":""},"categories":[206],"tags":[],"sujet":[],"class_list":["post-11769","post","type-post","status-publish","format-standard","has-post-thumbnail","hentry","category-nachrichten"],"acf":[],"yoast_head":"<!-- This site is optimized with the Yoast SEO plugin v25.3 - https:\/\/yoast.com\/wordpress\/plugins\/seo\/ -->\n<title>Ferienaufenthalt Reiten<\/title>\n<meta name=\"robots\" content=\"index, follow, max-snippet:-1, max-image-preview:large, max-video-preview:-1\" \/>\n<link rel=\"canonical\" href=\"https:\/\/www.camping-baden.com\/de\/pferdehof-pferde-zentrum-reiterhof\/\" \/>\n<meta property=\"og:locale\" content=\"de_DE\" \/>\n<meta property=\"og:type\" content=\"article\" \/>\n<meta property=\"og:title\" content=\"Ferienaufenthalt Reiten\" \/>\n<meta property=\"og:description\" content=\"In jeder Saison: Aufenthalt in einem Ferienhaus am Golf von Morbihan, ganzj\u00e4hrig ge\u00f6ffnet. Die authentischen Ferienh\u00e4user von M\u00e9ridac befinden sich in alten, renovierten Bauernh\u00e4usern aus Stein. 6 Ferienh\u00e4user f\u00fcr 2 bis 8 Personen empfangen Sie das ganze Jahr \u00fcber im Dorf M\u00e9riadec, einem authentischen bretonischen Dorf, 300m vom Reitzentrum entfernt. Freistehende Villen mit einem gro\u00dfen [&hellip;]\" \/>\n<meta property=\"og:url\" content=\"https:\/\/www.camping-baden.com\/de\/pferdehof-pferde-zentrum-reiterhof\/\" \/>\n<meta property=\"og:site_name\" content=\"Man\u00e9 Guernehu\u00e9\" \/>\n<meta property=\"article:published_time\" content=\"2024-03-02T15:00:00+00:00\" \/>\n<meta property=\"article:modified_time\" content=\"2024-12-10T14:35:23+00:00\" \/>\n<meta property=\"og:image\" content=\"https:\/\/www.camping-baden.com\/wp-content\/uploads\/2021\/03\/balade-centre-equestre-morbihan.webp\" \/>\n\t<meta property=\"og:image:width\" content=\"2000\" \/>\n\t<meta property=\"og:image:height\" content=\"1333\" \/>\n\t<meta property=\"og:image:type\" content=\"image\/webp\" \/>\n<meta name=\"author\" content=\"@dmin64\" \/>\n<meta name=\"twitter:card\" content=\"summary_large_image\" \/>\n<meta name=\"twitter:label1\" content=\"Verfasst von\" \/>\n\t<meta name=\"twitter:data1\" content=\"@dmin64\" \/>\n\t<meta name=\"twitter:label2\" content=\"Gesch\u00e4tzte Lesezeit\" \/>\n\t<meta name=\"twitter:data2\" content=\"2\u00a0Minuten\" \/>\n<script type=\"application\/ld+json\" class=\"yoast-schema-graph\">{\"@context\":\"https:\/\/schema.org\",\"@graph\":[{\"@type\":\"Article\",\"@id\":\"https:\/\/www.camping-baden.com\/de\/pferdehof-pferde-zentrum-reiterhof\/#article\",\"isPartOf\":{\"@id\":\"https:\/\/www.camping-baden.com\/de\/pferdehof-pferde-zentrum-reiterhof\/\"},\"author\":{\"name\":\"@dmin64\",\"@id\":\"https:\/\/www.camping-baden.com\/de\/#\/schema\/person\/c6e510fdea074e9025407c05c7b117ed\"},\"headline\":\"Ferienaufenthalt Reiten\",\"datePublished\":\"2024-03-02T15:00:00+00:00\",\"dateModified\":\"2024-12-10T14:35:23+00:00\",\"mainEntityOfPage\":{\"@id\":\"https:\/\/www.camping-baden.com\/de\/pferdehof-pferde-zentrum-reiterhof\/\"},\"wordCount\":468,\"publisher\":{\"@id\":\"https:\/\/www.camping-baden.com\/de\/#organization\"},\"image\":{\"@id\":\"https:\/\/www.camping-baden.com\/de\/pferdehof-pferde-zentrum-reiterhof\/#primaryimage\"},\"thumbnailUrl\":\"https:\/\/www.camping-baden.com\/wp-content\/uploads\/2021\/03\/balade-centre-equestre-morbihan.webp\",\"articleSection\":[\"Nachrichten\"],\"inLanguage\":\"de\"},{\"@type\":\"WebPage\",\"@id\":\"https:\/\/www.camping-baden.com\/de\/pferdehof-pferde-zentrum-reiterhof\/\",\"url\":\"https:\/\/www.camping-baden.com\/de\/pferdehof-pferde-zentrum-reiterhof\/\",\"name\":\"Ferienaufenthalt Reiten\",\"isPartOf\":{\"@id\":\"https:\/\/www.camping-baden.com\/de\/#website\"},\"primaryImageOfPage\":{\"@id\":\"https:\/\/www.camping-baden.com\/de\/pferdehof-pferde-zentrum-reiterhof\/#primaryimage\"},\"image\":{\"@id\":\"https:\/\/www.camping-baden.com\/de\/pferdehof-pferde-zentrum-reiterhof\/#primaryimage\"},\"thumbnailUrl\":\"https:\/\/www.camping-baden.com\/wp-content\/uploads\/2021\/03\/balade-centre-equestre-morbihan.webp\",\"datePublished\":\"2024-03-02T15:00:00+00:00\",\"dateModified\":\"2024-12-10T14:35:23+00:00\",\"breadcrumb\":{\"@id\":\"https:\/\/www.camping-baden.com\/de\/pferdehof-pferde-zentrum-reiterhof\/#breadcrumb\"},\"inLanguage\":\"de\",\"potentialAction\":[{\"@type\":\"ReadAction\",\"target\":[\"https:\/\/www.camping-baden.com\/de\/pferdehof-pferde-zentrum-reiterhof\/\"]}]},{\"@type\":\"ImageObject\",\"inLanguage\":\"de\",\"@id\":\"https:\/\/www.camping-baden.com\/de\/pferdehof-pferde-zentrum-reiterhof\/#primaryimage\",\"url\":\"https:\/\/www.camping-baden.com\/wp-content\/uploads\/2021\/03\/balade-centre-equestre-morbihan.webp\",\"contentUrl\":\"https:\/\/www.camping-baden.com\/wp-content\/uploads\/2021\/03\/balade-centre-equestre-morbihan.webp\",\"width\":2000,\"height\":1333,\"caption\":\"Ausritt im Reitzentrum Morbihan\"},{\"@type\":\"BreadcrumbList\",\"@id\":\"https:\/\/www.camping-baden.com\/de\/pferdehof-pferde-zentrum-reiterhof\/#breadcrumb\",\"itemListElement\":[{\"@type\":\"ListItem\",\"position\":1,\"name\":\"Camping Golfe du Morbihan\",\"item\":\"https:\/\/www.camping-baden.com\/de\/\"},{\"@type\":\"ListItem\",\"position\":2,\"name\":\"Nachrichten\",\"item\":\"https:\/\/www.camping-baden.com\/de\/nachrichten\/\"},{\"@type\":\"ListItem\",\"position\":3,\"name\":\"Ferienaufenthalt Reiten\"}]},{\"@type\":\"WebSite\",\"@id\":\"https:\/\/www.camping-baden.com\/de\/#website\",\"url\":\"https:\/\/www.camping-baden.com\/de\/\",\"name\":\"Man\u00e9 Guernehu\u00e9\",\"description\":\"\",\"publisher\":{\"@id\":\"https:\/\/www.camping-baden.com\/de\/#organization\"},\"potentialAction\":[{\"@type\":\"SearchAction\",\"target\":{\"@type\":\"EntryPoint\",\"urlTemplate\":\"https:\/\/www.camping-baden.com\/de\/?s={search_term_string}\"},\"query-input\":{\"@type\":\"PropertyValueSpecification\",\"valueRequired\":true,\"valueName\":\"search_term_string\"}}],\"inLanguage\":\"de\"},{\"@type\":\"Organization\",\"@id\":\"https:\/\/www.camping-baden.com\/de\/#organization\",\"name\":\"Man\u00e9 Guernehu\u00e9\",\"url\":\"https:\/\/www.camping-baden.com\/de\/\",\"logo\":{\"@type\":\"ImageObject\",\"inLanguage\":\"de\",\"@id\":\"https:\/\/www.camping-baden.com\/de\/#\/schema\/logo\/image\/\",\"url\":\"https:\/\/www.camping-baden.com\/wp-content\/uploads\/2024\/08\/logo-camping-mane-guernehue.png\",\"contentUrl\":\"https:\/\/www.camping-baden.com\/wp-content\/uploads\/2024\/08\/logo-camping-mane-guernehue.png\",\"width\":1000,\"height\":450,\"caption\":\"Man\u00e9 Guernehu\u00e9\"},\"image\":{\"@id\":\"https:\/\/www.camping-baden.com\/de\/#\/schema\/logo\/image\/\"}},{\"@type\":\"Person\",\"@id\":\"https:\/\/www.camping-baden.com\/de\/#\/schema\/person\/c6e510fdea074e9025407c05c7b117ed\",\"name\":\"@dmin64\",\"image\":{\"@type\":\"ImageObject\",\"inLanguage\":\"de\",\"@id\":\"https:\/\/www.camping-baden.com\/de\/#\/schema\/person\/image\/\",\"url\":\"https:\/\/secure.gravatar.com\/avatar\/c139ef583a0e65260f6808f5628e6eca9fa8608b06e80bc14d5c39d32af667ca?s=96&d=mm&r=g\",\"contentUrl\":\"https:\/\/secure.gravatar.com\/avatar\/c139ef583a0e65260f6808f5628e6eca9fa8608b06e80bc14d5c39d32af667ca?s=96&d=mm&r=g\",\"caption\":\"@dmin64\"},\"sameAs\":[\"https:\/\/www.camping-baden.com\"]}]}<\/script>\n<!-- \/ Yoast SEO plugin. -->","yoast_head_json":{"title":"Ferienaufenthalt Reiten","robots":{"index":"index","follow":"follow","max-snippet":"max-snippet:-1","max-image-preview":"max-image-preview:large","max-video-preview":"max-video-preview:-1"},"canonical":"https:\/\/www.camping-baden.com\/de\/pferdehof-pferde-zentrum-reiterhof\/","og_locale":"de_DE","og_type":"article","og_title":"Ferienaufenthalt Reiten","og_description":"In jeder Saison: Aufenthalt in einem Ferienhaus am Golf von Morbihan, ganzj\u00e4hrig ge\u00f6ffnet. Die authentischen Ferienh\u00e4user von M\u00e9ridac befinden sich in alten, renovierten Bauernh\u00e4usern aus Stein. 6 Ferienh\u00e4user f\u00fcr 2 bis 8 Personen empfangen Sie das ganze Jahr \u00fcber im Dorf M\u00e9riadec, einem authentischen bretonischen Dorf, 300m vom Reitzentrum entfernt. Freistehende Villen mit einem gro\u00dfen [&hellip;]","og_url":"https:\/\/www.camping-baden.com\/de\/pferdehof-pferde-zentrum-reiterhof\/","og_site_name":"Man\u00e9 Guernehu\u00e9","article_published_time":"2024-03-02T15:00:00+00:00","article_modified_time":"2024-12-10T14:35:23+00:00","og_image":[{"width":2000,"height":1333,"url":"https:\/\/www.camping-baden.com\/wp-content\/uploads\/2021\/03\/balade-centre-equestre-morbihan.webp","type":"image\/webp"}],"author":"@dmin64","twitter_card":"summary_large_image","twitter_misc":{"Verfasst von":"@dmin64","Gesch\u00e4tzte Lesezeit":"2\u00a0Minuten"},"schema":{"@context":"https:\/\/schema.org","@graph":[{"@type":"Article","@id":"https:\/\/www.camping-baden.com\/de\/pferdehof-pferde-zentrum-reiterhof\/#article","isPartOf":{"@id":"https:\/\/www.camping-baden.com\/de\/pferdehof-pferde-zentrum-reiterhof\/"},"author":{"name":"@dmin64","@id":"https:\/\/www.camping-baden.com\/de\/#\/schema\/person\/c6e510fdea074e9025407c05c7b117ed"},"headline":"Ferienaufenthalt Reiten","datePublished":"2024-03-02T15:00:00+00:00","dateModified":"2024-12-10T14:35:23+00:00","mainEntityOfPage":{"@id":"https:\/\/www.camping-baden.com\/de\/pferdehof-pferde-zentrum-reiterhof\/"},"wordCount":468,"publisher":{"@id":"https:\/\/www.camping-baden.com\/de\/#organization"},"image":{"@id":"https:\/\/www.camping-baden.com\/de\/pferdehof-pferde-zentrum-reiterhof\/#primaryimage"},"thumbnailUrl":"https:\/\/www.camping-baden.com\/wp-content\/uploads\/2021\/03\/balade-centre-equestre-morbihan.webp","articleSection":["Nachrichten"],"inLanguage":"de"},{"@type":"WebPage","@id":"https:\/\/www.camping-baden.com\/de\/pferdehof-pferde-zentrum-reiterhof\/","url":"https:\/\/www.camping-baden.com\/de\/pferdehof-pferde-zentrum-reiterhof\/","name":"Ferienaufenthalt Reiten","isPartOf":{"@id":"https:\/\/www.camping-baden.com\/de\/#website"},"primaryImageOfPage":{"@id":"https:\/\/www.camping-baden.com\/de\/pferdehof-pferde-zentrum-reiterhof\/#primaryimage"},"image":{"@id":"https:\/\/www.camping-baden.com\/de\/pferdehof-pferde-zentrum-reiterhof\/#primaryimage"},"thumbnailUrl":"https:\/\/www.camping-baden.com\/wp-content\/uploads\/2021\/03\/balade-centre-equestre-morbihan.webp","datePublished":"2024-03-02T15:00:00+00:00","dateModified":"2024-12-10T14:35:23+00:00","breadcrumb":{"@id":"https:\/\/www.camping-baden.com\/de\/pferdehof-pferde-zentrum-reiterhof\/#breadcrumb"},"inLanguage":"de","potentialAction":[{"@type":"ReadAction","target":["https:\/\/www.camping-baden.com\/de\/pferdehof-pferde-zentrum-reiterhof\/"]}]},{"@type":"ImageObject","inLanguage":"de","@id":"https:\/\/www.camping-baden.com\/de\/pferdehof-pferde-zentrum-reiterhof\/#primaryimage","url":"https:\/\/www.camping-baden.com\/wp-content\/uploads\/2021\/03\/balade-centre-equestre-morbihan.webp","contentUrl":"https:\/\/www.camping-baden.com\/wp-content\/uploads\/2021\/03\/balade-centre-equestre-morbihan.webp","width":2000,"height":1333,"caption":"Ausritt im Reitzentrum Morbihan"},{"@type":"BreadcrumbList","@id":"https:\/\/www.camping-baden.com\/de\/pferdehof-pferde-zentrum-reiterhof\/#breadcrumb","itemListElement":[{"@type":"ListItem","position":1,"name":"Camping Golfe du Morbihan","item":"https:\/\/www.camping-baden.com\/de\/"},{"@type":"ListItem","position":2,"name":"Nachrichten","item":"https:\/\/www.camping-baden.com\/de\/nachrichten\/"},{"@type":"ListItem","position":3,"name":"Ferienaufenthalt Reiten"}]},{"@type":"WebSite","@id":"https:\/\/www.camping-baden.com\/de\/#website","url":"https:\/\/www.camping-baden.com\/de\/","name":"Man\u00e9 Guernehu\u00e9","description":"","publisher":{"@id":"https:\/\/www.camping-baden.com\/de\/#organization"},"potentialAction":[{"@type":"SearchAction","target":{"@type":"EntryPoint","urlTemplate":"https:\/\/www.camping-baden.com\/de\/?s={search_term_string}"},"query-input":{"@type":"PropertyValueSpecification","valueRequired":true,"valueName":"search_term_string"}}],"inLanguage":"de"},{"@type":"Organization","@id":"https:\/\/www.camping-baden.com\/de\/#organization","name":"Man\u00e9 Guernehu\u00e9","url":"https:\/\/www.camping-baden.com\/de\/","logo":{"@type":"ImageObject","inLanguage":"de","@id":"https:\/\/www.camping-baden.com\/de\/#\/schema\/logo\/image\/","url":"https:\/\/www.camping-baden.com\/wp-content\/uploads\/2024\/08\/logo-camping-mane-guernehue.png","contentUrl":"https:\/\/www.camping-baden.com\/wp-content\/uploads\/2024\/08\/logo-camping-mane-guernehue.png","width":1000,"height":450,"caption":"Man\u00e9 Guernehu\u00e9"},"image":{"@id":"https:\/\/www.camping-baden.com\/de\/#\/schema\/logo\/image\/"}},{"@type":"Person","@id":"https:\/\/www.camping-baden.com\/de\/#\/schema\/person\/c6e510fdea074e9025407c05c7b117ed","name":"@dmin64","image":{"@type":"ImageObject","inLanguage":"de","@id":"https:\/\/www.camping-baden.com\/de\/#\/schema\/person\/image\/","url":"https:\/\/secure.gravatar.com\/avatar\/c139ef583a0e65260f6808f5628e6eca9fa8608b06e80bc14d5c39d32af667ca?s=96&d=mm&r=g","contentUrl":"https:\/\/secure.gravatar.com\/avatar\/c139ef583a0e65260f6808f5628e6eca9fa8608b06e80bc14d5c39d32af667ca?s=96&d=mm&r=g","caption":"@dmin64"},"sameAs":["https:\/\/www.camping-baden.com"]}]}},"_links":{"self":[{"href":"https:\/\/www.camping-baden.com\/de\/wp-json\/wp\/v2\/posts\/11769","targetHints":{"allow":["GET"]}}],"collection":[{"href":"https:\/\/www.camping-baden.com\/de\/wp-json\/wp\/v2\/posts"}],"about":[{"href":"https:\/\/www.camping-baden.com\/de\/wp-json\/wp\/v2\/types\/post"}],"author":[{"embeddable":true,"href":"https:\/\/www.camping-baden.com\/de\/wp-json\/wp\/v2\/users\/1"}],"replies":[{"embeddable":true,"href":"https:\/\/www.camping-baden.com\/de\/wp-json\/wp\/v2\/comments?post=11769"}],"version-history":[{"count":2,"href":"https:\/\/www.camping-baden.com\/de\/wp-json\/wp\/v2\/posts\/11769\/revisions"}],"predecessor-version":[{"id":12137,"href":"https:\/\/www.camping-baden.com\/de\/wp-json\/wp\/v2\/posts\/11769\/revisions\/12137"}],"wp:featuredmedia":[{"embeddable":true,"href":"https:\/\/www.camping-baden.com\/de\/wp-json\/wp\/v2\/media\/2361"}],"wp:attachment":[{"href":"https:\/\/www.camping-baden.com\/de\/wp-json\/wp\/v2\/media?parent=11769"}],"wp:term":[{"taxonomy":"category","embeddable":true,"href":"https:\/\/www.camping-baden.com\/de\/wp-json\/wp\/v2\/categories?post=11769"},{"taxonomy":"post_tag","embeddable":true,"href":"https:\/\/www.camping-baden.com\/de\/wp-json\/wp\/v2\/tags?post=11769"},{"taxonomy":"sujet","embeddable":true,"href":"https:\/\/www.camping-baden.com\/de\/wp-json\/wp\/v2\/sujet?post=11769"}],"curies":[{"name":"wp","href":"https:\/\/api.w.org\/{rel}","templated":true}]}}