{"id":11765,"date":"2021-03-11T13:45:00","date_gmt":"2021-03-11T12:45:00","guid":{"rendered":"https:\/\/www.camping-baden.com\/kurse-5-reitstunden-ausritte-unterricht\/"},"modified":"2024-11-11T09:28:23","modified_gmt":"2024-11-11T08:28:23","slug":"kurse-5-reitstunden-ausritte-unterricht","status":"publish","type":"post","link":"https:\/\/www.camping-baden.com\/de\/kurse-5-reitstunden-ausritte-unterricht\/","title":{"rendered":"Kurse und Ausfl\u00fcge im Reitzentrum"},"content":{"rendered":"\n<div id=\"ls-heading ls-titre-div-block_a41df1790a45df6af42964e1025ce104\" class=\"ls-titre-div aligncenter h2-like has-text-color has-color-3-color\" >\n    Die Leidenschaft f\u00fcr das Reiten in Man\u00e9 Guernehu\u00e9<\/div>\n\n<div class=\"wp-block-columns is-layout-flex wp-container-core-columns-is-layout-9d6595d7 wp-block-columns-is-layout-flex\">\n<div class=\"wp-block-column is-layout-flow wp-block-column-is-layout-flow\">\n<h2 class=\"ls__heading wp-block-heading\">Das Reitzentrum bietet Ihnen die M\u00f6glichkeit, das Reiten zu entdecken oder es regelm\u00e4\u00dfig oder gelegentlich zu praktizieren.<\/h2>\n\n\n\n<p class=\"ls-paragraph\">Domaine Man\u00e9 Guernehu\u00e9 ist einer der wenigen Campingpl\u00e4tze mit einem <strong>echten Reitzentrum, das an den Campingplatz angrenzt <\/strong>. Nutzen Sie Ihren Urlaub auf dem Campingplatz oder in den <a href=\"https:\/\/www.camping-baden.com\/de\/ferienwohnung-mieten-baden\/\">Ferienh\u00e4usern von M\u00e9riadec<\/a>, um das Reiten zu entdecken oder zu perfektionieren, sei es bei einem Kurs oder einem Ausritt. <\/p>\n\n\n\n<p class=\"ls-paragraph\"><strong>Der Reitlehrer unterrichtet Reiten f\u00fcr alle Niveaus vom Anf\u00e4nger bis zum Fortgeschrittenen.<\/strong><br\/>Ponyreiten und Pferdereiten bieten Ihnen die M\u00f6glichkeit, das Vergn\u00fcgen eines Spaziergangs im Herzen des Golfs von Morbihan zu entdecken.<\/p>\n\n\n\n<h2 class=\"ls__heading wp-block-heading\">5-t\u00e4gige Reitkurse in den Ferien, in kleinen Gruppen mit gleichem Niveau<\/h2>\n\n\n\n<ul class=\"ls-list ls-list-undefined wp-block-list\">\n<li><strong>Im Sommer und w\u00e4hrend der Ferien von Allerheiligen, Februar und Ostern.<\/strong><\/li>\n\n\n\n<li>Da die Anzahl der Pl\u00e4tze begrenzt ist, senden Sie uns bitte die Zahlung zusammen mit der Anmeldung.<br\/>Zahlung per Kreditkarte, \u00dcberweisung oder Scheck (der Scheck wird am ersten Tag des Kurses eingel\u00f6st).<\/li>\n<\/ul>\n\n\n\n<h2 class=\"ls__heading wp-block-heading\">Ferienkurse im Februar, zu Ostern, im Sommer und zu Allerheiligen.<\/h2>\n\n\n\n<ul class=\"ls-list ls-list-undefined wp-block-list\">\n<li><strong>5-Tages-Kurs von Montag bis Freitag<\/strong><br\/>1 Stunde Reiten (+ Vorbereitung 15-20min vorher und nachher) : 140 \u20ac f\u00fcr Bewohner des Campingplatzes oder der Ferienh\u00e4user, 160 \u20ac f\u00fcr andere Reiter.<\/li>\n<\/ul>\n\n\n\n<ul class=\"ls-list ls-list-undefined wp-block-list\"><\/ul>\n\n\n\n<h3 class=\"ls__heading wp-block-heading\"><strong>Gelegentliche Gruppenkurse<\/strong><\/h3>\n\n\n\n<ul class=\"ls-list ls-list-undefined wp-block-list\">\n<li><strong>auf Anfrage<\/strong><\/li>\n<\/ul>\n\n\n\n<h3 class=\"ls__heading wp-block-heading\"><strong>Vom Lehrer gef\u00fchrte Wanderungen<\/strong><\/h3>\n\n\n\n<ul class=\"ls-list ls-list-undefined wp-block-list\">\n<li><strong>28 \u20ac eine Stunde im Freien<\/strong><\/li>\n<\/ul>\n\n\n\n<h3 class=\"ls__heading wp-block-heading\"><strong>Ponyreiten in Begleitung der Eltern<\/strong><\/h3>\n\n\n\n<ul class=\"ls-list ls-list-undefined wp-block-list\">\n<li><strong>12\u20ac 1\/2 Stunde<\/strong><\/li>\n<\/ul>\n\n\n\n<p class=\"ls-paragraph\"><strong>Preis pro Person.<\/strong><\/p>\n<\/div>\n\n\n\n<div class=\"wp-block-column is-layout-flow wp-block-column-is-layout-flow\">\n<figure class=\"wp-block-gallery has-nested-images columns-default is-cropped wp-block-gallery-1 is-layout-flex wp-block-gallery-is-layout-flex\">\n<figure class=\"wp-block-image size-large\"><a href=\"https:\/\/www.camping-baden.com\/wp-content\/uploads\/2021\/03\/manage-couvert-centre-equestre-800px.webp\"><img decoding=\"async\" width=\"800\" height=\"533\" data-id=\"2321\" src=\"https:\/\/www.camping-baden.com\/wp-content\/uploads\/2021\/03\/manage-couvert-centre-equestre-800px.webp\" alt=\"&#xFC;berdachtes Reitzentrum px\" class=\"wp-image-2321\" srcset=\"https:\/\/www.camping-baden.com\/wp-content\/uploads\/2021\/03\/manage-couvert-centre-equestre-800px.webp 800w, https:\/\/www.camping-baden.com\/wp-content\/uploads\/2021\/03\/manage-couvert-centre-equestre-800px-300x200.webp 300w, https:\/\/www.camping-baden.com\/wp-content\/uploads\/2021\/03\/manage-couvert-centre-equestre-800px-768x512.webp 768w\" sizes=\"(max-width: 800px) 100vw, 800px\" \/><\/a><figcaption class=\"wp-element-caption\">Unterricht in der Reithalle des Reitzentrums<br\/><\/figcaption><\/figure>\n\n\n\n<figure class=\"wp-block-image size-large\"><a href=\"https:\/\/www.camping-baden.com\/wp-content\/uploads\/2021\/03\/balade-centre-equestre-800px.webp\"><img decoding=\"async\" width=\"800\" height=\"533\" data-id=\"2309\" src=\"https:\/\/www.camping-baden.com\/wp-content\/uploads\/2021\/03\/balade-centre-equestre-800px.webp\" alt=\"Ausritt Reitzentrum px\" class=\"wp-image-2309\" srcset=\"https:\/\/www.camping-baden.com\/wp-content\/uploads\/2021\/03\/balade-centre-equestre-800px.webp 800w, https:\/\/www.camping-baden.com\/wp-content\/uploads\/2021\/03\/balade-centre-equestre-800px-300x200.webp 300w, https:\/\/www.camping-baden.com\/wp-content\/uploads\/2021\/03\/balade-centre-equestre-800px-768x512.webp 768w\" sizes=\"(max-width: 800px) 100vw, 800px\" \/><\/a><figcaption class=\"wp-element-caption\">Begleiteter Spaziergang mit der Reitlehrerin<br\/><\/figcaption><\/figure>\n\n\n\n<figure class=\"wp-block-image size-large\"><a href=\"https:\/\/www.camping-baden.com\/wp-content\/uploads\/2021\/03\/balade-centre-equestre-bord-etang-800px.webp\"><img decoding=\"async\" width=\"800\" height=\"533\" data-id=\"2353\" src=\"https:\/\/www.camping-baden.com\/wp-content\/uploads\/2021\/03\/balade-centre-equestre-bord-etang-800px.webp\" alt=\"Ausritt Reitzentrum am Teichrand px\" class=\"wp-image-2353\" srcset=\"https:\/\/www.camping-baden.com\/wp-content\/uploads\/2021\/03\/balade-centre-equestre-bord-etang-800px.webp 800w, https:\/\/www.camping-baden.com\/wp-content\/uploads\/2021\/03\/balade-centre-equestre-bord-etang-800px-300x200.webp 300w, https:\/\/www.camping-baden.com\/wp-content\/uploads\/2021\/03\/balade-centre-equestre-bord-etang-800px-768x512.webp 768w\" sizes=\"(max-width: 800px) 100vw, 800px\" \/><\/a><figcaption class=\"wp-element-caption\">Spaziergang am Teich<\/figcaption><\/figure>\n\n\n\n<figure class=\"wp-block-image size-large\"><a href=\"https:\/\/www.camping-baden.com\/wp-content\/uploads\/2021\/03\/cours-centre-equestre-800px.webp\"><img decoding=\"async\" width=\"800\" height=\"533\" data-id=\"2329\" src=\"https:\/\/www.camping-baden.com\/wp-content\/uploads\/2021\/03\/cours-centre-equestre-800px.webp\" alt=\"Kurs Reitzentrum px\" class=\"wp-image-2329\" srcset=\"https:\/\/www.camping-baden.com\/wp-content\/uploads\/2021\/03\/cours-centre-equestre-800px.webp 800w, https:\/\/www.camping-baden.com\/wp-content\/uploads\/2021\/03\/cours-centre-equestre-800px-300x200.webp 300w, https:\/\/www.camping-baden.com\/wp-content\/uploads\/2021\/03\/cours-centre-equestre-800px-768x512.webp 768w\" sizes=\"(max-width: 800px) 100vw, 800px\" \/><\/a><figcaption class=\"wp-element-caption\">Praktikum w\u00e4hrend der Allerheiligenferien<\/figcaption><\/figure>\n\n\n\n<figure class=\"wp-block-image size-large\"><a href=\"https:\/\/www.camping-baden.com\/wp-content\/uploads\/2021\/03\/cours-centre-equestre-800px-2.webp\"><img decoding=\"async\" width=\"800\" height=\"533\" data-id=\"2325\" src=\"https:\/\/www.camping-baden.com\/wp-content\/uploads\/2021\/03\/cours-centre-equestre-800px-2.webp\" alt=\"Kurs Reitzentrum px\" class=\"wp-image-2325\" srcset=\"https:\/\/www.camping-baden.com\/wp-content\/uploads\/2021\/03\/cours-centre-equestre-800px-2.webp 800w, https:\/\/www.camping-baden.com\/wp-content\/uploads\/2021\/03\/cours-centre-equestre-800px-2-300x200.webp 300w, https:\/\/www.camping-baden.com\/wp-content\/uploads\/2021\/03\/cours-centre-equestre-800px-2-768x512.webp 768w\" sizes=\"(max-width: 800px) 100vw, 800px\" \/><\/a><figcaption class=\"wp-element-caption\">Praktikum und Unterricht im Reitzentrum<\/figcaption><\/figure>\n\n\n\n<figure class=\"wp-block-image size-large\"><a href=\"https:\/\/www.camping-baden.com\/wp-content\/uploads\/2021\/03\/balade-enfant-centre-equestre-800px.webp\"><img decoding=\"async\" width=\"800\" height=\"533\" data-id=\"2345\" src=\"https:\/\/www.camping-baden.com\/wp-content\/uploads\/2021\/03\/balade-enfant-centre-equestre-800px.webp\" alt=\"Ausritt f&#xFC;r Kinder Reitzentrum px\" class=\"wp-image-2345\" srcset=\"https:\/\/www.camping-baden.com\/wp-content\/uploads\/2021\/03\/balade-enfant-centre-equestre-800px.webp 800w, https:\/\/www.camping-baden.com\/wp-content\/uploads\/2021\/03\/balade-enfant-centre-equestre-800px-300x200.webp 300w, https:\/\/www.camping-baden.com\/wp-content\/uploads\/2021\/03\/balade-enfant-centre-equestre-800px-768x512.webp 768w\" sizes=\"(max-width: 800px) 100vw, 800px\" \/><\/a><figcaption class=\"wp-element-caption\">Ponyreiten im Reitzentrum von Baden<\/figcaption><\/figure>\n\n\n\n<figure class=\"wp-block-image size-large\"><a href=\"https:\/\/www.camping-baden.com\/wp-content\/uploads\/2021\/03\/balade-centre-equestre-mane-guernehue-etang-800px.webp\"><img decoding=\"async\" width=\"800\" height=\"533\" data-id=\"2349\" src=\"https:\/\/www.camping-baden.com\/wp-content\/uploads\/2021\/03\/balade-centre-equestre-mane-guernehue-etang-800px.webp\" alt=\"Ausritt Reitzentrum Mane Guernehue etang px\" class=\"wp-image-2349\" srcset=\"https:\/\/www.camping-baden.com\/wp-content\/uploads\/2021\/03\/balade-centre-equestre-mane-guernehue-etang-800px.webp 800w, https:\/\/www.camping-baden.com\/wp-content\/uploads\/2021\/03\/balade-centre-equestre-mane-guernehue-etang-800px-300x200.webp 300w, https:\/\/www.camping-baden.com\/wp-content\/uploads\/2021\/03\/balade-centre-equestre-mane-guernehue-etang-800px-768x512.webp 768w\" sizes=\"(max-width: 800px) 100vw, 800px\" \/><\/a><figcaption class=\"wp-element-caption\">Ausritt am Teich in Man\u00e9 Guernehu\u00e9<\/figcaption><\/figure>\n\n\n\n<figure class=\"wp-block-image size-large\"><a href=\"https:\/\/www.camping-baden.com\/wp-content\/uploads\/2021\/03\/centre-equestre-balade-800px-1.webp\"><img decoding=\"async\" width=\"800\" height=\"533\" data-id=\"2337\" src=\"https:\/\/www.camping-baden.com\/wp-content\/uploads\/2021\/03\/centre-equestre-balade-800px-1.webp\" alt=\"Reitzentrum balade px\" class=\"wp-image-2337\" srcset=\"https:\/\/www.camping-baden.com\/wp-content\/uploads\/2021\/03\/centre-equestre-balade-800px-1.webp 800w, https:\/\/www.camping-baden.com\/wp-content\/uploads\/2021\/03\/centre-equestre-balade-800px-1-300x200.webp 300w, https:\/\/www.camping-baden.com\/wp-content\/uploads\/2021\/03\/centre-equestre-balade-800px-1-768x512.webp 768w\" sizes=\"(max-width: 800px) 100vw, 800px\" \/><\/a><figcaption class=\"wp-element-caption\">Ausritt im Golf von Morbihan<\/figcaption><\/figure>\n\n\n\n<figure class=\"wp-block-image size-large\"><a href=\"https:\/\/www.camping-baden.com\/wp-content\/uploads\/2021\/03\/promenade-a-poney-baden-centre-equestre-800px.webp\"><img decoding=\"async\" width=\"800\" height=\"533\" data-id=\"2313\" src=\"https:\/\/www.camping-baden.com\/wp-content\/uploads\/2021\/03\/promenade-a-poney-baden-centre-equestre-800px.webp\" alt=\"Ponyreiten baden reitzentrum px\" class=\"wp-image-2313\" srcset=\"https:\/\/www.camping-baden.com\/wp-content\/uploads\/2021\/03\/promenade-a-poney-baden-centre-equestre-800px.webp 800w, https:\/\/www.camping-baden.com\/wp-content\/uploads\/2021\/03\/promenade-a-poney-baden-centre-equestre-800px-300x200.webp 300w, https:\/\/www.camping-baden.com\/wp-content\/uploads\/2021\/03\/promenade-a-poney-baden-centre-equestre-800px-768x512.webp 768w\" sizes=\"(max-width: 800px) 100vw, 800px\" \/><\/a><figcaption class=\"wp-element-caption\">Ponyreiten auf dem Campingplatz in Baden<\/figcaption><\/figure>\n\n\n\n<figure class=\"wp-block-image size-large\"><a href=\"https:\/\/www.camping-baden.com\/wp-content\/uploads\/2021\/03\/manege-couvert-4-800px.webp\"><img decoding=\"async\" width=\"800\" height=\"539\" data-id=\"2317\" src=\"https:\/\/www.camping-baden.com\/wp-content\/uploads\/2021\/03\/manege-couvert-4-800px.webp\" alt=\"&#xFC;berdachter Reitstall px\" class=\"wp-image-2317\" srcset=\"https:\/\/www.camping-baden.com\/wp-content\/uploads\/2021\/03\/manege-couvert-4-800px.webp 800w, https:\/\/www.camping-baden.com\/wp-content\/uploads\/2021\/03\/manege-couvert-4-800px-300x202.webp 300w, https:\/\/www.camping-baden.com\/wp-content\/uploads\/2021\/03\/manege-couvert-4-800px-768x517.webp 768w\" sizes=\"(max-width: 800px) 100vw, 800px\" \/><\/a><figcaption class=\"wp-element-caption\">\u00dcberdachte Reithalle im Reitzentrum<\/figcaption><\/figure>\n\n\n\n<figure class=\"wp-block-image size-large\"><a href=\"https:\/\/www.camping-baden.com\/wp-content\/uploads\/2021\/03\/centre-equestre-saut.webp\"><img decoding=\"async\" width=\"800\" height=\"539\" data-id=\"2333\" src=\"https:\/\/www.camping-baden.com\/wp-content\/uploads\/2021\/03\/centre-equestre-saut.webp\" alt=\"Springreiterzentrum\" class=\"wp-image-2333\" srcset=\"https:\/\/www.camping-baden.com\/wp-content\/uploads\/2021\/03\/centre-equestre-saut.webp 800w, https:\/\/www.camping-baden.com\/wp-content\/uploads\/2021\/03\/centre-equestre-saut-300x202.webp 300w, https:\/\/www.camping-baden.com\/wp-content\/uploads\/2021\/03\/centre-equestre-saut-768x517.webp 768w\" sizes=\"(max-width: 800px) 100vw, 800px\" \/><\/a><figcaption class=\"wp-element-caption\">Springreiten im Reitzentrum<\/figcaption><\/figure>\n\n\n\n<figure class=\"wp-block-image size-large\"><a href=\"https:\/\/www.camping-baden.com\/wp-content\/uploads\/2021\/03\/carriere-3-800px.webp\"><img decoding=\"async\" width=\"800\" height=\"539\" data-id=\"2341\" src=\"https:\/\/www.camping-baden.com\/wp-content\/uploads\/2021\/03\/carriere-3-800px.webp\" alt=\"Steinbruch px\" class=\"wp-image-2341\" srcset=\"https:\/\/www.camping-baden.com\/wp-content\/uploads\/2021\/03\/carriere-3-800px.webp 800w, https:\/\/www.camping-baden.com\/wp-content\/uploads\/2021\/03\/carriere-3-800px-300x202.webp 300w, https:\/\/www.camping-baden.com\/wp-content\/uploads\/2021\/03\/carriere-3-800px-768x517.webp 768w\" sizes=\"(max-width: 800px) 100vw, 800px\" \/><\/a><figcaption class=\"wp-element-caption\">Kurse auf dem Reitplatz im Reitzentrum<\/figcaption><\/figure>\n<\/figure>\n\n\n\n<a href=\"https:\/\/camping-baden.ouiresa.fr\/#\/?type=202\" id=\"ls-button-block_4b597c932661cd4f48053166019de959\" target=\"_blank\" rel=\"\" class=\"ls-button\" >\n    <span>Buchen Sie Ihre Reitaktivit\u00e4ten online<\/span><i class=\"mane-fleche\"><\/i>\n<\/a>\n\n\n<h3 class=\"ls__heading wp-block-heading\">Weitere Informationen auf der Website des Reitzentrums<\/h3>\n\n\n\n<p class=\"ls-paragraph\"><a href=\"https:\/\/www.centre-equestre-baden.com\/\" target=\"_blank\" rel=\"noreferrer noopener\">Website des Reitzentrums Man\u00e9 Guernehu\u00e9<\/a><\/p>\n\n\n\n<p class=\"ls-paragraph\"><strong>Lizenz und Versicherung:<br\/> Jahreslizenz<\/strong>(25\u20ac f\u00fcr Kinder unter 18 Jahren)<\/p>\n<\/div>\n<\/div>\n\n<p class=\"ls-paragraph\"><\/p>\n","protected":false},"excerpt":{"rendered":"<p>Das Reitzentrum bietet Ihnen die M\u00f6glichkeit, das Reiten zu entdecken oder es regelm\u00e4\u00dfig oder gelegentlich zu praktizieren. Domaine Man\u00e9 Guernehu\u00e9 ist einer der wenigen Campingpl\u00e4tze mit einem echten Reitzentrum, das an den Campingplatz angrenzt . Nutzen Sie Ihren Urlaub auf dem Campingplatz oder in den Ferienh\u00e4usern von M\u00e9riadec, um das Reiten zu entdecken oder zu [&hellip;]<\/p>\n","protected":false},"author":1,"featured_media":2361,"comment_status":"closed","ping_status":"closed","sticky":false,"template":"","format":"standard","meta":{"_acf_changed":false,"footnotes":""},"categories":[206],"tags":[],"sujet":[],"class_list":["post-11765","post","type-post","status-publish","format-standard","has-post-thumbnail","hentry","category-nachrichten"],"acf":[],"yoast_head":"<!-- This site is optimized with the Yoast SEO plugin v25.3 - https:\/\/yoast.com\/wordpress\/plugins\/seo\/ -->\n<title>Kurse und Ausfl\u00fcge im Reitzentrum<\/title>\n<meta name=\"robots\" content=\"index, follow, max-snippet:-1, max-image-preview:large, max-video-preview:-1\" \/>\n<link rel=\"canonical\" href=\"https:\/\/www.camping-baden.com\/de\/kurse-5-reitstunden-ausritte-unterricht\/\" \/>\n<meta property=\"og:locale\" content=\"de_DE\" \/>\n<meta property=\"og:type\" content=\"article\" \/>\n<meta property=\"og:title\" content=\"Kurse und Ausfl\u00fcge im Reitzentrum\" \/>\n<meta property=\"og:description\" content=\"Das Reitzentrum bietet Ihnen die M\u00f6glichkeit, das Reiten zu entdecken oder es regelm\u00e4\u00dfig oder gelegentlich zu praktizieren. Domaine Man\u00e9 Guernehu\u00e9 ist einer der wenigen Campingpl\u00e4tze mit einem echten Reitzentrum, das an den Campingplatz angrenzt . Nutzen Sie Ihren Urlaub auf dem Campingplatz oder in den Ferienh\u00e4usern von M\u00e9riadec, um das Reiten zu entdecken oder zu [&hellip;]\" \/>\n<meta property=\"og:url\" content=\"https:\/\/www.camping-baden.com\/de\/kurse-5-reitstunden-ausritte-unterricht\/\" \/>\n<meta property=\"og:site_name\" content=\"Man\u00e9 Guernehu\u00e9\" \/>\n<meta property=\"article:published_time\" content=\"2021-03-11T12:45:00+00:00\" \/>\n<meta property=\"article:modified_time\" content=\"2024-11-11T08:28:23+00:00\" \/>\n<meta property=\"og:image\" content=\"https:\/\/www.camping-baden.com\/wp-content\/uploads\/2021\/03\/balade-centre-equestre-morbihan.webp\" \/>\n\t<meta property=\"og:image:width\" content=\"2000\" \/>\n\t<meta property=\"og:image:height\" content=\"1333\" \/>\n\t<meta property=\"og:image:type\" content=\"image\/webp\" \/>\n<meta name=\"author\" content=\"@dmin64\" \/>\n<meta name=\"twitter:card\" content=\"summary_large_image\" \/>\n<meta name=\"twitter:label1\" content=\"Verfasst von\" \/>\n\t<meta name=\"twitter:data1\" content=\"@dmin64\" \/>\n\t<meta name=\"twitter:label2\" content=\"Gesch\u00e4tzte Lesezeit\" \/>\n\t<meta name=\"twitter:data2\" content=\"1\u00a0Minute\" \/>\n<script type=\"application\/ld+json\" class=\"yoast-schema-graph\">{\"@context\":\"https:\/\/schema.org\",\"@graph\":[{\"@type\":\"Article\",\"@id\":\"https:\/\/www.camping-baden.com\/de\/kurse-5-reitstunden-ausritte-unterricht\/#article\",\"isPartOf\":{\"@id\":\"https:\/\/www.camping-baden.com\/de\/kurse-5-reitstunden-ausritte-unterricht\/\"},\"author\":{\"name\":\"@dmin64\",\"@id\":\"https:\/\/www.camping-baden.com\/de\/#\/schema\/person\/c6e510fdea074e9025407c05c7b117ed\"},\"headline\":\"Kurse und Ausfl\u00fcge im Reitzentrum\",\"datePublished\":\"2021-03-11T12:45:00+00:00\",\"dateModified\":\"2024-11-11T08:28:23+00:00\",\"mainEntityOfPage\":{\"@id\":\"https:\/\/www.camping-baden.com\/de\/kurse-5-reitstunden-ausritte-unterricht\/\"},\"wordCount\":305,\"publisher\":{\"@id\":\"https:\/\/www.camping-baden.com\/de\/#organization\"},\"image\":{\"@id\":\"https:\/\/www.camping-baden.com\/de\/kurse-5-reitstunden-ausritte-unterricht\/#primaryimage\"},\"thumbnailUrl\":\"https:\/\/www.camping-baden.com\/wp-content\/uploads\/2021\/03\/balade-centre-equestre-morbihan.webp\",\"articleSection\":[\"Nachrichten\"],\"inLanguage\":\"de\"},{\"@type\":\"WebPage\",\"@id\":\"https:\/\/www.camping-baden.com\/de\/kurse-5-reitstunden-ausritte-unterricht\/\",\"url\":\"https:\/\/www.camping-baden.com\/de\/kurse-5-reitstunden-ausritte-unterricht\/\",\"name\":\"Kurse und Ausfl\u00fcge im Reitzentrum\",\"isPartOf\":{\"@id\":\"https:\/\/www.camping-baden.com\/de\/#website\"},\"primaryImageOfPage\":{\"@id\":\"https:\/\/www.camping-baden.com\/de\/kurse-5-reitstunden-ausritte-unterricht\/#primaryimage\"},\"image\":{\"@id\":\"https:\/\/www.camping-baden.com\/de\/kurse-5-reitstunden-ausritte-unterricht\/#primaryimage\"},\"thumbnailUrl\":\"https:\/\/www.camping-baden.com\/wp-content\/uploads\/2021\/03\/balade-centre-equestre-morbihan.webp\",\"datePublished\":\"2021-03-11T12:45:00+00:00\",\"dateModified\":\"2024-11-11T08:28:23+00:00\",\"breadcrumb\":{\"@id\":\"https:\/\/www.camping-baden.com\/de\/kurse-5-reitstunden-ausritte-unterricht\/#breadcrumb\"},\"inLanguage\":\"de\",\"potentialAction\":[{\"@type\":\"ReadAction\",\"target\":[\"https:\/\/www.camping-baden.com\/de\/kurse-5-reitstunden-ausritte-unterricht\/\"]}]},{\"@type\":\"ImageObject\",\"inLanguage\":\"de\",\"@id\":\"https:\/\/www.camping-baden.com\/de\/kurse-5-reitstunden-ausritte-unterricht\/#primaryimage\",\"url\":\"https:\/\/www.camping-baden.com\/wp-content\/uploads\/2021\/03\/balade-centre-equestre-morbihan.webp\",\"contentUrl\":\"https:\/\/www.camping-baden.com\/wp-content\/uploads\/2021\/03\/balade-centre-equestre-morbihan.webp\",\"width\":2000,\"height\":1333,\"caption\":\"Ausritt im Reitzentrum Morbihan\"},{\"@type\":\"BreadcrumbList\",\"@id\":\"https:\/\/www.camping-baden.com\/de\/kurse-5-reitstunden-ausritte-unterricht\/#breadcrumb\",\"itemListElement\":[{\"@type\":\"ListItem\",\"position\":1,\"name\":\"Camping Golfe du Morbihan\",\"item\":\"https:\/\/www.camping-baden.com\/de\/\"},{\"@type\":\"ListItem\",\"position\":2,\"name\":\"Nachrichten\",\"item\":\"https:\/\/www.camping-baden.com\/de\/nachrichten\/\"},{\"@type\":\"ListItem\",\"position\":3,\"name\":\"Kurse und Ausfl\u00fcge im Reitzentrum\"}]},{\"@type\":\"WebSite\",\"@id\":\"https:\/\/www.camping-baden.com\/de\/#website\",\"url\":\"https:\/\/www.camping-baden.com\/de\/\",\"name\":\"Man\u00e9 Guernehu\u00e9\",\"description\":\"\",\"publisher\":{\"@id\":\"https:\/\/www.camping-baden.com\/de\/#organization\"},\"potentialAction\":[{\"@type\":\"SearchAction\",\"target\":{\"@type\":\"EntryPoint\",\"urlTemplate\":\"https:\/\/www.camping-baden.com\/de\/?s={search_term_string}\"},\"query-input\":{\"@type\":\"PropertyValueSpecification\",\"valueRequired\":true,\"valueName\":\"search_term_string\"}}],\"inLanguage\":\"de\"},{\"@type\":\"Organization\",\"@id\":\"https:\/\/www.camping-baden.com\/de\/#organization\",\"name\":\"Man\u00e9 Guernehu\u00e9\",\"url\":\"https:\/\/www.camping-baden.com\/de\/\",\"logo\":{\"@type\":\"ImageObject\",\"inLanguage\":\"de\",\"@id\":\"https:\/\/www.camping-baden.com\/de\/#\/schema\/logo\/image\/\",\"url\":\"https:\/\/www.camping-baden.com\/wp-content\/uploads\/2024\/08\/logo-camping-mane-guernehue.png\",\"contentUrl\":\"https:\/\/www.camping-baden.com\/wp-content\/uploads\/2024\/08\/logo-camping-mane-guernehue.png\",\"width\":1000,\"height\":450,\"caption\":\"Man\u00e9 Guernehu\u00e9\"},\"image\":{\"@id\":\"https:\/\/www.camping-baden.com\/de\/#\/schema\/logo\/image\/\"}},{\"@type\":\"Person\",\"@id\":\"https:\/\/www.camping-baden.com\/de\/#\/schema\/person\/c6e510fdea074e9025407c05c7b117ed\",\"name\":\"@dmin64\",\"image\":{\"@type\":\"ImageObject\",\"inLanguage\":\"de\",\"@id\":\"https:\/\/www.camping-baden.com\/de\/#\/schema\/person\/image\/\",\"url\":\"https:\/\/secure.gravatar.com\/avatar\/c139ef583a0e65260f6808f5628e6eca9fa8608b06e80bc14d5c39d32af667ca?s=96&d=mm&r=g\",\"contentUrl\":\"https:\/\/secure.gravatar.com\/avatar\/c139ef583a0e65260f6808f5628e6eca9fa8608b06e80bc14d5c39d32af667ca?s=96&d=mm&r=g\",\"caption\":\"@dmin64\"},\"sameAs\":[\"https:\/\/www.camping-baden.com\"]}]}<\/script>\n<!-- \/ Yoast SEO plugin. -->","yoast_head_json":{"title":"Kurse und Ausfl\u00fcge im Reitzentrum","robots":{"index":"index","follow":"follow","max-snippet":"max-snippet:-1","max-image-preview":"max-image-preview:large","max-video-preview":"max-video-preview:-1"},"canonical":"https:\/\/www.camping-baden.com\/de\/kurse-5-reitstunden-ausritte-unterricht\/","og_locale":"de_DE","og_type":"article","og_title":"Kurse und Ausfl\u00fcge im Reitzentrum","og_description":"Das Reitzentrum bietet Ihnen die M\u00f6glichkeit, das Reiten zu entdecken oder es regelm\u00e4\u00dfig oder gelegentlich zu praktizieren. Domaine Man\u00e9 Guernehu\u00e9 ist einer der wenigen Campingpl\u00e4tze mit einem echten Reitzentrum, das an den Campingplatz angrenzt . Nutzen Sie Ihren Urlaub auf dem Campingplatz oder in den Ferienh\u00e4usern von M\u00e9riadec, um das Reiten zu entdecken oder zu [&hellip;]","og_url":"https:\/\/www.camping-baden.com\/de\/kurse-5-reitstunden-ausritte-unterricht\/","og_site_name":"Man\u00e9 Guernehu\u00e9","article_published_time":"2021-03-11T12:45:00+00:00","article_modified_time":"2024-11-11T08:28:23+00:00","og_image":[{"width":2000,"height":1333,"url":"https:\/\/www.camping-baden.com\/wp-content\/uploads\/2021\/03\/balade-centre-equestre-morbihan.webp","type":"image\/webp"}],"author":"@dmin64","twitter_card":"summary_large_image","twitter_misc":{"Verfasst von":"@dmin64","Gesch\u00e4tzte Lesezeit":"1\u00a0Minute"},"schema":{"@context":"https:\/\/schema.org","@graph":[{"@type":"Article","@id":"https:\/\/www.camping-baden.com\/de\/kurse-5-reitstunden-ausritte-unterricht\/#article","isPartOf":{"@id":"https:\/\/www.camping-baden.com\/de\/kurse-5-reitstunden-ausritte-unterricht\/"},"author":{"name":"@dmin64","@id":"https:\/\/www.camping-baden.com\/de\/#\/schema\/person\/c6e510fdea074e9025407c05c7b117ed"},"headline":"Kurse und Ausfl\u00fcge im Reitzentrum","datePublished":"2021-03-11T12:45:00+00:00","dateModified":"2024-11-11T08:28:23+00:00","mainEntityOfPage":{"@id":"https:\/\/www.camping-baden.com\/de\/kurse-5-reitstunden-ausritte-unterricht\/"},"wordCount":305,"publisher":{"@id":"https:\/\/www.camping-baden.com\/de\/#organization"},"image":{"@id":"https:\/\/www.camping-baden.com\/de\/kurse-5-reitstunden-ausritte-unterricht\/#primaryimage"},"thumbnailUrl":"https:\/\/www.camping-baden.com\/wp-content\/uploads\/2021\/03\/balade-centre-equestre-morbihan.webp","articleSection":["Nachrichten"],"inLanguage":"de"},{"@type":"WebPage","@id":"https:\/\/www.camping-baden.com\/de\/kurse-5-reitstunden-ausritte-unterricht\/","url":"https:\/\/www.camping-baden.com\/de\/kurse-5-reitstunden-ausritte-unterricht\/","name":"Kurse und Ausfl\u00fcge im Reitzentrum","isPartOf":{"@id":"https:\/\/www.camping-baden.com\/de\/#website"},"primaryImageOfPage":{"@id":"https:\/\/www.camping-baden.com\/de\/kurse-5-reitstunden-ausritte-unterricht\/#primaryimage"},"image":{"@id":"https:\/\/www.camping-baden.com\/de\/kurse-5-reitstunden-ausritte-unterricht\/#primaryimage"},"thumbnailUrl":"https:\/\/www.camping-baden.com\/wp-content\/uploads\/2021\/03\/balade-centre-equestre-morbihan.webp","datePublished":"2021-03-11T12:45:00+00:00","dateModified":"2024-11-11T08:28:23+00:00","breadcrumb":{"@id":"https:\/\/www.camping-baden.com\/de\/kurse-5-reitstunden-ausritte-unterricht\/#breadcrumb"},"inLanguage":"de","potentialAction":[{"@type":"ReadAction","target":["https:\/\/www.camping-baden.com\/de\/kurse-5-reitstunden-ausritte-unterricht\/"]}]},{"@type":"ImageObject","inLanguage":"de","@id":"https:\/\/www.camping-baden.com\/de\/kurse-5-reitstunden-ausritte-unterricht\/#primaryimage","url":"https:\/\/www.camping-baden.com\/wp-content\/uploads\/2021\/03\/balade-centre-equestre-morbihan.webp","contentUrl":"https:\/\/www.camping-baden.com\/wp-content\/uploads\/2021\/03\/balade-centre-equestre-morbihan.webp","width":2000,"height":1333,"caption":"Ausritt im Reitzentrum Morbihan"},{"@type":"BreadcrumbList","@id":"https:\/\/www.camping-baden.com\/de\/kurse-5-reitstunden-ausritte-unterricht\/#breadcrumb","itemListElement":[{"@type":"ListItem","position":1,"name":"Camping Golfe du Morbihan","item":"https:\/\/www.camping-baden.com\/de\/"},{"@type":"ListItem","position":2,"name":"Nachrichten","item":"https:\/\/www.camping-baden.com\/de\/nachrichten\/"},{"@type":"ListItem","position":3,"name":"Kurse und Ausfl\u00fcge im Reitzentrum"}]},{"@type":"WebSite","@id":"https:\/\/www.camping-baden.com\/de\/#website","url":"https:\/\/www.camping-baden.com\/de\/","name":"Man\u00e9 Guernehu\u00e9","description":"","publisher":{"@id":"https:\/\/www.camping-baden.com\/de\/#organization"},"potentialAction":[{"@type":"SearchAction","target":{"@type":"EntryPoint","urlTemplate":"https:\/\/www.camping-baden.com\/de\/?s={search_term_string}"},"query-input":{"@type":"PropertyValueSpecification","valueRequired":true,"valueName":"search_term_string"}}],"inLanguage":"de"},{"@type":"Organization","@id":"https:\/\/www.camping-baden.com\/de\/#organization","name":"Man\u00e9 Guernehu\u00e9","url":"https:\/\/www.camping-baden.com\/de\/","logo":{"@type":"ImageObject","inLanguage":"de","@id":"https:\/\/www.camping-baden.com\/de\/#\/schema\/logo\/image\/","url":"https:\/\/www.camping-baden.com\/wp-content\/uploads\/2024\/08\/logo-camping-mane-guernehue.png","contentUrl":"https:\/\/www.camping-baden.com\/wp-content\/uploads\/2024\/08\/logo-camping-mane-guernehue.png","width":1000,"height":450,"caption":"Man\u00e9 Guernehu\u00e9"},"image":{"@id":"https:\/\/www.camping-baden.com\/de\/#\/schema\/logo\/image\/"}},{"@type":"Person","@id":"https:\/\/www.camping-baden.com\/de\/#\/schema\/person\/c6e510fdea074e9025407c05c7b117ed","name":"@dmin64","image":{"@type":"ImageObject","inLanguage":"de","@id":"https:\/\/www.camping-baden.com\/de\/#\/schema\/person\/image\/","url":"https:\/\/secure.gravatar.com\/avatar\/c139ef583a0e65260f6808f5628e6eca9fa8608b06e80bc14d5c39d32af667ca?s=96&d=mm&r=g","contentUrl":"https:\/\/secure.gravatar.com\/avatar\/c139ef583a0e65260f6808f5628e6eca9fa8608b06e80bc14d5c39d32af667ca?s=96&d=mm&r=g","caption":"@dmin64"},"sameAs":["https:\/\/www.camping-baden.com"]}]}},"_links":{"self":[{"href":"https:\/\/www.camping-baden.com\/de\/wp-json\/wp\/v2\/posts\/11765","targetHints":{"allow":["GET"]}}],"collection":[{"href":"https:\/\/www.camping-baden.com\/de\/wp-json\/wp\/v2\/posts"}],"about":[{"href":"https:\/\/www.camping-baden.com\/de\/wp-json\/wp\/v2\/types\/post"}],"author":[{"embeddable":true,"href":"https:\/\/www.camping-baden.com\/de\/wp-json\/wp\/v2\/users\/1"}],"replies":[{"embeddable":true,"href":"https:\/\/www.camping-baden.com\/de\/wp-json\/wp\/v2\/comments?post=11765"}],"version-history":[{"count":3,"href":"https:\/\/www.camping-baden.com\/de\/wp-json\/wp\/v2\/posts\/11765\/revisions"}],"predecessor-version":[{"id":11814,"href":"https:\/\/www.camping-baden.com\/de\/wp-json\/wp\/v2\/posts\/11765\/revisions\/11814"}],"wp:featuredmedia":[{"embeddable":true,"href":"https:\/\/www.camping-baden.com\/de\/wp-json\/wp\/v2\/media\/2361"}],"wp:attachment":[{"href":"https:\/\/www.camping-baden.com\/de\/wp-json\/wp\/v2\/media?parent=11765"}],"wp:term":[{"taxonomy":"category","embeddable":true,"href":"https:\/\/www.camping-baden.com\/de\/wp-json\/wp\/v2\/categories?post=11765"},{"taxonomy":"post_tag","embeddable":true,"href":"https:\/\/www.camping-baden.com\/de\/wp-json\/wp\/v2\/tags?post=11765"},{"taxonomy":"sujet","embeddable":true,"href":"https:\/\/www.camping-baden.com\/de\/wp-json\/wp\/v2\/sujet?post=11765"}],"curies":[{"name":"wp","href":"https:\/\/api.w.org\/{rel}","templated":true}]}}