{"id":11763,"date":"2023-09-06T15:36:00","date_gmt":"2023-09-06T13:36:00","guid":{"rendered":"https:\/\/www.camping-baden.com\/geschenkidee-gutschien-urlaub-unterkunft-spa-reiten\/"},"modified":"2024-11-11T09:28:17","modified_gmt":"2024-11-11T08:28:17","slug":"geschenkidee-gutschien-urlaub-unterkunft-spa-reiten","status":"publish","type":"post","link":"https:\/\/www.camping-baden.com\/de\/geschenkidee-gutschien-urlaub-unterkunft-spa-reiten\/","title":{"rendered":"Urlaub in Ferienh\u00e4usern am Golf von Morbihan"},"content":{"rendered":"\n<h2 class=\"ls__heading wp-block-heading\">Authentische Ferienh\u00e4user mit allem Komfort, Reitzentrum, Empfangsraum: GANZJ\u00c4HRIG GE\u00d6FFNET<\/h2>\n\n<p class=\"ls-paragraph\"><strong>Genie\u00dfen Sie die milde Nachsaison und das Gl\u00fcck eines Urlaubs in einem Ferienhaus mit allem Komfort! Die G\u00eetes de M\u00e9riadec und die G\u00eetes des Hauts de Toulvern hei\u00dfen Sie zu jeder Jahreszeit willkommen! <\/strong><\/p>\n\n<div class=\"wp-block-columns is-layout-flex wp-container-core-columns-is-layout-9d6595d7 wp-block-columns-is-layout-flex\">\n<div class=\"wp-block-column is-layout-flow wp-block-column-is-layout-flow\">\n<figure class=\"wp-block-gallery has-nested-images columns-default is-cropped wp-block-gallery-1 is-layout-flex wp-block-gallery-is-layout-flex\">\n<figure class=\"wp-block-image size-large\"><a href=\"https:\/\/www.camping-baden.com\/wp-content\/uploads\/2023\/09\/gites-de-meriadec-ecurie-pressoir-grange-800px-min.webp\"><img decoding=\"async\" width=\"891\" height=\"600\" data-id=\"3052\" src=\"https:\/\/www.camping-baden.com\/wp-content\/uploads\/2023\/09\/gites-de-meriadec-ecurie-pressoir-grange-800px-min.webp\" alt=\"ferienwohnungen meriadec ecurie pressoir grange px min\" class=\"wp-image-3052\" srcset=\"https:\/\/www.camping-baden.com\/wp-content\/uploads\/2023\/09\/gites-de-meriadec-ecurie-pressoir-grange-800px-min.webp 891w, https:\/\/www.camping-baden.com\/wp-content\/uploads\/2023\/09\/gites-de-meriadec-ecurie-pressoir-grange-800px-min-300x202.webp 300w, https:\/\/www.camping-baden.com\/wp-content\/uploads\/2023\/09\/gites-de-meriadec-ecurie-pressoir-grange-800px-min-768x517.webp 768w\" sizes=\"(max-width: 891px) 100vw, 891px\" \/><\/a><figcaption class=\"wp-element-caption\">Ferienwohnungen von M\u00e9riadec<\/figcaption><\/figure>\n\n\n\n<figure class=\"wp-block-image size-large\"><a href=\"https:\/\/www.camping-baden.com\/wp-content\/uploads\/2023\/09\/crtb-ac6990_PIRIOU-Jacqueline-800px.webp\"><img decoding=\"async\" width=\"901\" height=\"600\" data-id=\"3044\" src=\"https:\/\/www.camping-baden.com\/wp-content\/uploads\/2023\/09\/crtb-ac6990_PIRIOU-Jacqueline-800px.webp\" alt=\"crtb ac PIRIOU Jacqueline px\" class=\"wp-image-3044\" srcset=\"https:\/\/www.camping-baden.com\/wp-content\/uploads\/2023\/09\/crtb-ac6990_PIRIOU-Jacqueline-800px.webp 901w, https:\/\/www.camping-baden.com\/wp-content\/uploads\/2023\/09\/crtb-ac6990_PIRIOU-Jacqueline-800px-300x200.webp 300w, https:\/\/www.camping-baden.com\/wp-content\/uploads\/2023\/09\/crtb-ac6990_PIRIOU-Jacqueline-800px-768x511.webp 768w\" sizes=\"(max-width: 901px) 100vw, 901px\" \/><\/a><figcaption class=\"wp-element-caption\">Familienradeln am Meer \u00a9 Jacqueline Piriou CRT<\/figcaption><\/figure>\n\n\n\n<figure class=\"wp-block-image size-large\"><a href=\"https:\/\/www.camping-baden.com\/wp-content\/uploads\/2021\/05\/randonnee-golfe-du-morbihan-800px.webp\"><img decoding=\"async\" width=\"800\" height=\"533\" data-id=\"1347\" src=\"https:\/\/www.camping-baden.com\/wp-content\/uploads\/2021\/05\/randonnee-golfe-du-morbihan-800px.webp\" alt=\"Wanderung Golf von Morbihan px\" class=\"wp-image-1347\" srcset=\"https:\/\/www.camping-baden.com\/wp-content\/uploads\/2021\/05\/randonnee-golfe-du-morbihan-800px.webp 800w, https:\/\/www.camping-baden.com\/wp-content\/uploads\/2021\/05\/randonnee-golfe-du-morbihan-800px-300x200.webp 300w, https:\/\/www.camping-baden.com\/wp-content\/uploads\/2021\/05\/randonnee-golfe-du-morbihan-800px-768x512.webp 768w\" sizes=\"(max-width: 800px) 100vw, 800px\" \/><\/a><figcaption class=\"wp-element-caption\">Wandern auf dem GR34<\/figcaption><\/figure>\n\n\n\n<figure class=\"wp-block-image size-large\"><a href=\"https:\/\/www.camping-baden.com\/wp-content\/uploads\/2023\/09\/les-alignements-carnac.webp\"><img decoding=\"async\" width=\"901\" height=\"600\" data-id=\"3068\" src=\"https:\/\/www.camping-baden.com\/wp-content\/uploads\/2023\/09\/les-alignements-carnac.webp\" alt=\"die carnac alignements\" class=\"wp-image-3068\" srcset=\"https:\/\/www.camping-baden.com\/wp-content\/uploads\/2023\/09\/les-alignements-carnac.webp 901w, https:\/\/www.camping-baden.com\/wp-content\/uploads\/2023\/09\/les-alignements-carnac-300x200.webp 300w, https:\/\/www.camping-baden.com\/wp-content\/uploads\/2023\/09\/les-alignements-carnac-768x511.webp 768w\" sizes=\"(max-width: 901px) 100vw, 901px\" \/><\/a><figcaption class=\"wp-element-caption\">Die Menhirreihen von Carnac<\/figcaption><\/figure>\n\n\n\n<figure class=\"wp-block-image size-large\"><a href=\"https:\/\/www.camping-baden.com\/wp-content\/uploads\/2023\/09\/port-de-saint-goustan-ylg-800px.webp\"><img decoding=\"async\" width=\"901\" height=\"600\" data-id=\"3072\" src=\"https:\/\/www.camping-baden.com\/wp-content\/uploads\/2023\/09\/port-de-saint-goustan-ylg-800px.webp\" alt=\"hafen von saint goustan ylg px\" class=\"wp-image-3072\" srcset=\"https:\/\/www.camping-baden.com\/wp-content\/uploads\/2023\/09\/port-de-saint-goustan-ylg-800px.webp 901w, https:\/\/www.camping-baden.com\/wp-content\/uploads\/2023\/09\/port-de-saint-goustan-ylg-800px-300x200.webp 300w, https:\/\/www.camping-baden.com\/wp-content\/uploads\/2023\/09\/port-de-saint-goustan-ylg-800px-768x511.webp 768w\" sizes=\"(max-width: 901px) 100vw, 901px\" \/><\/a><figcaption class=\"wp-element-caption\">Hafen von Saint Goustan \u00a9 Yannick Le Gal<\/figcaption><\/figure>\n\n\n\n<figure class=\"wp-block-image size-large\"><a href=\"https:\/\/www.camping-baden.com\/wp-content\/uploads\/2023\/09\/voile-golfe-du-morbihan_GLADU-Ronan.webp\"><img decoding=\"async\" width=\"901\" height=\"600\" data-id=\"3040\" src=\"https:\/\/www.camping-baden.com\/wp-content\/uploads\/2023\/09\/voile-golfe-du-morbihan_GLADU-Ronan.webp\" alt=\"Segeln Golf von Morbihan GLADU Ronan\" class=\"wp-image-3040\" srcset=\"https:\/\/www.camping-baden.com\/wp-content\/uploads\/2023\/09\/voile-golfe-du-morbihan_GLADU-Ronan.webp 901w, https:\/\/www.camping-baden.com\/wp-content\/uploads\/2023\/09\/voile-golfe-du-morbihan_GLADU-Ronan-300x200.webp 300w, https:\/\/www.camping-baden.com\/wp-content\/uploads\/2023\/09\/voile-golfe-du-morbihan_GLADU-Ronan-768x511.webp 768w\" sizes=\"(max-width: 901px) 100vw, 901px\" \/><\/a><figcaption class=\"wp-element-caption\">Traditionelles Segeln im Golf von Morbihan \u00a9 Ronan Gladu<\/figcaption><\/figure>\n\n\n\n<figure class=\"wp-block-image size-large\"><a href=\"https:\/\/www.camping-baden.com\/wp-content\/uploads\/2020\/06\/velo_BOURCIER-Simon-800px.webp\"><img decoding=\"async\" width=\"800\" height=\"533\" data-id=\"1429\" src=\"https:\/\/www.camping-baden.com\/wp-content\/uploads\/2020\/06\/velo_BOURCIER-Simon-800px.webp\" alt=\"Fahrrad BOURCIER Simon px\" class=\"wp-image-1429\" srcset=\"https:\/\/www.camping-baden.com\/wp-content\/uploads\/2020\/06\/velo_BOURCIER-Simon-800px.webp 800w, https:\/\/www.camping-baden.com\/wp-content\/uploads\/2020\/06\/velo_BOURCIER-Simon-800px-300x200.webp 300w, https:\/\/www.camping-baden.com\/wp-content\/uploads\/2020\/06\/velo_BOURCIER-Simon-800px-768x512.webp 768w\" sizes=\"(max-width: 800px) 100vw, 800px\" \/><\/a><figcaption class=\"wp-element-caption\">Entdeckung der Region mit dem Fahrrad \u00a9 Simon Bourcier<\/figcaption><\/figure>\n\n\n\n<figure class=\"wp-block-image size-large\"><a href=\"https:\/\/www.camping-baden.com\/wp-content\/uploads\/2024\/09\/0-765346.jpg\"><img decoding=\"async\" width=\"800\" height=\"539\" data-id=\"1477\" src=\"https:\/\/www.camping-baden.com\/wp-content\/uploads\/2024\/09\/0-765346.jpg\" alt=\"vermietung von ferienwohnungen baden\" class=\"wp-image-1477\" srcset=\"https:\/\/www.camping-baden.com\/wp-content\/uploads\/2024\/09\/0-765346.jpg 800w, https:\/\/www.camping-baden.com\/wp-content\/uploads\/2024\/09\/0-765346-300x202.jpg 300w, https:\/\/www.camping-baden.com\/wp-content\/uploads\/2024\/09\/0-765346-768x517.jpg 768w\" sizes=\"(max-width: 800px) 100vw, 800px\" \/><\/a><figcaption class=\"wp-element-caption\">Ferienhaus La Grange<\/figcaption><\/figure>\n\n\n\n<figure class=\"wp-block-image size-large\"><a href=\"https:\/\/www.camping-baden.com\/wp-content\/uploads\/2023\/09\/golf-800px.webp\"><img decoding=\"async\" width=\"891\" height=\"600\" data-id=\"3056\" src=\"https:\/\/www.camping-baden.com\/wp-content\/uploads\/2023\/09\/golf-800px.webp\" alt=\"golf px\" class=\"wp-image-3056\" srcset=\"https:\/\/www.camping-baden.com\/wp-content\/uploads\/2023\/09\/golf-800px.webp 891w, https:\/\/www.camping-baden.com\/wp-content\/uploads\/2023\/09\/golf-800px-300x202.webp 300w, https:\/\/www.camping-baden.com\/wp-content\/uploads\/2023\/09\/golf-800px-768x517.webp 768w\" sizes=\"(max-width: 891px) 100vw, 891px\" \/><\/a><figcaption class=\"wp-element-caption\">Golf de Baden 18 L\u00f6cher<\/figcaption><\/figure>\n\n\n\n<figure class=\"wp-block-image size-large\"><a href=\"https:\/\/www.camping-baden.com\/wp-content\/uploads\/2023\/09\/hauts-de-toulvern-studio-chambre-800px.webp\"><img decoding=\"async\" width=\"891\" height=\"600\" data-id=\"3064\" src=\"https:\/\/www.camping-baden.com\/wp-content\/uploads\/2023\/09\/hauts-de-toulvern-studio-chambre-800px.webp\" alt=\"Oberhalb von Toulvern\" class=\"wp-image-3064\" srcset=\"https:\/\/www.camping-baden.com\/wp-content\/uploads\/2023\/09\/hauts-de-toulvern-studio-chambre-800px.webp 891w, https:\/\/www.camping-baden.com\/wp-content\/uploads\/2023\/09\/hauts-de-toulvern-studio-chambre-800px-300x202.webp 300w, https:\/\/www.camping-baden.com\/wp-content\/uploads\/2023\/09\/hauts-de-toulvern-studio-chambre-800px-768x517.webp 768w\" sizes=\"(max-width: 891px) 100vw, 891px\" \/><\/a><figcaption class=\"wp-element-caption\">Zimmer in Les Hauts de Toulvern<\/figcaption><\/figure>\n\n\n\n<figure class=\"wp-block-image size-large\"><a href=\"https:\/\/www.camping-baden.com\/wp-content\/uploads\/2023\/09\/gite-avec-poele-800px.webp\"><img decoding=\"async\" width=\"891\" height=\"600\" data-id=\"3048\" src=\"https:\/\/www.camping-baden.com\/wp-content\/uploads\/2023\/09\/gite-avec-poele-800px.webp\" alt=\"Ferienhaus mit Kaminofen px\" class=\"wp-image-3048\" srcset=\"https:\/\/www.camping-baden.com\/wp-content\/uploads\/2023\/09\/gite-avec-poele-800px.webp 891w, https:\/\/www.camping-baden.com\/wp-content\/uploads\/2023\/09\/gite-avec-poele-800px-300x202.webp 300w, https:\/\/www.camping-baden.com\/wp-content\/uploads\/2023\/09\/gite-avec-poele-800px-768x517.webp 768w\" sizes=\"(max-width: 891px) 100vw, 891px\" \/><\/a><figcaption class=\"wp-element-caption\">Pause am Kaminofen in Hauts de Toulvern<\/figcaption><\/figure>\n\n\n\n<figure class=\"wp-block-image size-large\"><a href=\"https:\/\/www.camping-baden.com\/wp-content\/uploads\/2023\/09\/hauts-de-toulvern-800px-1.webp\"><img decoding=\"async\" width=\"891\" height=\"600\" data-id=\"3060\" src=\"https:\/\/www.camping-baden.com\/wp-content\/uploads\/2023\/09\/hauts-de-toulvern-800px-1.webp\" alt=\"hauts de toulvern px\" class=\"wp-image-3060\" srcset=\"https:\/\/www.camping-baden.com\/wp-content\/uploads\/2023\/09\/hauts-de-toulvern-800px-1.webp 891w, https:\/\/www.camping-baden.com\/wp-content\/uploads\/2023\/09\/hauts-de-toulvern-800px-1-300x202.webp 300w, https:\/\/www.camping-baden.com\/wp-content\/uploads\/2023\/09\/hauts-de-toulvern-800px-1-768x517.webp 768w\" sizes=\"(max-width: 891px) 100vw, 891px\" \/><\/a><figcaption class=\"wp-element-caption\">Les Hauts de Toulvern &#8211; \u00d6kologische Ferienh\u00e4user inmitten der Natur<\/figcaption><\/figure>\n\n\n\n<figure class=\"wp-block-image size-large\"><a href=\"https:\/\/www.camping-baden.com\/wp-content\/uploads\/2019\/02\/gites-de-meriadec-800px.webp\"><img decoding=\"async\" width=\"800\" height=\"533\" data-id=\"907\" src=\"https:\/\/www.camping-baden.com\/wp-content\/uploads\/2019\/02\/gites-de-meriadec-800px.webp\" alt=\"ferienwohnungen meriadec px\" class=\"wp-image-907\" srcset=\"https:\/\/www.camping-baden.com\/wp-content\/uploads\/2019\/02\/gites-de-meriadec-800px.webp 800w, https:\/\/www.camping-baden.com\/wp-content\/uploads\/2019\/02\/gites-de-meriadec-800px-300x200.webp 300w, https:\/\/www.camping-baden.com\/wp-content\/uploads\/2019\/02\/gites-de-meriadec-800px-768x512.webp 768w\" sizes=\"(max-width: 800px) 100vw, 800px\" \/><\/a><figcaption class=\"wp-element-caption\">La Chapelle, Ferienwohnung f\u00fcr 4 Personen<\/figcaption><\/figure>\n\n\n\n<figure class=\"wp-block-image size-large\"><a href=\"https:\/\/www.camping-baden.com\/wp-content\/uploads\/2020\/06\/rando-golfe-du-morbihan-800px.webp\"><img decoding=\"async\" width=\"800\" height=\"533\" data-id=\"1417\" src=\"https:\/\/www.camping-baden.com\/wp-content\/uploads\/2020\/06\/rando-golfe-du-morbihan-800px.webp\" alt=\"wanderung golf von morbihan px\" class=\"wp-image-1417\" srcset=\"https:\/\/www.camping-baden.com\/wp-content\/uploads\/2020\/06\/rando-golfe-du-morbihan-800px.webp 800w, https:\/\/www.camping-baden.com\/wp-content\/uploads\/2020\/06\/rando-golfe-du-morbihan-800px-300x200.webp 300w, https:\/\/www.camping-baden.com\/wp-content\/uploads\/2020\/06\/rando-golfe-du-morbihan-800px-768x512.webp 768w\" sizes=\"(max-width: 800px) 100vw, 800px\" \/><\/a><figcaption class=\"wp-element-caption\">Wanderung auf den K\u00fcstenpfaden des Golfs<\/figcaption><\/figure>\n\n\n\n<figure class=\"wp-block-image size-large\"><a href=\"https:\/\/www.camping-baden.com\/wp-content\/uploads\/2023\/09\/salle-mariage-14-800px.webp\"><img decoding=\"async\" width=\"901\" height=\"600\" data-id=\"3076\" src=\"https:\/\/www.camping-baden.com\/wp-content\/uploads\/2023\/09\/salle-mariage-14-800px.webp\" alt=\"Hochzeitszimmer px\" class=\"wp-image-3076\" srcset=\"https:\/\/www.camping-baden.com\/wp-content\/uploads\/2023\/09\/salle-mariage-14-800px.webp 901w, https:\/\/www.camping-baden.com\/wp-content\/uploads\/2023\/09\/salle-mariage-14-800px-300x200.webp 300w, https:\/\/www.camping-baden.com\/wp-content\/uploads\/2023\/09\/salle-mariage-14-800px-768x511.webp 768w\" sizes=\"(max-width: 901px) 100vw, 901px\" \/><\/a><figcaption class=\"wp-element-caption\">Empfangssaal: Hochzeit, Geburtstag, Cousinade&#8230;<\/figcaption><\/figure>\n\n\n\n<figure class=\"wp-block-image size-large\"><a href=\"https:\/\/www.camping-baden.com\/wp-content\/uploads\/2023\/09\/salle-mariage-15-800px.webp\"><img decoding=\"async\" width=\"901\" height=\"600\" data-id=\"3080\" src=\"https:\/\/www.camping-baden.com\/wp-content\/uploads\/2023\/09\/salle-mariage-15-800px.webp\" alt=\"Hochzeitszimmer px\" class=\"wp-image-3080\" srcset=\"https:\/\/www.camping-baden.com\/wp-content\/uploads\/2023\/09\/salle-mariage-15-800px.webp 901w, https:\/\/www.camping-baden.com\/wp-content\/uploads\/2023\/09\/salle-mariage-15-800px-300x200.webp 300w, https:\/\/www.camping-baden.com\/wp-content\/uploads\/2023\/09\/salle-mariage-15-800px-768x511.webp 768w\" sizes=\"(max-width: 901px) 100vw, 901px\" \/><\/a><figcaption class=\"wp-element-caption\">Empfangssaal: Hochzeit, Geburtstag, Cousinade&#8230;<\/figcaption><\/figure>\n<\/figure>\n<\/div>\n\n\n\n<div class=\"wp-block-column is-layout-flow wp-block-column-is-layout-flow\">\n<h2 class=\"ls__heading wp-block-heading\">Entdecken Sie den Golf von Morbihan in der Nebensaison!<\/h2>\n\n\n\n<p class=\"ls-paragraph\">Der Golf von Morbihan ist voller Vergn\u00fcgen und bietet zahlreiche Aktivit\u00e4ten f\u00fcr die ganze Familie: Ausflug zu den Inseln des Golfs, Kreuzfahrten, Wanderungen, Spazierg\u00e4nge, Radtouren, Kreuzfahrten auf dem Golf&#8230; Entdecken Sie eine der sch\u00f6nsten Buchten der Welt! Folgen Sie den Pfaden am Meer entlang und entdecken Sie einen herrlichen Blick auf den Golf und die unber\u00fchrte Natur des Naturparks Golf von Morbihan. <\/p>\n\n\n\n<p class=\"ls-paragraph\">Besuchen Sie die Sehensw\u00fcrdigkeiten in der ruhigen Nachsaison: die Alignements von Carnac, die sch\u00f6ne Stadt Vannes, den malerischen Hafen von Saint-Goustan&#8230;<\/p>\n\n\n\n<p class=\"ls-paragraph\">Nutzen Sie die Nebensaison, um sich mit Familie oder Freunden an einem einzigartigen Ort zu versammeln. Die G\u00eetes de M\u00e9riadec k\u00f6nnen bis zu 44 Personen auf demselben Gel\u00e4nde beherbergen, die Hauts de Toulvern haben eine Kapazit\u00e4t von 48 Personen. <a href=\"https:\/\/www.camping-baden.com\/de\/kontakt-und-praktische-informationen\/\">Kontaktieren Sie uns,<\/a> um mehr zu erfahren und buchen Sie schnell! <\/p>\n\n\n\n<h2 class=\"ls__heading wp-block-heading\">Empfangsraum<\/h2>\n\n\n\n<p class=\"ls-paragraph\">F\u00fcr Ihre Gesch\u00e4fts- oder Familienveranstaltungen stehen das ganze Jahr \u00fcber mehrere R\u00e4ume von 20 bis 300 m\u00b2 zur Verf\u00fcgung.  <a href=\"https:\/\/www.camping-baden.com\/de\/vermietung-von-seminaren-baden\/\" target=\"_blank\" rel=\"noreferrer noopener\">Mehr \u00fcber den Empfangsraum  <\/a><\/p>\n<\/div>\n<\/div>\n","protected":false},"excerpt":{"rendered":"<p>Authentische Ferienh\u00e4user mit allem Komfort, Reitzentrum, Empfangsraum: GANZJ\u00c4HRIG GE\u00d6FFNET Genie\u00dfen Sie die milde Nachsaison und das Gl\u00fcck eines Urlaubs in einem Ferienhaus mit allem Komfort! Die G\u00eetes de M\u00e9riadec und die G\u00eetes des Hauts de Toulvern hei\u00dfen Sie zu jeder Jahreszeit willkommen! Entdecken Sie den Golf von Morbihan in der Nebensaison! Der Golf von Morbihan [&hellip;]<\/p>\n","protected":false},"author":1,"featured_media":3090,"comment_status":"closed","ping_status":"closed","sticky":false,"template":"","format":"standard","meta":{"_acf_changed":false,"footnotes":""},"categories":[206],"tags":[],"sujet":[],"class_list":["post-11763","post","type-post","status-publish","format-standard","has-post-thumbnail","hentry","category-nachrichten"],"acf":[],"yoast_head":"<!-- This site is optimized with the Yoast SEO plugin v25.3 - https:\/\/yoast.com\/wordpress\/plugins\/seo\/ -->\n<title>Urlaub in Ferienh\u00e4usern am Golf von Morbihan<\/title>\n<meta name=\"robots\" content=\"index, follow, max-snippet:-1, max-image-preview:large, max-video-preview:-1\" \/>\n<link rel=\"canonical\" href=\"https:\/\/www.camping-baden.com\/de\/geschenkidee-gutschien-urlaub-unterkunft-spa-reiten\/\" \/>\n<meta property=\"og:locale\" content=\"de_DE\" \/>\n<meta property=\"og:type\" content=\"article\" \/>\n<meta property=\"og:title\" content=\"Urlaub in Ferienh\u00e4usern am Golf von Morbihan\" \/>\n<meta property=\"og:description\" content=\"Authentische Ferienh\u00e4user mit allem Komfort, Reitzentrum, Empfangsraum: GANZJ\u00c4HRIG GE\u00d6FFNET Genie\u00dfen Sie die milde Nachsaison und das Gl\u00fcck eines Urlaubs in einem Ferienhaus mit allem Komfort! Die G\u00eetes de M\u00e9riadec und die G\u00eetes des Hauts de Toulvern hei\u00dfen Sie zu jeder Jahreszeit willkommen! Entdecken Sie den Golf von Morbihan in der Nebensaison! Der Golf von Morbihan [&hellip;]\" \/>\n<meta property=\"og:url\" content=\"https:\/\/www.camping-baden.com\/de\/geschenkidee-gutschien-urlaub-unterkunft-spa-reiten\/\" \/>\n<meta property=\"og:site_name\" content=\"Man\u00e9 Guernehu\u00e9\" \/>\n<meta property=\"article:published_time\" content=\"2023-09-06T13:36:00+00:00\" \/>\n<meta property=\"article:modified_time\" content=\"2024-11-11T08:28:17+00:00\" \/>\n<meta property=\"og:image\" content=\"https:\/\/www.camping-baden.com\/wp-content\/uploads\/2023\/09\/location-gites-morbihan.webp\" \/>\n\t<meta property=\"og:image:width\" content=\"2000\" \/>\n\t<meta property=\"og:image:height\" content=\"1348\" \/>\n\t<meta property=\"og:image:type\" content=\"image\/webp\" \/>\n<meta name=\"author\" content=\"@dmin64\" \/>\n<meta name=\"twitter:card\" content=\"summary_large_image\" \/>\n<meta name=\"twitter:label1\" content=\"Verfasst von\" \/>\n\t<meta name=\"twitter:data1\" content=\"@dmin64\" \/>\n\t<meta name=\"twitter:label2\" content=\"Gesch\u00e4tzte Lesezeit\" \/>\n\t<meta name=\"twitter:data2\" content=\"2\u00a0Minuten\" \/>\n<script type=\"application\/ld+json\" class=\"yoast-schema-graph\">{\"@context\":\"https:\/\/schema.org\",\"@graph\":[{\"@type\":\"Article\",\"@id\":\"https:\/\/www.camping-baden.com\/de\/geschenkidee-gutschien-urlaub-unterkunft-spa-reiten\/#article\",\"isPartOf\":{\"@id\":\"https:\/\/www.camping-baden.com\/de\/geschenkidee-gutschien-urlaub-unterkunft-spa-reiten\/\"},\"author\":{\"name\":\"@dmin64\",\"@id\":\"https:\/\/www.camping-baden.com\/de\/#\/schema\/person\/c6e510fdea074e9025407c05c7b117ed\"},\"headline\":\"Urlaub in Ferienh\u00e4usern am Golf von Morbihan\",\"datePublished\":\"2023-09-06T13:36:00+00:00\",\"dateModified\":\"2024-11-11T08:28:17+00:00\",\"mainEntityOfPage\":{\"@id\":\"https:\/\/www.camping-baden.com\/de\/geschenkidee-gutschien-urlaub-unterkunft-spa-reiten\/\"},\"wordCount\":332,\"publisher\":{\"@id\":\"https:\/\/www.camping-baden.com\/de\/#organization\"},\"image\":{\"@id\":\"https:\/\/www.camping-baden.com\/de\/geschenkidee-gutschien-urlaub-unterkunft-spa-reiten\/#primaryimage\"},\"thumbnailUrl\":\"https:\/\/www.camping-baden.com\/wp-content\/uploads\/2023\/09\/location-gites-morbihan.webp\",\"articleSection\":[\"Nachrichten\"],\"inLanguage\":\"de\"},{\"@type\":\"WebPage\",\"@id\":\"https:\/\/www.camping-baden.com\/de\/geschenkidee-gutschien-urlaub-unterkunft-spa-reiten\/\",\"url\":\"https:\/\/www.camping-baden.com\/de\/geschenkidee-gutschien-urlaub-unterkunft-spa-reiten\/\",\"name\":\"Urlaub in Ferienh\u00e4usern am Golf von Morbihan\",\"isPartOf\":{\"@id\":\"https:\/\/www.camping-baden.com\/de\/#website\"},\"primaryImageOfPage\":{\"@id\":\"https:\/\/www.camping-baden.com\/de\/geschenkidee-gutschien-urlaub-unterkunft-spa-reiten\/#primaryimage\"},\"image\":{\"@id\":\"https:\/\/www.camping-baden.com\/de\/geschenkidee-gutschien-urlaub-unterkunft-spa-reiten\/#primaryimage\"},\"thumbnailUrl\":\"https:\/\/www.camping-baden.com\/wp-content\/uploads\/2023\/09\/location-gites-morbihan.webp\",\"datePublished\":\"2023-09-06T13:36:00+00:00\",\"dateModified\":\"2024-11-11T08:28:17+00:00\",\"breadcrumb\":{\"@id\":\"https:\/\/www.camping-baden.com\/de\/geschenkidee-gutschien-urlaub-unterkunft-spa-reiten\/#breadcrumb\"},\"inLanguage\":\"de\",\"potentialAction\":[{\"@type\":\"ReadAction\",\"target\":[\"https:\/\/www.camping-baden.com\/de\/geschenkidee-gutschien-urlaub-unterkunft-spa-reiten\/\"]}]},{\"@type\":\"ImageObject\",\"inLanguage\":\"de\",\"@id\":\"https:\/\/www.camping-baden.com\/de\/geschenkidee-gutschien-urlaub-unterkunft-spa-reiten\/#primaryimage\",\"url\":\"https:\/\/www.camping-baden.com\/wp-content\/uploads\/2023\/09\/location-gites-morbihan.webp\",\"contentUrl\":\"https:\/\/www.camping-baden.com\/wp-content\/uploads\/2023\/09\/location-gites-morbihan.webp\",\"width\":2000,\"height\":1348,\"caption\":\"vermietung von ferienwohnungen morbihan\"},{\"@type\":\"BreadcrumbList\",\"@id\":\"https:\/\/www.camping-baden.com\/de\/geschenkidee-gutschien-urlaub-unterkunft-spa-reiten\/#breadcrumb\",\"itemListElement\":[{\"@type\":\"ListItem\",\"position\":1,\"name\":\"Camping Golfe du Morbihan\",\"item\":\"https:\/\/www.camping-baden.com\/de\/\"},{\"@type\":\"ListItem\",\"position\":2,\"name\":\"Nachrichten\",\"item\":\"https:\/\/www.camping-baden.com\/de\/nachrichten\/\"},{\"@type\":\"ListItem\",\"position\":3,\"name\":\"Urlaub in Ferienh\u00e4usern am Golf von Morbihan\"}]},{\"@type\":\"WebSite\",\"@id\":\"https:\/\/www.camping-baden.com\/de\/#website\",\"url\":\"https:\/\/www.camping-baden.com\/de\/\",\"name\":\"Man\u00e9 Guernehu\u00e9\",\"description\":\"\",\"publisher\":{\"@id\":\"https:\/\/www.camping-baden.com\/de\/#organization\"},\"potentialAction\":[{\"@type\":\"SearchAction\",\"target\":{\"@type\":\"EntryPoint\",\"urlTemplate\":\"https:\/\/www.camping-baden.com\/de\/?s={search_term_string}\"},\"query-input\":{\"@type\":\"PropertyValueSpecification\",\"valueRequired\":true,\"valueName\":\"search_term_string\"}}],\"inLanguage\":\"de\"},{\"@type\":\"Organization\",\"@id\":\"https:\/\/www.camping-baden.com\/de\/#organization\",\"name\":\"Man\u00e9 Guernehu\u00e9\",\"url\":\"https:\/\/www.camping-baden.com\/de\/\",\"logo\":{\"@type\":\"ImageObject\",\"inLanguage\":\"de\",\"@id\":\"https:\/\/www.camping-baden.com\/de\/#\/schema\/logo\/image\/\",\"url\":\"https:\/\/www.camping-baden.com\/wp-content\/uploads\/2024\/08\/logo-camping-mane-guernehue.png\",\"contentUrl\":\"https:\/\/www.camping-baden.com\/wp-content\/uploads\/2024\/08\/logo-camping-mane-guernehue.png\",\"width\":1000,\"height\":450,\"caption\":\"Man\u00e9 Guernehu\u00e9\"},\"image\":{\"@id\":\"https:\/\/www.camping-baden.com\/de\/#\/schema\/logo\/image\/\"}},{\"@type\":\"Person\",\"@id\":\"https:\/\/www.camping-baden.com\/de\/#\/schema\/person\/c6e510fdea074e9025407c05c7b117ed\",\"name\":\"@dmin64\",\"image\":{\"@type\":\"ImageObject\",\"inLanguage\":\"de\",\"@id\":\"https:\/\/www.camping-baden.com\/de\/#\/schema\/person\/image\/\",\"url\":\"https:\/\/secure.gravatar.com\/avatar\/c139ef583a0e65260f6808f5628e6eca9fa8608b06e80bc14d5c39d32af667ca?s=96&d=mm&r=g\",\"contentUrl\":\"https:\/\/secure.gravatar.com\/avatar\/c139ef583a0e65260f6808f5628e6eca9fa8608b06e80bc14d5c39d32af667ca?s=96&d=mm&r=g\",\"caption\":\"@dmin64\"},\"sameAs\":[\"https:\/\/www.camping-baden.com\"]}]}<\/script>\n<!-- \/ Yoast SEO plugin. -->","yoast_head_json":{"title":"Urlaub in Ferienh\u00e4usern am Golf von Morbihan","robots":{"index":"index","follow":"follow","max-snippet":"max-snippet:-1","max-image-preview":"max-image-preview:large","max-video-preview":"max-video-preview:-1"},"canonical":"https:\/\/www.camping-baden.com\/de\/geschenkidee-gutschien-urlaub-unterkunft-spa-reiten\/","og_locale":"de_DE","og_type":"article","og_title":"Urlaub in Ferienh\u00e4usern am Golf von Morbihan","og_description":"Authentische Ferienh\u00e4user mit allem Komfort, Reitzentrum, Empfangsraum: GANZJ\u00c4HRIG GE\u00d6FFNET Genie\u00dfen Sie die milde Nachsaison und das Gl\u00fcck eines Urlaubs in einem Ferienhaus mit allem Komfort! Die G\u00eetes de M\u00e9riadec und die G\u00eetes des Hauts de Toulvern hei\u00dfen Sie zu jeder Jahreszeit willkommen! Entdecken Sie den Golf von Morbihan in der Nebensaison! Der Golf von Morbihan [&hellip;]","og_url":"https:\/\/www.camping-baden.com\/de\/geschenkidee-gutschien-urlaub-unterkunft-spa-reiten\/","og_site_name":"Man\u00e9 Guernehu\u00e9","article_published_time":"2023-09-06T13:36:00+00:00","article_modified_time":"2024-11-11T08:28:17+00:00","og_image":[{"width":2000,"height":1348,"url":"https:\/\/www.camping-baden.com\/wp-content\/uploads\/2023\/09\/location-gites-morbihan.webp","type":"image\/webp"}],"author":"@dmin64","twitter_card":"summary_large_image","twitter_misc":{"Verfasst von":"@dmin64","Gesch\u00e4tzte Lesezeit":"2\u00a0Minuten"},"schema":{"@context":"https:\/\/schema.org","@graph":[{"@type":"Article","@id":"https:\/\/www.camping-baden.com\/de\/geschenkidee-gutschien-urlaub-unterkunft-spa-reiten\/#article","isPartOf":{"@id":"https:\/\/www.camping-baden.com\/de\/geschenkidee-gutschien-urlaub-unterkunft-spa-reiten\/"},"author":{"name":"@dmin64","@id":"https:\/\/www.camping-baden.com\/de\/#\/schema\/person\/c6e510fdea074e9025407c05c7b117ed"},"headline":"Urlaub in Ferienh\u00e4usern am Golf von Morbihan","datePublished":"2023-09-06T13:36:00+00:00","dateModified":"2024-11-11T08:28:17+00:00","mainEntityOfPage":{"@id":"https:\/\/www.camping-baden.com\/de\/geschenkidee-gutschien-urlaub-unterkunft-spa-reiten\/"},"wordCount":332,"publisher":{"@id":"https:\/\/www.camping-baden.com\/de\/#organization"},"image":{"@id":"https:\/\/www.camping-baden.com\/de\/geschenkidee-gutschien-urlaub-unterkunft-spa-reiten\/#primaryimage"},"thumbnailUrl":"https:\/\/www.camping-baden.com\/wp-content\/uploads\/2023\/09\/location-gites-morbihan.webp","articleSection":["Nachrichten"],"inLanguage":"de"},{"@type":"WebPage","@id":"https:\/\/www.camping-baden.com\/de\/geschenkidee-gutschien-urlaub-unterkunft-spa-reiten\/","url":"https:\/\/www.camping-baden.com\/de\/geschenkidee-gutschien-urlaub-unterkunft-spa-reiten\/","name":"Urlaub in Ferienh\u00e4usern am Golf von Morbihan","isPartOf":{"@id":"https:\/\/www.camping-baden.com\/de\/#website"},"primaryImageOfPage":{"@id":"https:\/\/www.camping-baden.com\/de\/geschenkidee-gutschien-urlaub-unterkunft-spa-reiten\/#primaryimage"},"image":{"@id":"https:\/\/www.camping-baden.com\/de\/geschenkidee-gutschien-urlaub-unterkunft-spa-reiten\/#primaryimage"},"thumbnailUrl":"https:\/\/www.camping-baden.com\/wp-content\/uploads\/2023\/09\/location-gites-morbihan.webp","datePublished":"2023-09-06T13:36:00+00:00","dateModified":"2024-11-11T08:28:17+00:00","breadcrumb":{"@id":"https:\/\/www.camping-baden.com\/de\/geschenkidee-gutschien-urlaub-unterkunft-spa-reiten\/#breadcrumb"},"inLanguage":"de","potentialAction":[{"@type":"ReadAction","target":["https:\/\/www.camping-baden.com\/de\/geschenkidee-gutschien-urlaub-unterkunft-spa-reiten\/"]}]},{"@type":"ImageObject","inLanguage":"de","@id":"https:\/\/www.camping-baden.com\/de\/geschenkidee-gutschien-urlaub-unterkunft-spa-reiten\/#primaryimage","url":"https:\/\/www.camping-baden.com\/wp-content\/uploads\/2023\/09\/location-gites-morbihan.webp","contentUrl":"https:\/\/www.camping-baden.com\/wp-content\/uploads\/2023\/09\/location-gites-morbihan.webp","width":2000,"height":1348,"caption":"vermietung von ferienwohnungen morbihan"},{"@type":"BreadcrumbList","@id":"https:\/\/www.camping-baden.com\/de\/geschenkidee-gutschien-urlaub-unterkunft-spa-reiten\/#breadcrumb","itemListElement":[{"@type":"ListItem","position":1,"name":"Camping Golfe du Morbihan","item":"https:\/\/www.camping-baden.com\/de\/"},{"@type":"ListItem","position":2,"name":"Nachrichten","item":"https:\/\/www.camping-baden.com\/de\/nachrichten\/"},{"@type":"ListItem","position":3,"name":"Urlaub in Ferienh\u00e4usern am Golf von Morbihan"}]},{"@type":"WebSite","@id":"https:\/\/www.camping-baden.com\/de\/#website","url":"https:\/\/www.camping-baden.com\/de\/","name":"Man\u00e9 Guernehu\u00e9","description":"","publisher":{"@id":"https:\/\/www.camping-baden.com\/de\/#organization"},"potentialAction":[{"@type":"SearchAction","target":{"@type":"EntryPoint","urlTemplate":"https:\/\/www.camping-baden.com\/de\/?s={search_term_string}"},"query-input":{"@type":"PropertyValueSpecification","valueRequired":true,"valueName":"search_term_string"}}],"inLanguage":"de"},{"@type":"Organization","@id":"https:\/\/www.camping-baden.com\/de\/#organization","name":"Man\u00e9 Guernehu\u00e9","url":"https:\/\/www.camping-baden.com\/de\/","logo":{"@type":"ImageObject","inLanguage":"de","@id":"https:\/\/www.camping-baden.com\/de\/#\/schema\/logo\/image\/","url":"https:\/\/www.camping-baden.com\/wp-content\/uploads\/2024\/08\/logo-camping-mane-guernehue.png","contentUrl":"https:\/\/www.camping-baden.com\/wp-content\/uploads\/2024\/08\/logo-camping-mane-guernehue.png","width":1000,"height":450,"caption":"Man\u00e9 Guernehu\u00e9"},"image":{"@id":"https:\/\/www.camping-baden.com\/de\/#\/schema\/logo\/image\/"}},{"@type":"Person","@id":"https:\/\/www.camping-baden.com\/de\/#\/schema\/person\/c6e510fdea074e9025407c05c7b117ed","name":"@dmin64","image":{"@type":"ImageObject","inLanguage":"de","@id":"https:\/\/www.camping-baden.com\/de\/#\/schema\/person\/image\/","url":"https:\/\/secure.gravatar.com\/avatar\/c139ef583a0e65260f6808f5628e6eca9fa8608b06e80bc14d5c39d32af667ca?s=96&d=mm&r=g","contentUrl":"https:\/\/secure.gravatar.com\/avatar\/c139ef583a0e65260f6808f5628e6eca9fa8608b06e80bc14d5c39d32af667ca?s=96&d=mm&r=g","caption":"@dmin64"},"sameAs":["https:\/\/www.camping-baden.com"]}]}},"_links":{"self":[{"href":"https:\/\/www.camping-baden.com\/de\/wp-json\/wp\/v2\/posts\/11763","targetHints":{"allow":["GET"]}}],"collection":[{"href":"https:\/\/www.camping-baden.com\/de\/wp-json\/wp\/v2\/posts"}],"about":[{"href":"https:\/\/www.camping-baden.com\/de\/wp-json\/wp\/v2\/types\/post"}],"author":[{"embeddable":true,"href":"https:\/\/www.camping-baden.com\/de\/wp-json\/wp\/v2\/users\/1"}],"replies":[{"embeddable":true,"href":"https:\/\/www.camping-baden.com\/de\/wp-json\/wp\/v2\/comments?post=11763"}],"version-history":[{"count":1,"href":"https:\/\/www.camping-baden.com\/de\/wp-json\/wp\/v2\/posts\/11763\/revisions"}],"predecessor-version":[{"id":11764,"href":"https:\/\/www.camping-baden.com\/de\/wp-json\/wp\/v2\/posts\/11763\/revisions\/11764"}],"wp:featuredmedia":[{"embeddable":true,"href":"https:\/\/www.camping-baden.com\/de\/wp-json\/wp\/v2\/media\/3090"}],"wp:attachment":[{"href":"https:\/\/www.camping-baden.com\/de\/wp-json\/wp\/v2\/media?parent=11763"}],"wp:term":[{"taxonomy":"category","embeddable":true,"href":"https:\/\/www.camping-baden.com\/de\/wp-json\/wp\/v2\/categories?post=11763"},{"taxonomy":"post_tag","embeddable":true,"href":"https:\/\/www.camping-baden.com\/de\/wp-json\/wp\/v2\/tags?post=11763"},{"taxonomy":"sujet","embeddable":true,"href":"https:\/\/www.camping-baden.com\/de\/wp-json\/wp\/v2\/sujet?post=11763"}],"curies":[{"name":"wp","href":"https:\/\/api.w.org\/{rel}","templated":true}]}}