{"id":11751,"date":"2024-01-09T15:33:00","date_gmt":"2024-01-09T14:33:00","guid":{"rendered":"https:\/\/www.camping-baden.com\/mane-guernehue-campingplatzeroeffnung\/"},"modified":"2024-11-11T09:28:14","modified_gmt":"2024-11-11T08:28:14","slug":"mane-guernehue-campingplatzeroeffnung","status":"publish","type":"post","link":"https:\/\/www.camping-baden.com\/de\/mane-guernehue-campingplatzeroeffnung\/","title":{"rendered":"Der Campingplatz Man\u00e9 Guernehu\u00e9 und alle Dienstleistungen sind ab dem 11. April 2025 ge\u00f6ffnet."},"content":{"rendered":"\n<div id=\"ls-heading ls-titre-div-block_0e1b32a75bd704fc8ebb3ee706ba6bc3\" class=\"ls-titre-div aligncenter h2-like has-text-color has-color-1-color\" >\n    \u00d6ffnungszeiten des Campingplatzes und der Dienstleistungen: 11. April bis 21. September 2025<\/div>\n\n<div class=\"wp-block-columns is-layout-flex wp-container-core-columns-is-layout-9d6595d7 wp-block-columns-is-layout-flex\">\n<div class=\"wp-block-column is-layout-flow wp-block-column-is-layout-flow\">\n<p class=\"ls-paragraph\">Alle Aktivit\u00e4ten und Dienstleistungen sind <strong>ab dem 11. April ge\u00f6ffnet<\/strong>:<\/p>\n\n\n\n<p class=\"ls-paragraph\"><strong>Kostenlose Aktivit\u00e4ten :<\/strong><\/p>\n\n\n\n<ul class=\"ls-list ls-list-undefined wp-block-list\">\n<li>3800m\u00b2 gro\u00dfe Badelandschaft: beheizter Wasserpark im Freien und Hallenbad<\/li>\n\n\n\n<li>Spielpl\u00e4tze, gro\u00dfe Trampoline, H\u00fcpfburgen, Kuppel, Supernova<\/li>\n\n\n\n<li>\u00dcberdachter Spielplatz<\/li>\n\n\n\n<li>Multisportplatz, Beachvolleyball<\/li>\n\n\n\n<li>Tischtennistische<\/li>\n\n\n\n<li>Petanque-Platz<\/li>\n\n\n\n<li>Angeln im Teich<\/li>\n\n\n\n<li>Fitnessbereich im Freien<\/li>\n\n\n\n<li>Animationen, sportliche Aktivit\u00e4ten<\/li>\n\n\n\n<li>Animierte Abende, Konzerte&#8230;<\/li>\n\n\n\n<li>Kinder- und Jugendclubs (mit Reservierung am Empfangstresen oder im Animationsb\u00fcro)<\/li>\n<\/ul>\n\n\n\n<p class=\"ls-paragraph\"><strong>Aktivit\u00e4ten mit Beteiligung :<\/strong><\/p>\n\n\n\n<ul class=\"ls-list ls-list-undefined wp-block-list\">\n<li>Reitzentrum, Kurse und Ausfl\u00fcge &#8211; mit Reservierung<\/li>\n\n\n\n<li>Abenteuerparcours (Seilrutsche, Baumklettern, Tramp\u00d4forest) &#8211; mit Reservierung<\/li>\n\n\n\n<li>Minigolf<\/li>\n\n\n\n<li>Fitnessraum<\/li>\n\n\n\n<li>Fahrradverleih<\/li>\n\n\n\n<li>Vermietung von Paddles<\/li>\n<\/ul>\n\n\n\n<p class=\"ls-paragraph\"><strong>Dienstleistungen :<\/strong><\/p>\n\n\n\n<ul class=\"ls-list ls-list-undefined wp-block-list\">\n<li>Restaurant, Cr\u00eaperie, Snack, Pizza und Gerichte zum Mitnehmen, Bar<\/li>\n\n\n\n<li>Lebensmittelgesch\u00e4ft<\/li>\n\n\n\n<li>Spa Douc&#8217;heure du Golfe: Eintritt in den Aqua-Zen-Bereich und Sch\u00f6nheitsbehandlungen<\/li>\n<\/ul>\n\n\n\n<p class=\"ls-paragraph\"><strong>Zahlreiche Aktivit\u00e4ten im Freien :<\/strong><\/p>\n\n\n\n<ul class=\"ls-list ls-list-undefined wp-block-list\">\n<li><strong>Entdecken Sie unsere sch\u00f6ne Region<\/strong>, den Golf von Morbihan, seine Inseln, Vannes und seine Stadtmauern, Auray und den alten Hafen von Saint-Goustan&#8230; <strong>Im Sommer werden<\/strong> <strong>Ausfl\u00fcge<\/strong> <strong>vom Campingplatz aus organisiert<\/strong>, melden Sie sich an, um daran teilzunehmen!<\/li>\n\n\n\n<li><strong>Entdecken<\/strong> Sie die Natur mit dem Fahrrad, dem Mountainbike oder zu Fu\u00df auf den K\u00fcstenpfaden,<\/li>\n\n\n\n<li><strong>Entspannen Sie sich am Strand<\/strong>,<\/li>\n\n\n\n<li><strong>Auf dem Campingplatz k\u00f6nnen Sie mit Ihrer Familie<\/strong> Minigolf oder Boulespiel spielen, auf dem Multisportplatz Sport treiben, im Freien Fitness betreiben&#8230;<\/li>\n\n\n\n<li><strong>Besuchen Sie unsere Tiere auf dem Bauernhof<\/strong>: H\u00fchner, Ziegen, G\u00e4nse, Pferde, Ponys, Esel&#8230;..<\/li>\n\n\n\n<li><strong>Fordern Sie sich selbst heraus<\/strong> mit unserem Orientierungsspiel rund um den Campingplatz&#8230;<\/li>\n<\/ul>\n\n\n\n<p class=\"ls-paragraph\"><strong>Wir w\u00fcnschen Ihnen einen sch\u00f6nen Urlaub auf Domaine Man\u00e9 Guernehu\u00e9!<\/strong><\/p>\n<\/div>\n\n\n\n<div class=\"wp-block-column is-layout-flow wp-block-column-is-layout-flow\">\n<figure class=\"wp-block-gallery has-nested-images columns-default is-cropped wp-block-gallery-1 is-layout-flex wp-block-gallery-is-layout-flex\">\n<figure class=\"wp-block-image size-full\"><a href=\"https:\/\/www.camping-baden.com\/wp-content\/uploads\/2024\/01\/2018-piscine-ete-8-1.webp\"><img decoding=\"async\" width=\"800\" height=\"533\" data-id=\"2714\" src=\"https:\/\/www.camping-baden.com\/wp-content\/uploads\/2024\/01\/2018-piscine-ete-8-1.webp\" alt=\"Pool im Sommer ()\" class=\"wp-image-2714\" srcset=\"https:\/\/www.camping-baden.com\/wp-content\/uploads\/2024\/01\/2018-piscine-ete-8-1.webp 800w, https:\/\/www.camping-baden.com\/wp-content\/uploads\/2024\/01\/2018-piscine-ete-8-1-300x200.webp 300w, https:\/\/www.camping-baden.com\/wp-content\/uploads\/2024\/01\/2018-piscine-ete-8-1-768x512.webp 768w\" sizes=\"(max-width: 800px) 100vw, 800px\" \/><\/a><\/figure>\n\n\n\n<figure class=\"wp-block-image size-full\"><a href=\"https:\/\/www.camping-baden.com\/wp-content\/uploads\/2024\/01\/2018-espace-aquatique-YV-37-1.webp\"><img decoding=\"async\" width=\"800\" height=\"533\" data-id=\"2718\" src=\"https:\/\/www.camping-baden.com\/wp-content\/uploads\/2024\/01\/2018-espace-aquatique-YV-37-1.webp\" alt=\"Wasserpark YV ()\" class=\"wp-image-2718\" srcset=\"https:\/\/www.camping-baden.com\/wp-content\/uploads\/2024\/01\/2018-espace-aquatique-YV-37-1.webp 800w, https:\/\/www.camping-baden.com\/wp-content\/uploads\/2024\/01\/2018-espace-aquatique-YV-37-1-300x200.webp 300w, https:\/\/www.camping-baden.com\/wp-content\/uploads\/2024\/01\/2018-espace-aquatique-YV-37-1-768x512.webp 768w\" sizes=\"(max-width: 800px) 100vw, 800px\" \/><\/a><figcaption class=\"wp-element-caption\">Das Hallenbad<\/figcaption><\/figure>\n\n\n\n<figure class=\"wp-block-image size-large\"><a href=\"https:\/\/www.camping-baden.com\/wp-content\/uploads\/2024\/08\/parc-aqualudique-juin2018-5-800px.webp\"><img decoding=\"async\" width=\"800\" height=\"533\" data-id=\"807\" src=\"https:\/\/www.camping-baden.com\/wp-content\/uploads\/2024\/08\/parc-aqualudique-juin2018-5-800px.webp\" alt=\"parc-aqualudique-juin2018-5-800px\" class=\"wp-image-807\" srcset=\"https:\/\/www.camping-baden.com\/wp-content\/uploads\/2024\/08\/parc-aqualudique-juin2018-5-800px.webp 800w, https:\/\/www.camping-baden.com\/wp-content\/uploads\/2024\/08\/parc-aqualudique-juin2018-5-800px-300x200.webp 300w, https:\/\/www.camping-baden.com\/wp-content\/uploads\/2024\/08\/parc-aqualudique-juin2018-5-800px-768x512.webp 768w\" sizes=\"(max-width: 800px) 100vw, 800px\" \/><\/a><figcaption class=\"wp-element-caption\">Kinder lieben den Wasserpark<\/figcaption><\/figure>\n\n\n\n<figure class=\"wp-block-image size-large\"><a href=\"https:\/\/www.camping-baden.com\/wp-content\/uploads\/2024\/08\/parc-aqualudique-juin2018-10-800px.webp\"><img decoding=\"async\" width=\"800\" height=\"533\" data-id=\"787\" src=\"https:\/\/www.camping-baden.com\/wp-content\/uploads\/2024\/08\/parc-aqualudique-juin2018-10-800px.webp\" alt=\"parc-aqualudique-juin2018-10-800px\" class=\"wp-image-787\" srcset=\"https:\/\/www.camping-baden.com\/wp-content\/uploads\/2024\/08\/parc-aqualudique-juin2018-10-800px.webp 800w, https:\/\/www.camping-baden.com\/wp-content\/uploads\/2024\/08\/parc-aqualudique-juin2018-10-800px-300x200.webp 300w, https:\/\/www.camping-baden.com\/wp-content\/uploads\/2024\/08\/parc-aqualudique-juin2018-10-800px-768x512.webp 768w\" sizes=\"(max-width: 800px) 100vw, 800px\" \/><\/a><\/figure>\n\n\n\n<figure class=\"wp-block-image size-large\"><a href=\"https:\/\/www.camping-baden.com\/wp-content\/uploads\/2021\/01\/2021-nouvelle-aire-de-jeux-dome-800px-min.webp\"><img decoding=\"async\" width=\"800\" height=\"533\" data-id=\"2372\" src=\"https:\/\/www.camping-baden.com\/wp-content\/uploads\/2021\/01\/2021-nouvelle-aire-de-jeux-dome-800px-min.webp\" alt=\"neuer Spielplatz dome px min\" class=\"wp-image-2372\" srcset=\"https:\/\/www.camping-baden.com\/wp-content\/uploads\/2021\/01\/2021-nouvelle-aire-de-jeux-dome-800px-min.webp 800w, https:\/\/www.camping-baden.com\/wp-content\/uploads\/2021\/01\/2021-nouvelle-aire-de-jeux-dome-800px-min-300x200.webp 300w, https:\/\/www.camping-baden.com\/wp-content\/uploads\/2021\/01\/2021-nouvelle-aire-de-jeux-dome-800px-min-768x512.webp 768w\" sizes=\"(max-width: 800px) 100vw, 800px\" \/><\/a><figcaption class=\"wp-element-caption\">Le D\u00f4me: Neue Spiele f\u00fcr Kinder<\/figcaption><\/figure>\n\n\n\n<figure class=\"wp-block-image size-large\"><a href=\"https:\/\/www.camping-baden.com\/wp-content\/uploads\/2021\/03\/promenade-a-poney-baden-centre-equestre-800px.webp\"><img decoding=\"async\" width=\"800\" height=\"533\" data-id=\"2313\" src=\"https:\/\/www.camping-baden.com\/wp-content\/uploads\/2021\/03\/promenade-a-poney-baden-centre-equestre-800px.webp\" alt=\"Ponyreiten baden reitzentrum px\" class=\"wp-image-2313\" srcset=\"https:\/\/www.camping-baden.com\/wp-content\/uploads\/2021\/03\/promenade-a-poney-baden-centre-equestre-800px.webp 800w, https:\/\/www.camping-baden.com\/wp-content\/uploads\/2021\/03\/promenade-a-poney-baden-centre-equestre-800px-300x200.webp 300w, https:\/\/www.camping-baden.com\/wp-content\/uploads\/2021\/03\/promenade-a-poney-baden-centre-equestre-800px-768x512.webp 768w\" sizes=\"(max-width: 800px) 100vw, 800px\" \/><\/a><figcaption class=\"wp-element-caption\">Ponyreiten auf dem Campingplatz in Baden<\/figcaption><\/figure>\n\n\n\n<figure class=\"wp-block-image size-large\"><a href=\"https:\/\/www.camping-baden.com\/wp-content\/uploads\/2021\/03\/cours-centre-equestre-800px.webp\"><img decoding=\"async\" width=\"800\" height=\"533\" data-id=\"2329\" src=\"https:\/\/www.camping-baden.com\/wp-content\/uploads\/2021\/03\/cours-centre-equestre-800px.webp\" alt=\"Kurs Reitzentrum px\" class=\"wp-image-2329\" srcset=\"https:\/\/www.camping-baden.com\/wp-content\/uploads\/2021\/03\/cours-centre-equestre-800px.webp 800w, https:\/\/www.camping-baden.com\/wp-content\/uploads\/2021\/03\/cours-centre-equestre-800px-300x200.webp 300w, https:\/\/www.camping-baden.com\/wp-content\/uploads\/2021\/03\/cours-centre-equestre-800px-768x512.webp 768w\" sizes=\"(max-width: 800px) 100vw, 800px\" \/><\/a><figcaption class=\"wp-element-caption\">Praktikum w\u00e4hrend der Allerheiligenferien<\/figcaption><\/figure>\n\n\n\n<figure class=\"wp-block-image size-large\"><a href=\"https:\/\/www.camping-baden.com\/wp-content\/uploads\/2024\/09\/2019-restaurant-YV-5.webp\"><img decoding=\"async\" width=\"1000\" height=\"667\" data-id=\"2066\" src=\"https:\/\/www.camping-baden.com\/wp-content\/uploads\/2024\/09\/2019-restaurant-YV-5.webp\" alt=\"Restaurant Baden\" class=\"wp-image-2066\" srcset=\"https:\/\/www.camping-baden.com\/wp-content\/uploads\/2024\/09\/2019-restaurant-YV-5.webp 1000w, https:\/\/www.camping-baden.com\/wp-content\/uploads\/2024\/09\/2019-restaurant-YV-5-300x200.webp 300w, https:\/\/www.camping-baden.com\/wp-content\/uploads\/2024\/09\/2019-restaurant-YV-5-768x512.webp 768w\" sizes=\"(max-width: 1000px) 100vw, 1000px\" \/><\/a><figcaption class=\"wp-element-caption\">Auf der Terrasse des Restaurants, Blick auf den Pool<\/figcaption><\/figure>\n\n\n\n<figure class=\"wp-block-image size-large\"><a href=\"https:\/\/www.camping-baden.com\/wp-content\/uploads\/2020\/03\/crtb-ad4189_BERTHIER-Emmanuel-800px-1.webp\"><img decoding=\"async\" width=\"800\" height=\"533\" data-id=\"2260\" src=\"https:\/\/www.camping-baden.com\/wp-content\/uploads\/2020\/03\/crtb-ad4189_BERTHIER-Emmanuel-800px-1.webp\" alt=\"crtb ad BERTHIER Emmanuel px\" class=\"wp-image-2260\" srcset=\"https:\/\/www.camping-baden.com\/wp-content\/uploads\/2020\/03\/crtb-ad4189_BERTHIER-Emmanuel-800px-1.webp 800w, https:\/\/www.camping-baden.com\/wp-content\/uploads\/2020\/03\/crtb-ad4189_BERTHIER-Emmanuel-800px-1-300x200.webp 300w, https:\/\/www.camping-baden.com\/wp-content\/uploads\/2020\/03\/crtb-ad4189_BERTHIER-Emmanuel-800px-1-768x512.webp 768w\" sizes=\"(max-width: 800px) 100vw, 800px\" \/><\/a><figcaption class=\"wp-element-caption\">Segeln im Golf \u00a9 Emmanuel Berthier<\/figcaption><\/figure>\n\n\n\n<figure class=\"wp-block-image size-large\"><a href=\"https:\/\/www.camping-baden.com\/wp-content\/uploads\/2020\/03\/crtb-ad4197_BERTHIER-Emmanuel-800px-1.webp\"><img decoding=\"async\" width=\"800\" height=\"533\" data-id=\"2256\" src=\"https:\/\/www.camping-baden.com\/wp-content\/uploads\/2020\/03\/crtb-ad4197_BERTHIER-Emmanuel-800px-1.webp\" alt=\"crtb ad BERTHIER Emmanuel px\" class=\"wp-image-2256\" srcset=\"https:\/\/www.camping-baden.com\/wp-content\/uploads\/2020\/03\/crtb-ad4197_BERTHIER-Emmanuel-800px-1.webp 800w, https:\/\/www.camping-baden.com\/wp-content\/uploads\/2020\/03\/crtb-ad4197_BERTHIER-Emmanuel-800px-1-300x200.webp 300w, https:\/\/www.camping-baden.com\/wp-content\/uploads\/2020\/03\/crtb-ad4197_BERTHIER-Emmanuel-800px-1-768x512.webp 768w\" sizes=\"(max-width: 800px) 100vw, 800px\" \/><\/a><figcaption class=\"wp-element-caption\">Paddeln im Golf \u00a9 Emmanuel Berthier<\/figcaption><\/figure>\n\n\n\n<figure class=\"wp-block-image size-large\"><a href=\"https:\/\/www.camping-baden.com\/wp-content\/uploads\/2020\/03\/2022-cataschool-ecole-de-voile-planche-a-voile-800px-min.webp\"><img decoding=\"async\" width=\"800\" height=\"533\" data-id=\"2284\" src=\"https:\/\/www.camping-baden.com\/wp-content\/uploads\/2020\/03\/2022-cataschool-ecole-de-voile-planche-a-voile-800px-min.webp\" alt=\"cataschool Segelschule Windsurfing px min\" class=\"wp-image-2284\" srcset=\"https:\/\/www.camping-baden.com\/wp-content\/uploads\/2020\/03\/2022-cataschool-ecole-de-voile-planche-a-voile-800px-min.webp 800w, https:\/\/www.camping-baden.com\/wp-content\/uploads\/2020\/03\/2022-cataschool-ecole-de-voile-planche-a-voile-800px-min-300x200.webp 300w, https:\/\/www.camping-baden.com\/wp-content\/uploads\/2020\/03\/2022-cataschool-ecole-de-voile-planche-a-voile-800px-min-768x512.webp 768w\" sizes=\"(max-width: 800px) 100vw, 800px\" \/><\/a><figcaption class=\"wp-element-caption\">Windsurfing-Schnupperkurs<\/figcaption><\/figure>\n\n\n\n<figure class=\"wp-block-image size-large\"><a href=\"https:\/\/www.camping-baden.com\/wp-content\/uploads\/2024\/09\/2019-snack-YV-1.webp\"><img decoding=\"async\" width=\"1000\" height=\"667\" data-id=\"2087\" src=\"https:\/\/www.camping-baden.com\/wp-content\/uploads\/2024\/09\/2019-snack-YV-1.webp\" alt=\"Snack YV ()\" class=\"wp-image-2087\" srcset=\"https:\/\/www.camping-baden.com\/wp-content\/uploads\/2024\/09\/2019-snack-YV-1.webp 1000w, https:\/\/www.camping-baden.com\/wp-content\/uploads\/2024\/09\/2019-snack-YV-1-300x200.webp 300w, https:\/\/www.camping-baden.com\/wp-content\/uploads\/2024\/09\/2019-snack-YV-1-768x512.webp 768w\" sizes=\"(max-width: 1000px) 100vw, 1000px\" \/><\/a><figcaption class=\"wp-element-caption\">Dienstleistungen: Snacks und Pizza zum Mitnehmen<\/figcaption><\/figure>\n\n\n\n<figure class=\"wp-block-image size-large\"><a href=\"https:\/\/www.camping-baden.com\/wp-content\/uploads\/2020\/06\/velo_BOURCIER-Simon-800px.webp\"><img decoding=\"async\" width=\"800\" height=\"533\" data-id=\"1429\" src=\"https:\/\/www.camping-baden.com\/wp-content\/uploads\/2020\/06\/velo_BOURCIER-Simon-800px.webp\" alt=\"Fahrrad BOURCIER Simon px\" class=\"wp-image-1429\" srcset=\"https:\/\/www.camping-baden.com\/wp-content\/uploads\/2020\/06\/velo_BOURCIER-Simon-800px.webp 800w, https:\/\/www.camping-baden.com\/wp-content\/uploads\/2020\/06\/velo_BOURCIER-Simon-800px-300x200.webp 300w, https:\/\/www.camping-baden.com\/wp-content\/uploads\/2020\/06\/velo_BOURCIER-Simon-800px-768x512.webp 768w\" sizes=\"(max-width: 800px) 100vw, 800px\" \/><\/a><figcaption class=\"wp-element-caption\">Entdeckung der Region mit dem Fahrrad \u00a9 Simon Bourcier<\/figcaption><\/figure>\n\n\n\n<figure class=\"wp-block-image size-large\"><a href=\"https:\/\/www.camping-baden.com\/wp-content\/uploads\/2020\/01\/spa-sauna-mane-guernehue-800px.webp\"><img decoding=\"async\" width=\"800\" height=\"533\" data-id=\"1285\" src=\"https:\/\/www.camping-baden.com\/wp-content\/uploads\/2020\/01\/spa-sauna-mane-guernehue-800px.webp\" alt=\"Spa Sauna Mane Guernehue Px\" class=\"wp-image-1285\" srcset=\"https:\/\/www.camping-baden.com\/wp-content\/uploads\/2020\/01\/spa-sauna-mane-guernehue-800px.webp 800w, https:\/\/www.camping-baden.com\/wp-content\/uploads\/2020\/01\/spa-sauna-mane-guernehue-800px-300x200.webp 300w, https:\/\/www.camping-baden.com\/wp-content\/uploads\/2020\/01\/spa-sauna-mane-guernehue-800px-768x512.webp 768w\" sizes=\"(max-width: 800px) 100vw, 800px\" \/><\/a><figcaption class=\"wp-element-caption\">Sauna im Spa<\/figcaption><\/figure>\n\n\n\n<figure class=\"wp-block-image size-large\"><a href=\"https:\/\/www.camping-baden.com\/wp-content\/uploads\/2020\/01\/spa-jacuzzi-800px-min.webp\"><img decoding=\"async\" width=\"800\" height=\"533\" data-id=\"1277\" src=\"https:\/\/www.camping-baden.com\/wp-content\/uploads\/2020\/01\/spa-jacuzzi-800px-min.webp\" alt=\"Spa Jacuzzi px min\" class=\"wp-image-1277\" srcset=\"https:\/\/www.camping-baden.com\/wp-content\/uploads\/2020\/01\/spa-jacuzzi-800px-min.webp 800w, https:\/\/www.camping-baden.com\/wp-content\/uploads\/2020\/01\/spa-jacuzzi-800px-min-300x200.webp 300w, https:\/\/www.camping-baden.com\/wp-content\/uploads\/2020\/01\/spa-jacuzzi-800px-min-768x512.webp 768w\" sizes=\"(max-width: 800px) 100vw, 800px\" \/><\/a><figcaption class=\"wp-element-caption\">Entspannung im Spa<\/figcaption><\/figure>\n\n\n\n<figure class=\"wp-block-image size-large\"><a href=\"https:\/\/www.camping-baden.com\/wp-content\/uploads\/2021\/01\/aire-de-jeux-couverte-2-800px.webp\"><img decoding=\"async\" width=\"800\" height=\"533\" data-id=\"2393\" src=\"https:\/\/www.camping-baden.com\/wp-content\/uploads\/2021\/01\/aire-de-jeux-couverte-2-800px.webp\" alt=\"&#xFC;berdachter Spielplatz px\" class=\"wp-image-2393\" srcset=\"https:\/\/www.camping-baden.com\/wp-content\/uploads\/2021\/01\/aire-de-jeux-couverte-2-800px.webp 800w, https:\/\/www.camping-baden.com\/wp-content\/uploads\/2021\/01\/aire-de-jeux-couverte-2-800px-300x200.webp 300w, https:\/\/www.camping-baden.com\/wp-content\/uploads\/2021\/01\/aire-de-jeux-couverte-2-800px-768x512.webp 768w\" sizes=\"(max-width: 800px) 100vw, 800px\" \/><\/a><figcaption class=\"wp-element-caption\">\u00dcberdachter Spielplatz<\/figcaption><\/figure>\n<\/figure>\n<\/div>\n<\/div>\n","protected":false},"excerpt":{"rendered":"<p>Alle Aktivit\u00e4ten und Dienstleistungen sind ab dem 11. April ge\u00f6ffnet: Kostenlose Aktivit\u00e4ten : Aktivit\u00e4ten mit Beteiligung : Dienstleistungen : Zahlreiche Aktivit\u00e4ten im Freien : Wir w\u00fcnschen Ihnen einen sch\u00f6nen Urlaub auf Domaine Man\u00e9 Guernehu\u00e9!<\/p>\n","protected":false},"author":1,"featured_media":13186,"comment_status":"closed","ping_status":"closed","sticky":false,"template":"","format":"standard","meta":{"_acf_changed":false,"footnotes":""},"categories":[206],"tags":[],"sujet":[],"class_list":["post-11751","post","type-post","status-publish","format-standard","has-post-thumbnail","hentry","category-nachrichten"],"acf":[],"yoast_head":"<!-- This site is optimized with the Yoast SEO plugin v25.3 - https:\/\/yoast.com\/wordpress\/plugins\/seo\/ -->\n<title>Er\u00f6ffnung am 11. April 2025<\/title>\n<meta name=\"robots\" content=\"index, follow, max-snippet:-1, max-image-preview:large, max-video-preview:-1\" \/>\n<link rel=\"canonical\" href=\"https:\/\/www.camping-baden.com\/de\/mane-guernehue-campingplatzeroeffnung\/\" \/>\n<meta property=\"og:locale\" content=\"de_DE\" \/>\n<meta property=\"og:type\" content=\"article\" \/>\n<meta property=\"og:title\" content=\"Er\u00f6ffnung am 11. April 2025\" \/>\n<meta property=\"og:description\" content=\"Alle Aktivit\u00e4ten und Dienstleistungen sind ab dem 11. April ge\u00f6ffnet: Kostenlose Aktivit\u00e4ten : Aktivit\u00e4ten mit Beteiligung : Dienstleistungen : Zahlreiche Aktivit\u00e4ten im Freien : Wir w\u00fcnschen Ihnen einen sch\u00f6nen Urlaub auf Domaine Man\u00e9 Guernehu\u00e9!\" \/>\n<meta property=\"og:url\" content=\"https:\/\/www.camping-baden.com\/de\/mane-guernehue-campingplatzeroeffnung\/\" \/>\n<meta property=\"og:site_name\" content=\"Man\u00e9 Guernehu\u00e9\" \/>\n<meta property=\"article:published_time\" content=\"2024-01-09T14:33:00+00:00\" \/>\n<meta property=\"article:modified_time\" content=\"2024-11-11T08:28:14+00:00\" \/>\n<meta property=\"og:image\" content=\"https:\/\/www.camping-baden.com\/wp-content\/uploads\/2024\/01\/2023-parc-aquatique-parc-aqualudique-drone.webp\" \/>\n\t<meta property=\"og:image:width\" content=\"2000\" \/>\n\t<meta property=\"og:image:height\" content=\"1370\" \/>\n\t<meta property=\"og:image:type\" content=\"image\/webp\" \/>\n<meta name=\"author\" content=\"@dmin64\" \/>\n<meta name=\"twitter:card\" content=\"summary_large_image\" \/>\n<meta name=\"twitter:label1\" content=\"Verfasst von\" \/>\n\t<meta name=\"twitter:data1\" content=\"@dmin64\" \/>\n\t<meta name=\"twitter:label2\" content=\"Gesch\u00e4tzte Lesezeit\" \/>\n\t<meta name=\"twitter:data2\" content=\"2\u00a0Minuten\" \/>\n<script type=\"application\/ld+json\" class=\"yoast-schema-graph\">{\"@context\":\"https:\/\/schema.org\",\"@graph\":[{\"@type\":\"Article\",\"@id\":\"https:\/\/www.camping-baden.com\/de\/mane-guernehue-campingplatzeroeffnung\/#article\",\"isPartOf\":{\"@id\":\"https:\/\/www.camping-baden.com\/de\/mane-guernehue-campingplatzeroeffnung\/\"},\"author\":{\"name\":\"@dmin64\",\"@id\":\"https:\/\/www.camping-baden.com\/de\/#\/schema\/person\/c6e510fdea074e9025407c05c7b117ed\"},\"headline\":\"Der Campingplatz Man\u00e9 Guernehu\u00e9 und alle Dienstleistungen sind ab dem 11. April 2025 ge\u00f6ffnet.\",\"datePublished\":\"2024-01-09T14:33:00+00:00\",\"dateModified\":\"2024-11-11T08:28:14+00:00\",\"mainEntityOfPage\":{\"@id\":\"https:\/\/www.camping-baden.com\/de\/mane-guernehue-campingplatzeroeffnung\/\"},\"wordCount\":320,\"publisher\":{\"@id\":\"https:\/\/www.camping-baden.com\/de\/#organization\"},\"image\":{\"@id\":\"https:\/\/www.camping-baden.com\/de\/mane-guernehue-campingplatzeroeffnung\/#primaryimage\"},\"thumbnailUrl\":\"https:\/\/www.camping-baden.com\/wp-content\/uploads\/2024\/01\/2025-camping-mane-guernehue-nouveaux-toboggans-1905px-750px-min.jpg\",\"articleSection\":[\"Nachrichten\"],\"inLanguage\":\"de\"},{\"@type\":\"WebPage\",\"@id\":\"https:\/\/www.camping-baden.com\/de\/mane-guernehue-campingplatzeroeffnung\/\",\"url\":\"https:\/\/www.camping-baden.com\/de\/mane-guernehue-campingplatzeroeffnung\/\",\"name\":\"Er\u00f6ffnung am 11. April 2025\",\"isPartOf\":{\"@id\":\"https:\/\/www.camping-baden.com\/de\/#website\"},\"primaryImageOfPage\":{\"@id\":\"https:\/\/www.camping-baden.com\/de\/mane-guernehue-campingplatzeroeffnung\/#primaryimage\"},\"image\":{\"@id\":\"https:\/\/www.camping-baden.com\/de\/mane-guernehue-campingplatzeroeffnung\/#primaryimage\"},\"thumbnailUrl\":\"https:\/\/www.camping-baden.com\/wp-content\/uploads\/2024\/01\/2025-camping-mane-guernehue-nouveaux-toboggans-1905px-750px-min.jpg\",\"datePublished\":\"2024-01-09T14:33:00+00:00\",\"dateModified\":\"2024-11-11T08:28:14+00:00\",\"breadcrumb\":{\"@id\":\"https:\/\/www.camping-baden.com\/de\/mane-guernehue-campingplatzeroeffnung\/#breadcrumb\"},\"inLanguage\":\"de\",\"potentialAction\":[{\"@type\":\"ReadAction\",\"target\":[\"https:\/\/www.camping-baden.com\/de\/mane-guernehue-campingplatzeroeffnung\/\"]}]},{\"@type\":\"ImageObject\",\"inLanguage\":\"de\",\"@id\":\"https:\/\/www.camping-baden.com\/de\/mane-guernehue-campingplatzeroeffnung\/#primaryimage\",\"url\":\"https:\/\/www.camping-baden.com\/wp-content\/uploads\/2024\/01\/2025-camping-mane-guernehue-nouveaux-toboggans-1905px-750px-min.jpg\",\"contentUrl\":\"https:\/\/www.camping-baden.com\/wp-content\/uploads\/2024\/01\/2025-camping-mane-guernehue-nouveaux-toboggans-1905px-750px-min.jpg\",\"width\":1905,\"height\":750},{\"@type\":\"BreadcrumbList\",\"@id\":\"https:\/\/www.camping-baden.com\/de\/mane-guernehue-campingplatzeroeffnung\/#breadcrumb\",\"itemListElement\":[{\"@type\":\"ListItem\",\"position\":1,\"name\":\"Camping Golfe du Morbihan\",\"item\":\"https:\/\/www.camping-baden.com\/de\/\"},{\"@type\":\"ListItem\",\"position\":2,\"name\":\"Nachrichten\",\"item\":\"https:\/\/www.camping-baden.com\/de\/nachrichten\/\"},{\"@type\":\"ListItem\",\"position\":3,\"name\":\"Der Campingplatz Man\u00e9 Guernehu\u00e9 und alle Dienstleistungen sind ab dem 11. April 2025 ge\u00f6ffnet.\"}]},{\"@type\":\"WebSite\",\"@id\":\"https:\/\/www.camping-baden.com\/de\/#website\",\"url\":\"https:\/\/www.camping-baden.com\/de\/\",\"name\":\"Man\u00e9 Guernehu\u00e9\",\"description\":\"\",\"publisher\":{\"@id\":\"https:\/\/www.camping-baden.com\/de\/#organization\"},\"potentialAction\":[{\"@type\":\"SearchAction\",\"target\":{\"@type\":\"EntryPoint\",\"urlTemplate\":\"https:\/\/www.camping-baden.com\/de\/?s={search_term_string}\"},\"query-input\":{\"@type\":\"PropertyValueSpecification\",\"valueRequired\":true,\"valueName\":\"search_term_string\"}}],\"inLanguage\":\"de\"},{\"@type\":\"Organization\",\"@id\":\"https:\/\/www.camping-baden.com\/de\/#organization\",\"name\":\"Man\u00e9 Guernehu\u00e9\",\"url\":\"https:\/\/www.camping-baden.com\/de\/\",\"logo\":{\"@type\":\"ImageObject\",\"inLanguage\":\"de\",\"@id\":\"https:\/\/www.camping-baden.com\/de\/#\/schema\/logo\/image\/\",\"url\":\"https:\/\/www.camping-baden.com\/wp-content\/uploads\/2024\/08\/logo-camping-mane-guernehue.png\",\"contentUrl\":\"https:\/\/www.camping-baden.com\/wp-content\/uploads\/2024\/08\/logo-camping-mane-guernehue.png\",\"width\":1000,\"height\":450,\"caption\":\"Man\u00e9 Guernehu\u00e9\"},\"image\":{\"@id\":\"https:\/\/www.camping-baden.com\/de\/#\/schema\/logo\/image\/\"}},{\"@type\":\"Person\",\"@id\":\"https:\/\/www.camping-baden.com\/de\/#\/schema\/person\/c6e510fdea074e9025407c05c7b117ed\",\"name\":\"@dmin64\",\"image\":{\"@type\":\"ImageObject\",\"inLanguage\":\"de\",\"@id\":\"https:\/\/www.camping-baden.com\/de\/#\/schema\/person\/image\/\",\"url\":\"https:\/\/secure.gravatar.com\/avatar\/c139ef583a0e65260f6808f5628e6eca9fa8608b06e80bc14d5c39d32af667ca?s=96&d=mm&r=g\",\"contentUrl\":\"https:\/\/secure.gravatar.com\/avatar\/c139ef583a0e65260f6808f5628e6eca9fa8608b06e80bc14d5c39d32af667ca?s=96&d=mm&r=g\",\"caption\":\"@dmin64\"},\"sameAs\":[\"https:\/\/www.camping-baden.com\"]}]}<\/script>\n<!-- \/ Yoast SEO plugin. -->","yoast_head_json":{"title":"Er\u00f6ffnung am 11. April 2025","robots":{"index":"index","follow":"follow","max-snippet":"max-snippet:-1","max-image-preview":"max-image-preview:large","max-video-preview":"max-video-preview:-1"},"canonical":"https:\/\/www.camping-baden.com\/de\/mane-guernehue-campingplatzeroeffnung\/","og_locale":"de_DE","og_type":"article","og_title":"Er\u00f6ffnung am 11. April 2025","og_description":"Alle Aktivit\u00e4ten und Dienstleistungen sind ab dem 11. April ge\u00f6ffnet: Kostenlose Aktivit\u00e4ten : Aktivit\u00e4ten mit Beteiligung : Dienstleistungen : Zahlreiche Aktivit\u00e4ten im Freien : Wir w\u00fcnschen Ihnen einen sch\u00f6nen Urlaub auf Domaine Man\u00e9 Guernehu\u00e9!","og_url":"https:\/\/www.camping-baden.com\/de\/mane-guernehue-campingplatzeroeffnung\/","og_site_name":"Man\u00e9 Guernehu\u00e9","article_published_time":"2024-01-09T14:33:00+00:00","article_modified_time":"2024-11-11T08:28:14+00:00","og_image":[{"width":2000,"height":1370,"url":"https:\/\/www.camping-baden.com\/wp-content\/uploads\/2024\/01\/2023-parc-aquatique-parc-aqualudique-drone.webp","type":"image\/webp"}],"author":"@dmin64","twitter_card":"summary_large_image","twitter_misc":{"Verfasst von":"@dmin64","Gesch\u00e4tzte Lesezeit":"2\u00a0Minuten"},"schema":{"@context":"https:\/\/schema.org","@graph":[{"@type":"Article","@id":"https:\/\/www.camping-baden.com\/de\/mane-guernehue-campingplatzeroeffnung\/#article","isPartOf":{"@id":"https:\/\/www.camping-baden.com\/de\/mane-guernehue-campingplatzeroeffnung\/"},"author":{"name":"@dmin64","@id":"https:\/\/www.camping-baden.com\/de\/#\/schema\/person\/c6e510fdea074e9025407c05c7b117ed"},"headline":"Der Campingplatz Man\u00e9 Guernehu\u00e9 und alle Dienstleistungen sind ab dem 11. April 2025 ge\u00f6ffnet.","datePublished":"2024-01-09T14:33:00+00:00","dateModified":"2024-11-11T08:28:14+00:00","mainEntityOfPage":{"@id":"https:\/\/www.camping-baden.com\/de\/mane-guernehue-campingplatzeroeffnung\/"},"wordCount":320,"publisher":{"@id":"https:\/\/www.camping-baden.com\/de\/#organization"},"image":{"@id":"https:\/\/www.camping-baden.com\/de\/mane-guernehue-campingplatzeroeffnung\/#primaryimage"},"thumbnailUrl":"https:\/\/www.camping-baden.com\/wp-content\/uploads\/2024\/01\/2025-camping-mane-guernehue-nouveaux-toboggans-1905px-750px-min.jpg","articleSection":["Nachrichten"],"inLanguage":"de"},{"@type":"WebPage","@id":"https:\/\/www.camping-baden.com\/de\/mane-guernehue-campingplatzeroeffnung\/","url":"https:\/\/www.camping-baden.com\/de\/mane-guernehue-campingplatzeroeffnung\/","name":"Er\u00f6ffnung am 11. April 2025","isPartOf":{"@id":"https:\/\/www.camping-baden.com\/de\/#website"},"primaryImageOfPage":{"@id":"https:\/\/www.camping-baden.com\/de\/mane-guernehue-campingplatzeroeffnung\/#primaryimage"},"image":{"@id":"https:\/\/www.camping-baden.com\/de\/mane-guernehue-campingplatzeroeffnung\/#primaryimage"},"thumbnailUrl":"https:\/\/www.camping-baden.com\/wp-content\/uploads\/2024\/01\/2025-camping-mane-guernehue-nouveaux-toboggans-1905px-750px-min.jpg","datePublished":"2024-01-09T14:33:00+00:00","dateModified":"2024-11-11T08:28:14+00:00","breadcrumb":{"@id":"https:\/\/www.camping-baden.com\/de\/mane-guernehue-campingplatzeroeffnung\/#breadcrumb"},"inLanguage":"de","potentialAction":[{"@type":"ReadAction","target":["https:\/\/www.camping-baden.com\/de\/mane-guernehue-campingplatzeroeffnung\/"]}]},{"@type":"ImageObject","inLanguage":"de","@id":"https:\/\/www.camping-baden.com\/de\/mane-guernehue-campingplatzeroeffnung\/#primaryimage","url":"https:\/\/www.camping-baden.com\/wp-content\/uploads\/2024\/01\/2025-camping-mane-guernehue-nouveaux-toboggans-1905px-750px-min.jpg","contentUrl":"https:\/\/www.camping-baden.com\/wp-content\/uploads\/2024\/01\/2025-camping-mane-guernehue-nouveaux-toboggans-1905px-750px-min.jpg","width":1905,"height":750},{"@type":"BreadcrumbList","@id":"https:\/\/www.camping-baden.com\/de\/mane-guernehue-campingplatzeroeffnung\/#breadcrumb","itemListElement":[{"@type":"ListItem","position":1,"name":"Camping Golfe du Morbihan","item":"https:\/\/www.camping-baden.com\/de\/"},{"@type":"ListItem","position":2,"name":"Nachrichten","item":"https:\/\/www.camping-baden.com\/de\/nachrichten\/"},{"@type":"ListItem","position":3,"name":"Der Campingplatz Man\u00e9 Guernehu\u00e9 und alle Dienstleistungen sind ab dem 11. April 2025 ge\u00f6ffnet."}]},{"@type":"WebSite","@id":"https:\/\/www.camping-baden.com\/de\/#website","url":"https:\/\/www.camping-baden.com\/de\/","name":"Man\u00e9 Guernehu\u00e9","description":"","publisher":{"@id":"https:\/\/www.camping-baden.com\/de\/#organization"},"potentialAction":[{"@type":"SearchAction","target":{"@type":"EntryPoint","urlTemplate":"https:\/\/www.camping-baden.com\/de\/?s={search_term_string}"},"query-input":{"@type":"PropertyValueSpecification","valueRequired":true,"valueName":"search_term_string"}}],"inLanguage":"de"},{"@type":"Organization","@id":"https:\/\/www.camping-baden.com\/de\/#organization","name":"Man\u00e9 Guernehu\u00e9","url":"https:\/\/www.camping-baden.com\/de\/","logo":{"@type":"ImageObject","inLanguage":"de","@id":"https:\/\/www.camping-baden.com\/de\/#\/schema\/logo\/image\/","url":"https:\/\/www.camping-baden.com\/wp-content\/uploads\/2024\/08\/logo-camping-mane-guernehue.png","contentUrl":"https:\/\/www.camping-baden.com\/wp-content\/uploads\/2024\/08\/logo-camping-mane-guernehue.png","width":1000,"height":450,"caption":"Man\u00e9 Guernehu\u00e9"},"image":{"@id":"https:\/\/www.camping-baden.com\/de\/#\/schema\/logo\/image\/"}},{"@type":"Person","@id":"https:\/\/www.camping-baden.com\/de\/#\/schema\/person\/c6e510fdea074e9025407c05c7b117ed","name":"@dmin64","image":{"@type":"ImageObject","inLanguage":"de","@id":"https:\/\/www.camping-baden.com\/de\/#\/schema\/person\/image\/","url":"https:\/\/secure.gravatar.com\/avatar\/c139ef583a0e65260f6808f5628e6eca9fa8608b06e80bc14d5c39d32af667ca?s=96&d=mm&r=g","contentUrl":"https:\/\/secure.gravatar.com\/avatar\/c139ef583a0e65260f6808f5628e6eca9fa8608b06e80bc14d5c39d32af667ca?s=96&d=mm&r=g","caption":"@dmin64"},"sameAs":["https:\/\/www.camping-baden.com"]}]}},"_links":{"self":[{"href":"https:\/\/www.camping-baden.com\/de\/wp-json\/wp\/v2\/posts\/11751","targetHints":{"allow":["GET"]}}],"collection":[{"href":"https:\/\/www.camping-baden.com\/de\/wp-json\/wp\/v2\/posts"}],"about":[{"href":"https:\/\/www.camping-baden.com\/de\/wp-json\/wp\/v2\/types\/post"}],"author":[{"embeddable":true,"href":"https:\/\/www.camping-baden.com\/de\/wp-json\/wp\/v2\/users\/1"}],"replies":[{"embeddable":true,"href":"https:\/\/www.camping-baden.com\/de\/wp-json\/wp\/v2\/comments?post=11751"}],"version-history":[{"count":3,"href":"https:\/\/www.camping-baden.com\/de\/wp-json\/wp\/v2\/posts\/11751\/revisions"}],"predecessor-version":[{"id":11762,"href":"https:\/\/www.camping-baden.com\/de\/wp-json\/wp\/v2\/posts\/11751\/revisions\/11762"}],"wp:featuredmedia":[{"embeddable":true,"href":"https:\/\/www.camping-baden.com\/de\/wp-json\/wp\/v2\/media\/13186"}],"wp:attachment":[{"href":"https:\/\/www.camping-baden.com\/de\/wp-json\/wp\/v2\/media?parent=11751"}],"wp:term":[{"taxonomy":"category","embeddable":true,"href":"https:\/\/www.camping-baden.com\/de\/wp-json\/wp\/v2\/categories?post=11751"},{"taxonomy":"post_tag","embeddable":true,"href":"https:\/\/www.camping-baden.com\/de\/wp-json\/wp\/v2\/tags?post=11751"},{"taxonomy":"sujet","embeddable":true,"href":"https:\/\/www.camping-baden.com\/de\/wp-json\/wp\/v2\/sujet?post=11751"}],"curies":[{"name":"wp","href":"https:\/\/api.w.org\/{rel}","templated":true}]}}